{"id":7761,"date":"2018-03-09T23:00:55","date_gmt":"2018-03-09T22:00:55","guid":{"rendered":"http:\/\/agora.xtec.cat\/ceiprieraderibes\/?p=7761"},"modified":"2018-03-22T13:36:16","modified_gmt":"2018-03-22T12:36:16","slug":"avui-parlem-de-carta-de-comiat-de-la-joana","status":"publish","type":"post","link":"https:\/\/agora.xtec.cat\/ceiprieraderibes\/una-escola-per-a-tothom-7\/avui-parlem-de-carta-de-comiat-de-la-joana\/","title":{"rendered":"AVUI PARLEM DE &#8230; Carta de Comiat de la Joana"},"content":{"rendered":"<p style=\"text-align: justify;\">Vull comen\u00e7ar amb un pensament de la Roser Farr\u00e0s,\u00a0que diu aix\u00ed:<\/p>\n<p style=\"text-align: justify;\">\u00a0\u00a0\u00a0\u00a0\u00a0\u00a0\u00a0\u00a0\u00a0\u00a0\u00a0 <em>\u201cL\u2019univers ens abra\u00e7a i ens demana confiar en ell i en la vida que ens viu i transcendeix. Avui em sento agra\u00efda i compromesa amb el ser que m\u2019habita i que es manifesta a cada instant\u201d.<\/em><\/p>\n<p style=\"text-align: justify;\">Doncs s\u00ed, em jubilo! I aix\u00f2 vol dir que porto molts anys treballant i que m\u2019he anat fent gran! no vella eh! El pas del temps es inescrutable diuen, i ara em toca \u00a0tancar una etapa de la vida i comen\u00e7ar un altre de diferent, un temps per gaudir i per fer algunes coses que han quedat en el calaix.<\/p>\n<p style=\"text-align: justify;\">\u00a0Aix\u00ed \u00e9s la vida!\u2026., un continu canvi, transformaci\u00f3, diguem-li com vulguem \u00a0per\u00f2 gr\u00e0cies a aix\u00f2 anem aprenent, coneixent\u00a0 i compartint. S\u00f3n moviments que ens fan cr\u00e9ixer i ens ajuden a fer el nostre encaix en el m\u00f3n.<\/p>\n<p style=\"text-align: justify;\">La meva vida professional ha estat sempre fer de mestra i puc dir que em sento agra\u00efda i satisfeta pel que he pogut rebre i he pogut donar.<\/p>\n<p style=\"text-align: justify;\">El \u201cperqu\u00e8\u201d vaig triar aquesta professi\u00f3 i no un altre no ho s\u00e9 ben b\u00e9, per\u00f2 un formador i psicoanalista que vaig tenir fent la formaci\u00f3 de Psicomotricitat, Jose Angel Ribas, \u00a0sempre ens deia que \u00e9s alguna cosa que t\u00e9 a veure amb la pr\u00f2pia hist\u00f2ria de cadasc\u00fa. I crec que segurament \u00e9s aix\u00ed i us explico una mica la meva inf\u00e0ncia:<\/p>\n<p style=\"text-align: justify;\">Durant els primers anys vaig anar a l\u2019escola franquista, era unit\u00e0ria i dividida per sexe, amb una r\u00e0tio de m\u00e9s de 40 alumnes. Una escola que pensava que \u201cla letra con sangre entra\u201d i et pegaven com a c\u00e0stig si no responies all\u00f2 que la mestra esperava, aix\u00ed que vaig tenir dificultats a l\u2019hora d\u2019aprendre a llegir i escriure per un bloqueig emocional. No en vaig poder aprendre fins als 7 anys, edat en la que els meus pares veient \u00a0la dificultat \u00a0ens van canviar d\u2019escola a la meva germana i a mi que an\u00e0vem juntes. Amb aquest canvi ens va canviar la vida, la nova escola era una escola que per l\u2019\u00e8poca trencava esquemes, es deia \u201ccolegio Terman\u201d, on l\u2019educaci\u00f3 es basava en les teories pedag\u00f2giques d\u2019aquest pedagog. Era una escola diferent a on els nens pod\u00edem gaudir cuidant a alguns animals, el jard\u00ed i les plantes, i algunes tasques que ara diem c\u00e0rrecs . Ens f\u00e8iem sentir-nos \u00fatils i part\u00edcips en la vida quotidiana de l\u2019escola. \u00c9rem nens i nenes de barri de la perif\u00e8ria de Barcelona amb pocs recursos en general i vam ser feli\u00e7os. Vam acabar estimant \u00a0tant l\u2019escola que el vincle amb alguns mestres encara perdura. Penso que \u00e9s molt important tenir una inf\u00e0ncia feli\u00e7 per poder tenir una vida adulta plena.<\/p>\n<p style=\"text-align: justify;\">Per sort l\u2019escola en general ha anat canviant i molt, gr\u00e0cies sobretot a l\u2019esfor\u00e7 \u00a0de molts professionals que han volgut anant-se formant per poder innovar i per treballar per la seva per la qualitat de l\u2019educaci\u00f3.<\/p>\n<p style=\"text-align: justify;\">La meva traject\u00f2ria professional tamb\u00e9 ha tingut a veure amb la meva hist\u00f2ria personal \u00a0doncs sempre m\u2019han preocupat\u00a0 les dificultats de l\u2019alumnat \u00a0davant dels aprenentatges (potser perqu\u00e8 les vaig tenir jo, \u00e9s clar) i aix\u00f2 m\u2019ha fet triar un cert cam\u00ed a la vida formant-me per arribar all\u00e0 on jo volia. He treballat molts anys en l\u2019etapa d\u2019infantil i sempre m\u2019he sentit molt a gust\u00a0 per\u00f2 vaig voler fer un postgrau en Educaci\u00f3 Especial i m\u00e9s tard em vaig sentir atreta per la Psicomotricitat, sobretot \u00a0escoltant en algunes xerrades al mestre Bernard Aucouturier, creador de la Pr\u00e0ctica psicomotriu.<\/p>\n<p style=\"text-align: justify;\">Des de l\u2019 \u00e0mbit de l\u2019expressi\u00f3 del moviment corporal i del joc en relaci\u00f3 amb la psicologia evolutiva vaig aprendre que era un altre manera d\u2019 acompanyar a l\u2019infant en les seves necessitats i dificultats .<\/p>\n<p style=\"text-align: justify;\">Vaig comen\u00e7ar a treballar aqu\u00ed a \u00a0Ribes a l\u2019any 1998 i vaig\u00a0 poder viure la partici\u00f3 de l\u2019escola del Pi,\u00a0 que \u00a0va arribar a ser de quatre l\u00ednies i es va fer molt dif\u00edcil la seva gesti\u00f3. Jo que ja portava ja tres cursos al Pi vaig optar per la Riera, quedant aix\u00ed al poble tres escoles (Costarets, el Pi i la Riera). M\u00e9s tard es construiria Les Parellades.<\/p>\n<p style=\"text-align: justify;\">Iniciar un projecte d\u2019escola no va ser gens f\u00e0cil per\u00f2 hi havia un equip fort , amb for\u00e7a voluntat i il\u00b7lusi\u00f3 per fer-ho, tant per part dels mestres com de les fam\u00edlies. Crec que l\u2019escola en el fons \u00e9s vida i com a tal es va movent i es va transformant. Han passat ja uns quants anys i jo he pogut viure molts canvis i el que si que puc assegurar \u00e9s que tots formem \u00a0part d\u2019un esfor\u00e7 com\u00fa per la millora de la qualitat en l\u2019ensenyament : adequant en cada moment l\u2019organitzaci\u00f3 i les maneres de fer a les necessitats i interessos dels infants i aix\u00ed poder anar cap a la personalitzaci\u00f3 dels aprenentatges.<\/p>\n<p style=\"text-align: justify;\">Com ja us deia al principi jo em sento agra\u00efda per tot el que he pogut aprendre durant tots aquests anys, tant dels companys com dels alumnes perqu\u00e8 ells ens ajuden molt als mestres a entendre\u2019ls millor amb les seves pr\u00f2pies estrat\u00e8gies.<\/p>\n<p style=\"text-align: justify;\">Tamb\u00e9 em sento satisfeta perqu\u00e8 he gaudit amb la meva feina. Hi han hagut dies dif\u00edcils i dies millors per\u00f2 veure com van creixent i canviant els infants \u00e9s una feina sovint agra\u00efda.<\/p>\n<p style=\"text-align: justify;\">I finalment vull agrair que s\u2019hagi ent\u00e8s la import\u00e0ncia i la necessitat de la psicomotricitat a l\u2019escola i \u00a0s\u2019hi\u00a0 estigui treballant per la seva continu\u00eftat.<\/p>\n<p style=\"text-align: justify;\">No us vull dir un ad\u00e9u sin\u00f3 un arreveure, vivim en un poble petit i molt bonic on molt segur ens retrobarem!<\/p>\n<p style=\"text-align: justify;\">Joana<\/p>\n\n\t\t<style type=\"text\/css\">\n\t\t\t#gallery-1 {\n\t\t\t\tmargin: auto;\n\t\t\t}\n\t\t\t#gallery-1 .gallery-item {\n\t\t\t\tfloat: left;\n\t\t\t\tmargin-top: 10px;\n\t\t\t\ttext-align: center;\n\t\t\t\twidth: 33%;\n\t\t\t}\n\t\t\t#gallery-1 img {\n\t\t\t\tborder: 2px solid #cfcfcf;\n\t\t\t}\n\t\t\t#gallery-1 .gallery-caption {\n\t\t\t\tmargin-left: 0;\n\t\t\t}\n\t\t\t\/* see gallery_shortcode() in wp-includes\/media.php *\/\n\t\t<\/style>\n\t\t<div id='gallery-1' class='gallery galleryid-7761 gallery-columns-3 gallery-size-medium'><dl class='gallery-item'>\n\t\t\t<dt class='gallery-icon landscape'>\n\t\t\t\t<a href='https:\/\/agora.xtec.cat\/ceiprieraderibes\/una-escola-per-a-tothom-7\/avui-parlem-de-carta-de-comiat-de-la-joana\/attachment\/joana-racons-4\/'><img loading=\"lazy\" decoding=\"async\" width=\"300\" height=\"199\" src=\"https:\/\/agora.xtec.cat\/ceiprieraderibes\/wp-content\/uploads\/usu901\/2018\/03\/JOANA-RACONS-4-300x199.jpg\" class=\"attachment-medium size-medium\" alt=\"\" srcset=\"https:\/\/agora.xtec.cat\/ceiprieraderibes\/wp-content\/uploads\/usu901\/2018\/03\/JOANA-RACONS-4-300x199.jpg 300w, https:\/\/agora.xtec.cat\/ceiprieraderibes\/wp-content\/uploads\/usu901\/2018\/03\/JOANA-RACONS-4-768x511.jpg 768w, https:\/\/agora.xtec.cat\/ceiprieraderibes\/wp-content\/uploads\/usu901\/2018\/03\/JOANA-RACONS-4-1024x681.jpg 1024w\" sizes=\"auto, (max-width: 300px) 100vw, 300px\" \/><\/a>\n\t\t\t<\/dt><\/dl><dl class='gallery-item'>\n\t\t\t<dt class='gallery-icon landscape'>\n\t\t\t\t<a href='https:\/\/agora.xtec.cat\/ceiprieraderibes\/una-escola-per-a-tothom-7\/avui-parlem-de-carta-de-comiat-de-la-joana\/attachment\/imagen-4\/'><img loading=\"lazy\" decoding=\"async\" width=\"300\" height=\"202\" src=\"https:\/\/agora.xtec.cat\/ceiprieraderibes\/wp-content\/uploads\/usu901\/2018\/03\/Imagen-4-300x202.jpg\" class=\"attachment-medium size-medium\" alt=\"\" srcset=\"https:\/\/agora.xtec.cat\/ceiprieraderibes\/wp-content\/uploads\/usu901\/2018\/03\/Imagen-4-300x202.jpg 300w, https:\/\/agora.xtec.cat\/ceiprieraderibes\/wp-content\/uploads\/usu901\/2018\/03\/Imagen-4-768x516.jpg 768w, https:\/\/agora.xtec.cat\/ceiprieraderibes\/wp-content\/uploads\/usu901\/2018\/03\/Imagen-4-1024x688.jpg 1024w, https:\/\/agora.xtec.cat\/ceiprieraderibes\/wp-content\/uploads\/usu901\/2018\/03\/Imagen-4.jpg 1293w\" sizes=\"auto, (max-width: 300px) 100vw, 300px\" \/><\/a>\n\t\t\t<\/dt><\/dl><dl class='gallery-item'>\n\t\t\t<dt class='gallery-icon landscape'>\n\t\t\t\t<a href='https:\/\/agora.xtec.cat\/ceiprieraderibes\/una-escola-per-a-tothom-7\/avui-parlem-de-carta-de-comiat-de-la-joana\/attachment\/foto-psico-joana\/'><img loading=\"lazy\" decoding=\"async\" width=\"300\" height=\"225\" src=\"https:\/\/agora.xtec.cat\/ceiprieraderibes\/wp-content\/uploads\/usu901\/2018\/03\/foto-psico-joana-300x225.jpg\" class=\"attachment-medium size-medium\" alt=\"\" srcset=\"https:\/\/agora.xtec.cat\/ceiprieraderibes\/wp-content\/uploads\/usu901\/2018\/03\/foto-psico-joana-300x225.jpg 300w, https:\/\/agora.xtec.cat\/ceiprieraderibes\/wp-content\/uploads\/usu901\/2018\/03\/foto-psico-joana-768x576.jpg 768w, https:\/\/agora.xtec.cat\/ceiprieraderibes\/wp-content\/uploads\/usu901\/2018\/03\/foto-psico-joana-1024x768.jpg 1024w, https:\/\/agora.xtec.cat\/ceiprieraderibes\/wp-content\/uploads\/usu901\/2018\/03\/foto-psico-joana-200x150.jpg 200w, https:\/\/agora.xtec.cat\/ceiprieraderibes\/wp-content\/uploads\/usu901\/2018\/03\/foto-psico-joana.jpg 2048w\" sizes=\"auto, (max-width: 300px) 100vw, 300px\" \/><\/a>\n\t\t\t<\/dt><\/dl><br style=\"clear: both\" \/><dl class='gallery-item'>\n\t\t\t<dt class='gallery-icon landscape'>\n\t\t\t\t<a href='https:\/\/agora.xtec.cat\/ceiprieraderibes\/una-escola-per-a-tothom-7\/avui-parlem-de-carta-de-comiat-de-la-joana\/attachment\/foto-joana-p3-1\/'><img loading=\"lazy\" decoding=\"async\" width=\"300\" height=\"225\" src=\"https:\/\/agora.xtec.cat\/ceiprieraderibes\/wp-content\/uploads\/usu901\/2018\/03\/FOTO-JOANA-P3-1-300x225.jpg\" class=\"attachment-medium size-medium\" alt=\"\" srcset=\"https:\/\/agora.xtec.cat\/ceiprieraderibes\/wp-content\/uploads\/usu901\/2018\/03\/FOTO-JOANA-P3-1-300x225.jpg 300w, https:\/\/agora.xtec.cat\/ceiprieraderibes\/wp-content\/uploads\/usu901\/2018\/03\/FOTO-JOANA-P3-1-768x576.jpg 768w, https:\/\/agora.xtec.cat\/ceiprieraderibes\/wp-content\/uploads\/usu901\/2018\/03\/FOTO-JOANA-P3-1-1024x768.jpg 1024w, https:\/\/agora.xtec.cat\/ceiprieraderibes\/wp-content\/uploads\/usu901\/2018\/03\/FOTO-JOANA-P3-1-200x150.jpg 200w\" sizes=\"auto, (max-width: 300px) 100vw, 300px\" \/><\/a>\n\t\t\t<\/dt><\/dl><dl class='gallery-item'>\n\t\t\t<dt class='gallery-icon landscape'>\n\t\t\t\t<a href='https:\/\/agora.xtec.cat\/ceiprieraderibes\/una-escola-per-a-tothom-7\/avui-parlem-de-carta-de-comiat-de-la-joana\/attachment\/foto-psico-joana-2\/'><img loading=\"lazy\" decoding=\"async\" width=\"300\" height=\"225\" src=\"https:\/\/agora.xtec.cat\/ceiprieraderibes\/wp-content\/uploads\/usu901\/2018\/03\/foto-psico-joana-2--300x225.jpg\" class=\"attachment-medium size-medium\" alt=\"\" srcset=\"https:\/\/agora.xtec.cat\/ceiprieraderibes\/wp-content\/uploads\/usu901\/2018\/03\/foto-psico-joana-2--300x225.jpg 300w, https:\/\/agora.xtec.cat\/ceiprieraderibes\/wp-content\/uploads\/usu901\/2018\/03\/foto-psico-joana-2--768x576.jpg 768w, https:\/\/agora.xtec.cat\/ceiprieraderibes\/wp-content\/uploads\/usu901\/2018\/03\/foto-psico-joana-2--1024x768.jpg 1024w, https:\/\/agora.xtec.cat\/ceiprieraderibes\/wp-content\/uploads\/usu901\/2018\/03\/foto-psico-joana-2--200x150.jpg 200w, https:\/\/agora.xtec.cat\/ceiprieraderibes\/wp-content\/uploads\/usu901\/2018\/03\/foto-psico-joana-2-.jpg 2048w\" sizes=\"auto, (max-width: 300px) 100vw, 300px\" \/><\/a>\n\t\t\t<\/dt><\/dl>\n\t\t\t<br style='clear: both' \/>\n\t\t<\/div>\n\n","protected":false},"excerpt":{"rendered":"<p>Vull comen\u00e7ar amb un pensament de la Roser Farr\u00e0s,\u00a0que diu aix\u00ed:<br \/>\n\u00a0\u00a0\u00a0\u00a0\u00a0\u00a0\u00a0\u00a0\u00a0\u00a0\u00a0 \u201cL\u2019univers ens abra\u00e7a i ens demana confiar en ell i en la vida que ens viu i transcendeix. Avui em sento agra\u00efda i compromesa amb el ser que m\u2019habita i que es manifesta a&hellip;  <a href=\"https:\/\/agora.xtec.cat\/ceiprieraderibes\/una-escola-per-a-tothom-7\/avui-parlem-de-carta-de-comiat-de-la-joana\/\" title=\"Read AVUI PARLEM DE &#8230; Carta de Comiat de la Joana\">Llegeix m\u00e9s\u00bb<\/a><\/p>\n","protected":false},"author":175,"featured_media":7762,"comment_status":"open","ping_status":"closed","sticky":false,"template":"","format":"standard","meta":{"_bbp_topic_count":0,"_bbp_reply_count":0,"_bbp_total_topic_count":0,"_bbp_total_reply_count":0,"_bbp_voice_count":0,"_bbp_anonymous_reply_count":0,"_bbp_topic_count_hidden":0,"_bbp_reply_count_hidden":0,"_bbp_forum_subforum_count":0,"footnotes":""},"categories":[193],"tags":[],"class_list":["post-7761","post","type-post","status-publish","format-standard","has-post-thumbnail","hentry","category-una-escola-per-a-tothom-7"],"post_mailing_queue_ids":[],"_links":{"self":[{"href":"https:\/\/agora.xtec.cat\/ceiprieraderibes\/wp-json\/wp\/v2\/posts\/7761","targetHints":{"allow":["GET"]}}],"collection":[{"href":"https:\/\/agora.xtec.cat\/ceiprieraderibes\/wp-json\/wp\/v2\/posts"}],"about":[{"href":"https:\/\/agora.xtec.cat\/ceiprieraderibes\/wp-json\/wp\/v2\/types\/post"}],"author":[{"embeddable":true,"href":"https:\/\/agora.xtec.cat\/ceiprieraderibes\/wp-json\/wp\/v2\/users\/175"}],"replies":[{"embeddable":true,"href":"https:\/\/agora.xtec.cat\/ceiprieraderibes\/wp-json\/wp\/v2\/comments?post=7761"}],"version-history":[{"count":2,"href":"https:\/\/agora.xtec.cat\/ceiprieraderibes\/wp-json\/wp\/v2\/posts\/7761\/revisions"}],"predecessor-version":[{"id":7809,"href":"https:\/\/agora.xtec.cat\/ceiprieraderibes\/wp-json\/wp\/v2\/posts\/7761\/revisions\/7809"}],"wp:featuredmedia":[{"embeddable":true,"href":"https:\/\/agora.xtec.cat\/ceiprieraderibes\/wp-json\/wp\/v2\/media\/7762"}],"wp:attachment":[{"href":"https:\/\/agora.xtec.cat\/ceiprieraderibes\/wp-json\/wp\/v2\/media?parent=7761"}],"wp:term":[{"taxonomy":"category","embeddable":true,"href":"https:\/\/agora.xtec.cat\/ceiprieraderibes\/wp-json\/wp\/v2\/categories?post=7761"},{"taxonomy":"post_tag","embeddable":true,"href":"https:\/\/agora.xtec.cat\/ceiprieraderibes\/wp-json\/wp\/v2\/tags?post=7761"}],"curies":[{"name":"wp","href":"https:\/\/api.w.org\/{rel}","templated":true}]}}