{"id":7720,"date":"2018-03-08T12:28:20","date_gmt":"2018-03-08T11:28:20","guid":{"rendered":"http:\/\/agora.xtec.cat\/ceiprieraderibes\/?p=7720"},"modified":"2020-06-30T09:14:08","modified_gmt":"2020-06-30T07:14:08","slug":"espai-ampa","status":"publish","type":"post","link":"https:\/\/agora.xtec.cat\/ceiprieraderibes\/afa\/espai-ampa\/","title":{"rendered":"ESPAI AMPA"},"content":{"rendered":"<p style=\"text-align: justify;\">Hola fam\u00edlies,<\/p>\n<p style=\"text-align: justify;\">Primer de tot volia aprofitar aquest espai per agrair a tothom que ha participat algun cop en una junta de l\u2019AMPA, pel seu inter\u00e8s i disponibilitat. I especialment als de l\u2019actual junta: Taryn, Sergio, Josep, Carlos i Oty.<\/p>\n<p style=\"text-align: justify;\">Jo porto ara 4 anys en dues juntes. Hi van haver uns moments molt complicats, ara ja superats.<\/p>\n<p style=\"text-align: justify;\">Els dos primers anys vaig estar com a vocal responsable del menjador, on vam introduir l\u2019aigua d\u2019osmosi i menjar ecol\u00f2gic al men\u00fa.<\/p>\n<p style=\"text-align: justify;\">Els dos anys seg\u00fcents com a president. Voldria recordar que ho volia ser pel temps imprescindible per deixar l\u2019associaci\u00f3 en una condici\u00f3 de normalitat davant hisenda. \u00a0I per no perdre la gesti\u00f3 del menjador per part nostre (AMPA), amb els ingressos que aix\u00f2 ens suposa.<\/p>\n<p style=\"text-align: justify;\">Aix\u00f2 es va aconseguir pagant unes petites sancions per no presentar uns documents dins els terminis establerts per hisenda als anys 2014 i 2015.<\/p>\n<p style=\"text-align: justify;\">Ara tenim un gestor que ens porta la comptabilitat, les factures (IVA) i l\u2019Impost de Societats. Tot amb una absoluta normalitat.<\/p>\n<p style=\"text-align: justify;\">Amb l\u2019Equip Directiu, comentar que la relaci\u00f3 \u00e9s molt bona, fluida i \u00e0gil. Estem en contacte presencialment en reunions, per tel\u00e8fon o per <em>Whatsapp<\/em>. Cadasc\u00fa en el lloc i paper que li correspon en cada moment.<\/p>\n<p style=\"text-align: justify;\">Per tant, despr\u00e9s de fer aquesta introducci\u00f3, el que vull poder fer i necessito, per un projecte personal, \u00e9s una passa al costat i acompanyar el temps necessari a alg\u00fa que vulgui ser la Presidenta o President de l\u2019AMPA.<\/p>\n<p style=\"text-align: justify;\">Una part de la junta continua, amb la qual cosa no \u00e9s cap dimissi\u00f3 en bloc,\u00a0simplement \u00e9s un canvi de c\u00e0rrecs.<\/p>\n<p style=\"text-align: justify;\">Amb aix\u00f2, <strong>cap a finals d\u2019abril principis de maig<\/strong>, farem una assemblea on haurem de fer efectiu aquest canvi. En cas de que es presenti m\u00e9s d\u2019una candidatura, es farien unes eleccions.<\/p>\n<p style=\"text-align: justify;\">En cas de que no hi hagi la possibilitat de formalitzar un relleu, hem veuria obligat a presentar una dimissi\u00f3 formal, cosa que no voldria, per\u00f2 hauria de fer. Aquesta decisi\u00f3 seria irrevocable.<\/p>\n<p style=\"text-align: justify;\">Esperant que alg\u00fa vulgui ajudar a la nostre escola sent el representat de l\u2019AMPA.<\/p>\n<p style=\"text-align: justify;\">Pel bon funcionament de La Riera, pels nostres fills i filles.<\/p>\n<p style=\"text-align: justify;\">El President de l\u2019AMPA<\/p>\n<p style=\"text-align: justify;\">Kay Vidal<\/p>\n","protected":false},"excerpt":{"rendered":"<p>Hola fam\u00edlies,<br \/>\nPrimer de tot volia aprofitar aquest espai per agrair a tothom que ha participat algun cop en una junta de l\u2019AMPA, pel seu inter\u00e8s i disponibilitat. I especialment als de l\u2019actual junta: Taryn, Sergio, Josep, Carlos i Oty.<br \/>\nJo porto ara 4 anys en dues&hellip;  <a href=\"https:\/\/agora.xtec.cat\/ceiprieraderibes\/afa\/espai-ampa\/\" title=\"Read ESPAI AMPA\">Llegeix m\u00e9s\u00bb<\/a><\/p>\n","protected":false},"author":175,"featured_media":0,"comment_status":"open","ping_status":"closed","sticky":false,"template":"","format":"standard","meta":{"_bbp_topic_count":0,"_bbp_reply_count":0,"_bbp_total_topic_count":0,"_bbp_total_reply_count":0,"_bbp_voice_count":0,"_bbp_anonymous_reply_count":0,"_bbp_topic_count_hidden":0,"_bbp_reply_count_hidden":0,"_bbp_forum_subforum_count":0,"footnotes":""},"categories":[7,193],"tags":[],"class_list":["post-7720","post","type-post","status-publish","format-standard","hentry","category-afa","category-una-escola-per-a-tothom-7"],"post_mailing_queue_ids":[],"_links":{"self":[{"href":"https:\/\/agora.xtec.cat\/ceiprieraderibes\/wp-json\/wp\/v2\/posts\/7720","targetHints":{"allow":["GET"]}}],"collection":[{"href":"https:\/\/agora.xtec.cat\/ceiprieraderibes\/wp-json\/wp\/v2\/posts"}],"about":[{"href":"https:\/\/agora.xtec.cat\/ceiprieraderibes\/wp-json\/wp\/v2\/types\/post"}],"author":[{"embeddable":true,"href":"https:\/\/agora.xtec.cat\/ceiprieraderibes\/wp-json\/wp\/v2\/users\/175"}],"replies":[{"embeddable":true,"href":"https:\/\/agora.xtec.cat\/ceiprieraderibes\/wp-json\/wp\/v2\/comments?post=7720"}],"version-history":[{"count":3,"href":"https:\/\/agora.xtec.cat\/ceiprieraderibes\/wp-json\/wp\/v2\/posts\/7720\/revisions"}],"predecessor-version":[{"id":7805,"href":"https:\/\/agora.xtec.cat\/ceiprieraderibes\/wp-json\/wp\/v2\/posts\/7720\/revisions\/7805"}],"wp:attachment":[{"href":"https:\/\/agora.xtec.cat\/ceiprieraderibes\/wp-json\/wp\/v2\/media?parent=7720"}],"wp:term":[{"taxonomy":"category","embeddable":true,"href":"https:\/\/agora.xtec.cat\/ceiprieraderibes\/wp-json\/wp\/v2\/categories?post=7720"},{"taxonomy":"post_tag","embeddable":true,"href":"https:\/\/agora.xtec.cat\/ceiprieraderibes\/wp-json\/wp\/v2\/tags?post=7720"}],"curies":[{"name":"wp","href":"https:\/\/api.w.org\/{rel}","templated":true}]}}