{"id":7713,"date":"2018-03-08T13:25:59","date_gmt":"2018-03-08T12:25:59","guid":{"rendered":"http:\/\/agora.xtec.cat\/ceiprieraderibes\/?p=7713"},"modified":"2020-06-30T09:15:02","modified_gmt":"2020-06-30T07:15:02","slug":"espai-menjador-2","status":"publish","type":"post","link":"https:\/\/agora.xtec.cat\/ceiprieraderibes\/menjador-jocs-taula\/espai-menjador-2\/","title":{"rendered":"ESPAI MENJADOR"},"content":{"rendered":"<p><strong><u>CARNAVAL:<\/u><\/strong><\/p>\n<p>Vam preparar tallers, manualitats ,m\u00fasica, gimcanes i decoraci\u00f3 del menjador.<\/p>\n<p>La Sara Bello i Noa Sillu\u00e9 de 4t van organitzar una gimcana de carnaval\u00a0 pels nens i nenes de P4 i P5 i les monitores de 4t, 5\u00e8 i 6\u00e8 van preparar una gimcana de rodes: Patins i patinets.<\/p>\n<p>El divendres dia 9 de febrer per dinar vam menjar: \u00a0truites , xat\u00f3 i la merenga \u00a0tot celebrant la xatonada, tamb\u00e9 vam organitzar un ball de m\u00e0scares.<\/p>\n\n\t\t<style type=\"text\/css\">\n\t\t\t#gallery-1 {\n\t\t\t\tmargin: auto;\n\t\t\t}\n\t\t\t#gallery-1 .gallery-item {\n\t\t\t\tfloat: left;\n\t\t\t\tmargin-top: 10px;\n\t\t\t\ttext-align: center;\n\t\t\t\twidth: 50%;\n\t\t\t}\n\t\t\t#gallery-1 img {\n\t\t\t\tborder: 2px solid #cfcfcf;\n\t\t\t}\n\t\t\t#gallery-1 .gallery-caption {\n\t\t\t\tmargin-left: 0;\n\t\t\t}\n\t\t\t\/* see gallery_shortcode() in wp-includes\/media.php *\/\n\t\t<\/style>\n\t\t<div id='gallery-1' class='gallery galleryid-7713 gallery-columns-2 gallery-size-medium'><dl class='gallery-item'>\n\t\t\t<dt class='gallery-icon landscape'>\n\t\t\t\t<a href='https:\/\/agora.xtec.cat\/ceiprieraderibes\/menjador-jocs-taula\/espai-menjador-2\/attachment\/mendador-1\/'><img loading=\"lazy\" decoding=\"async\" width=\"300\" height=\"168\" src=\"https:\/\/agora.xtec.cat\/ceiprieraderibes\/wp-content\/uploads\/usu901\/2018\/03\/mendador-1-300x168.jpg\" class=\"attachment-medium size-medium\" alt=\"\" srcset=\"https:\/\/agora.xtec.cat\/ceiprieraderibes\/wp-content\/uploads\/usu901\/2018\/03\/mendador-1-300x168.jpg 300w, https:\/\/agora.xtec.cat\/ceiprieraderibes\/wp-content\/uploads\/usu901\/2018\/03\/mendador-1-768x431.jpg 768w, https:\/\/agora.xtec.cat\/ceiprieraderibes\/wp-content\/uploads\/usu901\/2018\/03\/mendador-1.jpg 848w\" sizes=\"auto, (max-width: 300px) 100vw, 300px\" \/><\/a>\n\t\t\t<\/dt><\/dl><dl class='gallery-item'>\n\t\t\t<dt class='gallery-icon landscape'>\n\t\t\t\t<a href='https:\/\/agora.xtec.cat\/ceiprieraderibes\/menjador-jocs-taula\/espai-menjador-2\/attachment\/menajdor-2\/'><img loading=\"lazy\" decoding=\"async\" width=\"300\" height=\"225\" src=\"https:\/\/agora.xtec.cat\/ceiprieraderibes\/wp-content\/uploads\/usu901\/2018\/03\/menajdor-2-300x225.jpg\" class=\"attachment-medium size-medium\" alt=\"\" srcset=\"https:\/\/agora.xtec.cat\/ceiprieraderibes\/wp-content\/uploads\/usu901\/2018\/03\/menajdor-2-300x225.jpg 300w, https:\/\/agora.xtec.cat\/ceiprieraderibes\/wp-content\/uploads\/usu901\/2018\/03\/menajdor-2-200x150.jpg 200w, https:\/\/agora.xtec.cat\/ceiprieraderibes\/wp-content\/uploads\/usu901\/2018\/03\/menajdor-2.jpg 739w\" sizes=\"auto, (max-width: 300px) 100vw, 300px\" \/><\/a>\n\t\t\t<\/dt><\/dl><br style=\"clear: both\" \/>\n\t\t<\/div>\n\n<p>El dia 12 de febrer els nens\/es de 3r a 6\u00e8 van sortir \u00a0a les comparses, com sempre amb una bona participaci\u00f3.\u00a0 El curs passat el recorregut va ser una mica curt aquest any vam decidir fer un canvi, sortir de la pla\u00e7a Maria Merc\u00e8 Mar\u00e7al, d\u00b4aquesta manera vam allargar uns 30 minuts m\u00e9s el recorregut.<\/p>\n<p><a href=\"http:\/\/agora.xtec.cat\/ceiprieraderibes\/wp-content\/uploads\/usu901\/2018\/03\/menjador-3.jpg\"><img loading=\"lazy\" decoding=\"async\" class=\"aligncenter wp-image-7717\" src=\"http:\/\/agora.xtec.cat\/ceiprieraderibes\/wp-content\/uploads\/usu901\/2018\/03\/menjador-3.jpg\" alt=\"\" width=\"257\" height=\"342\" \/><\/a><\/p>\n<p>Volem agrair d\u00b4una manera molt especial i sincera l\u00b4Alfons Marquez pare de la Blanca Marquez de 6\u00e8 que durant molts, molts\u00a0 anys ha sigut el nostre banderer. Ens ha comentat que aquest any \u00e9s l\u2019\u00faltim any.<\/p>\n<p>Durant tots aquests \u00a0anys al seu costat ens ho hem passat super b\u00e9, ens ha fet saltar, ballar, c\u00f3rrer&#8230;<\/p>\n<p>Moltes gr\u00e0cies Alfons, visca les comparses!!!<\/p>\n<p>Tamb\u00e9 volem donar les gr\u00e0cies\u00a0a Mart\u00ed Peidr\u00f3 i Pascal Bru ex-alumnes de l\u00b4escola Riera que aquest any van participar en les comparses com banderers.<\/p>\n<p><strong><u>ACTIVITATS DE PATI<\/u><\/strong><\/p>\n<p><strong>PISTA DE FUTBOL:<\/strong><\/p>\n<p>Durant el mesos de de gener i febrer tots els dimecres: \u00a0torneig de Golbol, combinat tres equips, 4t, 5\u00e8 i 6\u00e8 dinamitzaci\u00f3 dels equips, valorant i assolint normes del joc, \u00a0potenciant a l\u00b4hora d\u00b4esbarjo una bona cohesi\u00f3 de grups de diferents edats , tamb\u00e9 els nens\/es de 1r, 2n i 3r \u00a0fan jocs de golbol.<\/p>\n<p><strong>PING PONG:<\/strong><\/p>\n<p>Esport molt demanat pels diferents grups. Joc m\u00e9s individual, per\u00f2 a l\u00b4hora treballem torns, ordre, espai de temps i respecte pels companys.<\/p>\n<p><strong>ACTIVITAS A LA PISTA DE B\u00c0SQUET:<\/strong><\/p>\n<p>A la pista de b\u00e0squet, els nens\/es de P4 a 3r, un dia a la setmana fan racons compartits: construccions, circuits de cotxes, d\u00b4animals, jocs malabars de 4t a 6\u00e8, l\u00b4utilitzen els altres dies per fer-hi jocs de pati diversos: gimcanes, joc de pilotes, hoquei, plats voladors\u2026<\/p>\n<p>&nbsp;<\/p>\n","protected":false},"excerpt":{"rendered":"<p>CARNAVAL:<br \/>\nVam preparar tallers, manualitats ,m\u00fasica, gimcanes i decoraci\u00f3 del menjador.<br \/>\nLa Sara Bello i Noa Sillu\u00e9 de 4t van organitzar una gimcana de carnaval\u00a0 pels nens i nenes de P4 i P5 i les monitores de 4t, 5\u00e8 i 6\u00e8 van preparar una gimcana de rodes:&hellip;  <a href=\"https:\/\/agora.xtec.cat\/ceiprieraderibes\/menjador-jocs-taula\/espai-menjador-2\/\" title=\"Read ESPAI MENJADOR\">Llegeix m\u00e9s\u00bb<\/a><\/p>\n","protected":false},"author":175,"featured_media":7667,"comment_status":"open","ping_status":"closed","sticky":false,"template":"","format":"standard","meta":{"_bbp_topic_count":0,"_bbp_reply_count":0,"_bbp_total_topic_count":0,"_bbp_total_reply_count":0,"_bbp_voice_count":0,"_bbp_anonymous_reply_count":0,"_bbp_topic_count_hidden":0,"_bbp_reply_count_hidden":0,"_bbp_forum_subforum_count":0,"footnotes":""},"categories":[57,193],"tags":[],"class_list":["post-7713","post","type-post","status-publish","format-standard","has-post-thumbnail","hentry","category-menjador-jocs-taula","category-una-escola-per-a-tothom-7"],"post_mailing_queue_ids":[],"_links":{"self":[{"href":"https:\/\/agora.xtec.cat\/ceiprieraderibes\/wp-json\/wp\/v2\/posts\/7713","targetHints":{"allow":["GET"]}}],"collection":[{"href":"https:\/\/agora.xtec.cat\/ceiprieraderibes\/wp-json\/wp\/v2\/posts"}],"about":[{"href":"https:\/\/agora.xtec.cat\/ceiprieraderibes\/wp-json\/wp\/v2\/types\/post"}],"author":[{"embeddable":true,"href":"https:\/\/agora.xtec.cat\/ceiprieraderibes\/wp-json\/wp\/v2\/users\/175"}],"replies":[{"embeddable":true,"href":"https:\/\/agora.xtec.cat\/ceiprieraderibes\/wp-json\/wp\/v2\/comments?post=7713"}],"version-history":[{"count":3,"href":"https:\/\/agora.xtec.cat\/ceiprieraderibes\/wp-json\/wp\/v2\/posts\/7713\/revisions"}],"predecessor-version":[{"id":7810,"href":"https:\/\/agora.xtec.cat\/ceiprieraderibes\/wp-json\/wp\/v2\/posts\/7713\/revisions\/7810"}],"wp:featuredmedia":[{"embeddable":true,"href":"https:\/\/agora.xtec.cat\/ceiprieraderibes\/wp-json\/wp\/v2\/media\/7667"}],"wp:attachment":[{"href":"https:\/\/agora.xtec.cat\/ceiprieraderibes\/wp-json\/wp\/v2\/media?parent=7713"}],"wp:term":[{"taxonomy":"category","embeddable":true,"href":"https:\/\/agora.xtec.cat\/ceiprieraderibes\/wp-json\/wp\/v2\/categories?post=7713"},{"taxonomy":"post_tag","embeddable":true,"href":"https:\/\/agora.xtec.cat\/ceiprieraderibes\/wp-json\/wp\/v2\/tags?post=7713"}],"curies":[{"name":"wp","href":"https:\/\/api.w.org\/{rel}","templated":true}]}}