{"id":7626,"date":"2018-02-15T22:01:04","date_gmt":"2018-02-15T21:01:04","guid":{"rendered":"http:\/\/agora.xtec.cat\/ceiprieraderibes\/?p=7626"},"modified":"2018-02-15T22:02:35","modified_gmt":"2018-02-15T21:02:35","slug":"resultats-de-la-consulta-sobre-la-jornada-continuada","status":"publish","type":"post","link":"https:\/\/agora.xtec.cat\/ceiprieraderibes\/comissio-de-flexibilizacio-de-lhorari-escolar\/resultats-de-la-consulta-sobre-la-jornada-continuada\/","title":{"rendered":"Resultats de la consulta sobre la jornada continuada"},"content":{"rendered":"<p>Aquest mes de gener de 2018 les fam\u00edlies de les escoles del municipi hem pogut participar en la consulta promoguda per l\u2019ajuntament per tal de con\u00e8ixer les prefer\u00e8ncies de les fam\u00edlies entre dues opcions d\u2019horari escolar: la jornada partida actual i la jornada continuada amb horari lectiu de 9 a 14h i horari de menjador de 14 a 16:30h.<\/p>\n<p>Els\u00a0<u>resultats de la consulta<\/u> a la nostra escola es mostren en els gr\u00e0fics seg\u00fcents:<\/p>\n<p><a href=\"http:\/\/agora.xtec.cat\/ceiprieraderibes\/wp-content\/uploads\/usu901\/2018\/02\/1.jpg\"><img loading=\"lazy\" decoding=\"async\" class=\"alignnone size-full wp-image-7627\" src=\"http:\/\/agora.xtec.cat\/ceiprieraderibes\/wp-content\/uploads\/usu901\/2018\/02\/1.jpg\" alt=\"\" width=\"516\" height=\"322\" srcset=\"https:\/\/agora.xtec.cat\/ceiprieraderibes\/wp-content\/uploads\/usu901\/2018\/02\/1.jpg 516w, https:\/\/agora.xtec.cat\/ceiprieraderibes\/wp-content\/uploads\/usu901\/2018\/02\/1-300x187.jpg 300w\" sizes=\"auto, (max-width: 516px) 100vw, 516px\" \/><\/a> <a href=\"http:\/\/agora.xtec.cat\/ceiprieraderibes\/wp-content\/uploads\/usu901\/2018\/02\/2.jpg\"><img loading=\"lazy\" decoding=\"async\" class=\"alignnone size-full wp-image-7628\" src=\"http:\/\/agora.xtec.cat\/ceiprieraderibes\/wp-content\/uploads\/usu901\/2018\/02\/2.jpg\" alt=\"\" width=\"489\" height=\"479\" srcset=\"https:\/\/agora.xtec.cat\/ceiprieraderibes\/wp-content\/uploads\/usu901\/2018\/02\/2.jpg 489w, https:\/\/agora.xtec.cat\/ceiprieraderibes\/wp-content\/uploads\/usu901\/2018\/02\/2-300x294.jpg 300w\" sizes=\"auto, (max-width: 489px) 100vw, 489px\" \/><\/a><\/p>\n<p>En la consulta han participat 213 de les 347 fam\u00edlies de l\u2019escola, el que representa un 61% del total. El resultat ha estat de 171 fam\u00edlies a favor de la jornada continuada i 41 fam\u00edlies a favor de seguir amb la jornada partida. Aix\u00ed, <strong>el 80% de les fam\u00edlies que han participat en la consultaprefereixen l\u2019horari de la jornada continuada davant de l\u2019horari de la jornada partida actual<\/strong>. D\u2019altra banda,1 fam\u00edlia ha indicat que necessita m\u00e9s informaci\u00f3 per poder posicionar-se.<\/p>\n<p>Farem arribar aquesta informaci\u00f3 a l\u2019Ajuntament i continuarem informant de les novetats al respecte.<\/p>\n<p>Des de la comissi\u00f3 de flexibilitzaci\u00f3 de l\u2019horari escolar volem <u>agrair a la comunitat escolar la col\u00b7laboraci\u00f3 demostrada amb aquesta iniciativa<\/u>.<\/p>\n<p><em>Documentaci\u00f3 annexa: enquesta lliurada a les fam\u00edlies per tal que manifestin la seva elecci\u00f3.<\/em><\/p>\n<p><a href=\"http:\/\/agora.xtec.cat\/ceiprieraderibes\/wp-content\/uploads\/usu901\/2018\/02\/Circular-Jornada-continuada-2018_v.def_.doc.docx.pdf\">Circular Jornada continuada 2018_v.def.doc.docx<\/a><\/p>\n","protected":false},"excerpt":{"rendered":"<p>Aquest mes de gener de 2018 les fam\u00edlies de les escoles del municipi hem pogut participar en la consulta promoguda per l\u2019ajuntament per tal de con\u00e8ixer les prefer\u00e8ncies de les fam\u00edlies entre dues opcions d\u2019horari escolar: la jornada partida actual i la jornada continuada amb&hellip;  <a href=\"https:\/\/agora.xtec.cat\/ceiprieraderibes\/comissio-de-flexibilizacio-de-lhorari-escolar\/resultats-de-la-consulta-sobre-la-jornada-continuada\/\" title=\"Read Resultats de la consulta sobre la jornada continuada\">Llegeix m\u00e9s\u00bb<\/a><\/p>\n","protected":false},"author":1,"featured_media":0,"comment_status":"closed","ping_status":"closed","sticky":false,"template":"","format":"standard","meta":{"_bbp_topic_count":0,"_bbp_reply_count":0,"_bbp_total_topic_count":0,"_bbp_total_reply_count":0,"_bbp_voice_count":0,"_bbp_anonymous_reply_count":0,"_bbp_topic_count_hidden":0,"_bbp_reply_count_hidden":0,"_bbp_forum_subforum_count":0,"footnotes":""},"categories":[171],"tags":[],"class_list":["post-7626","post","type-post","status-publish","format-standard","hentry","category-comissio-de-flexibilizacio-de-lhorari-escolar"],"post_mailing_queue_ids":[],"_links":{"self":[{"href":"https:\/\/agora.xtec.cat\/ceiprieraderibes\/wp-json\/wp\/v2\/posts\/7626","targetHints":{"allow":["GET"]}}],"collection":[{"href":"https:\/\/agora.xtec.cat\/ceiprieraderibes\/wp-json\/wp\/v2\/posts"}],"about":[{"href":"https:\/\/agora.xtec.cat\/ceiprieraderibes\/wp-json\/wp\/v2\/types\/post"}],"author":[{"embeddable":true,"href":"https:\/\/agora.xtec.cat\/ceiprieraderibes\/wp-json\/wp\/v2\/users\/1"}],"replies":[{"embeddable":true,"href":"https:\/\/agora.xtec.cat\/ceiprieraderibes\/wp-json\/wp\/v2\/comments?post=7626"}],"version-history":[{"count":2,"href":"https:\/\/agora.xtec.cat\/ceiprieraderibes\/wp-json\/wp\/v2\/posts\/7626\/revisions"}],"predecessor-version":[{"id":7631,"href":"https:\/\/agora.xtec.cat\/ceiprieraderibes\/wp-json\/wp\/v2\/posts\/7626\/revisions\/7631"}],"wp:attachment":[{"href":"https:\/\/agora.xtec.cat\/ceiprieraderibes\/wp-json\/wp\/v2\/media?parent=7626"}],"wp:term":[{"taxonomy":"category","embeddable":true,"href":"https:\/\/agora.xtec.cat\/ceiprieraderibes\/wp-json\/wp\/v2\/categories?post=7626"},{"taxonomy":"post_tag","embeddable":true,"href":"https:\/\/agora.xtec.cat\/ceiprieraderibes\/wp-json\/wp\/v2\/tags?post=7626"}],"curies":[{"name":"wp","href":"https:\/\/api.w.org\/{rel}","templated":true}]}}