{"id":7521,"date":"2020-10-20T20:12:32","date_gmt":"2020-10-20T18:12:32","guid":{"rendered":"http:\/\/agora.xtec.cat\/ceiprieraderibes\/?p=7521"},"modified":"2020-10-28T16:14:52","modified_gmt":"2020-10-28T15:14:52","slug":"documents-dinteres","status":"publish","type":"post","link":"https:\/\/agora.xtec.cat\/ceiprieraderibes\/comissio-de-flexibilizacio-de-lhorari-escolar\/documents-dinteres\/","title":{"rendered":"Documents d&#8217;inter\u00e8s"},"content":{"rendered":"<p>Benvolgudes fam\u00edlies, aqu\u00ed trobareu documents informatius sobre la jornada continuada, els quals esperem siguin aclaridors i d&#8217;utilitat.<\/p>\n<p>&nbsp;<\/p>\n<p><a href=\"http:\/\/agora.xtec.cat\/ceiprieraderibes\/wp-content\/uploads\/usu901\/2017\/12\/Beneficis_Jornada_Continuada.pdf\">Beneficis_Jornada_Continuada<\/a><\/p>\n<p><a href=\"http:\/\/agora.xtec.cat\/ceiprieraderibes\/wp-content\/uploads\/usu901\/2017\/12\/Jornada-Flexible_-Decidim-entre-tots.pdf\">Jornada Flexible_ Decidim entre tots<\/a><\/p>\n<p><a href=\"http:\/\/agora.xtec.cat\/ceiprieraderibes\/wp-content\/uploads\/usu901\/2017\/12\/Jornada_continuada_vs_jornada_partida.ppt.pptx\">Jornada_continuada_vs_jornada_partida.ppt<\/a><\/p>\n<p><a href=\"http:\/\/agora.xtec.cat\/ceiprieraderibes\/wp-content\/uploads\/usu901\/2017\/12\/Tr\u00edptic-informatiu.pdf\">Tr\u00edptic informatiu<\/a><\/p>\n<p><a href=\"https:\/\/agora.xtec.cat\/ceiprieraderibes\/wp-content\/uploads\/usu901\/2017\/12\/preguntes-frequents-jc.pdf\">Preguntes freq\u00fcents\u00a0<\/a><\/p>\n<p><a href=\"https:\/\/agora.xtec.cat\/ceiprieraderibes\/wp-content\/uploads\/usu901\/2017\/12\/beneficios-de-la-jornada-continua1.pdf\">Beneficios de la jornada continuada. Comunidad de Madrid<\/a><\/p>\n<p><a href=\"https:\/\/www.youtube.com\/watch?v=r5bgc2kvfpg&amp;feature=emb_logo\">Video entrevista Escola Pau Vila. Prova pilot de la Jornada Continuada<\/a><\/p>\n","protected":false},"excerpt":{"rendered":"<p>Benvolgudes fam\u00edlies, aqu\u00ed trobareu documents informatius sobre la jornada continuada, els quals esperem siguin aclaridors i d&#8217;utilitat.<br \/>\n&nbsp;<br \/>\n<a href=\"http:\/\/agora.xtec.cat\/ceiprieraderibes\/wp-content\/uploads\/usu901\/2017\/12\/Beneficis_Jornada_Continuada.pdf\">Beneficis_Jornada_Continuada<\/a><br \/>\n<a href=\"http:\/\/agora.xtec.cat\/ceiprieraderibes\/wp-content\/uploads\/usu901\/2017\/12\/Jornada-Flexible_-Decidim-entre-tots.pdf\">Jornada Flexible_ Decidim entre tots<\/a><br \/>\n<a href=\"http:\/\/agora.xtec.cat\/ceiprieraderibes\/wp-content\/uploads\/usu901\/2017\/12\/Jornada_continuada_vs_jornada_partida.ppt.pptx\">Jornada_continuada_vs_jornada_partida.ppt<\/a><br \/>\n<a href=\"http:\/\/agora.xtec.cat\/ceiprieraderibes\/wp-content\/uploads\/usu901\/2017\/12\/Tr\u00edptic-informatiu.pdf\">Tr\u00edptic informatiu<\/a><br \/>\n<a href=\"https:\/\/agora.xtec.cat\/ceiprieraderibes\/wp-content\/uploads\/usu901\/2017\/12\/preguntes-frequents-jc.pdf\">Preguntes freq\u00fcents\u00a0<\/a><br \/>\n<a href=\"https:\/\/agora.xtec.cat\/ceiprieraderibes\/wp-content\/uploads\/usu901\/2017\/12\/beneficios-de-la-jornada-continua1.pdf\">Beneficios de la jornada continuada. Comunidad de Madrid<\/a><br \/>\n<a href=\"https:\/\/www.youtube.com\/watch?v=r5bgc2kvfpg&amp;feature=emb_logo\">Video entrevista Escola Pau Vila. Prova pilot de la&hellip;  <a href=\"https:\/\/agora.xtec.cat\/ceiprieraderibes\/comissio-de-flexibilizacio-de-lhorari-escolar\/documents-dinteres\/\" title=\"Read Documents d&#8217;inter\u00e8s\">Llegeix m\u00e9s\u00bb<\/a><\/p>\n","protected":false},"author":1,"featured_media":0,"comment_status":"open","ping_status":"closed","sticky":false,"template":"","format":"standard","meta":{"_bbp_topic_count":0,"_bbp_reply_count":0,"_bbp_total_topic_count":0,"_bbp_total_reply_count":0,"_bbp_voice_count":0,"_bbp_anonymous_reply_count":0,"_bbp_topic_count_hidden":0,"_bbp_reply_count_hidden":0,"_bbp_forum_subforum_count":0,"footnotes":""},"categories":[171],"tags":[],"class_list":["post-7521","post","type-post","status-publish","format-standard","hentry","category-comissio-de-flexibilizacio-de-lhorari-escolar"],"post_mailing_queue_ids":[],"_links":{"self":[{"href":"https:\/\/agora.xtec.cat\/ceiprieraderibes\/wp-json\/wp\/v2\/posts\/7521","targetHints":{"allow":["GET"]}}],"collection":[{"href":"https:\/\/agora.xtec.cat\/ceiprieraderibes\/wp-json\/wp\/v2\/posts"}],"about":[{"href":"https:\/\/agora.xtec.cat\/ceiprieraderibes\/wp-json\/wp\/v2\/types\/post"}],"author":[{"embeddable":true,"href":"https:\/\/agora.xtec.cat\/ceiprieraderibes\/wp-json\/wp\/v2\/users\/1"}],"replies":[{"embeddable":true,"href":"https:\/\/agora.xtec.cat\/ceiprieraderibes\/wp-json\/wp\/v2\/comments?post=7521"}],"version-history":[{"count":3,"href":"https:\/\/agora.xtec.cat\/ceiprieraderibes\/wp-json\/wp\/v2\/posts\/7521\/revisions"}],"predecessor-version":[{"id":10708,"href":"https:\/\/agora.xtec.cat\/ceiprieraderibes\/wp-json\/wp\/v2\/posts\/7521\/revisions\/10708"}],"wp:attachment":[{"href":"https:\/\/agora.xtec.cat\/ceiprieraderibes\/wp-json\/wp\/v2\/media?parent=7521"}],"wp:term":[{"taxonomy":"category","embeddable":true,"href":"https:\/\/agora.xtec.cat\/ceiprieraderibes\/wp-json\/wp\/v2\/categories?post=7521"},{"taxonomy":"post_tag","embeddable":true,"href":"https:\/\/agora.xtec.cat\/ceiprieraderibes\/wp-json\/wp\/v2\/tags?post=7521"}],"curies":[{"name":"wp","href":"https:\/\/api.w.org\/{rel}","templated":true}]}}