{"id":7414,"date":"2017-12-12T22:00:33","date_gmt":"2017-12-12T21:00:33","guid":{"rendered":"http:\/\/agora.xtec.cat\/ceiprieraderibes\/?p=7414"},"modified":"2020-06-30T09:13:04","modified_gmt":"2020-06-30T07:13:04","slug":"avui-parlem-de-ja-vaig-a-lescola-dels-grans","status":"publish","type":"post","link":"https:\/\/agora.xtec.cat\/ceiprieraderibes\/generacio-2014\/avui-parlem-de-ja-vaig-a-lescola-dels-grans\/","title":{"rendered":"AVUI PARLEM DE &#8230; Ja vaig a l&#8217;escola dels grans!!"},"content":{"rendered":"<p style=\"text-align: justify;\"><span style=\"font-weight: 400;\">L\u2019inici d\u2019escola sempre il\u00b7lusiona per\u00f2 alhora fa respecte. Pels nens i nenes de P3, venir a l\u2019escola dels \u201cnens grans\u201d \u00e9s emocionant. \u00c9s un moment molt esperat per\u00f2 tamb\u00e9 desconcertant. Han de con\u00e8ixer noves persones de refer\u00e8ncia a qui han de donar sentit i afectivitat, i han d\u2019acostumar-se a noves rutines i a nous espais. Tot plegat no \u00e9s f\u00e0cil. <\/span><\/p>\n<p style=\"text-align: justify;\"><span style=\"font-weight: 400;\">Per\u00f2 no nom\u00e9s pels nens i nenes \u00e9s complicat, sin\u00f3 tamb\u00e9 per les fam\u00edlies. Pares, mares i mestres han d\u2019iniciar la construcci\u00f3 de nous vincles de confian\u00e7a amb els mestres dels seus fills i han de comen\u00e7ar a con\u00e8ixer i a viure de primera m\u00e0 el Projecte Pedag\u00f2gic de la Riera. \u00c9s probable que la intensitat en qu\u00e8 es viu tot aquest proc\u00e9s no deixi adonar-se de l\u2019 import\u00e0ncia que t\u00e9 \u00a0viure b\u00e9 tot aquest moment. <\/span><\/p>\n<p style=\"text-align: justify;\"><span style=\"font-weight: 400;\">I no nom\u00e9s \u00e9s complicat pels nens i les fam\u00edlies, sin\u00f3 que tamb\u00e9 \u00e9s pels mestres un per\u00edode d&#8217;adaptaci\u00f3\u00a0per con\u00e8ixer cada fam\u00edlia, cada infant i les seves peculiaritats. La nostra tasca consisteix en orientar a les fam\u00edlies perqu\u00e8 la separaci\u00f3 es visqui el menys angoixant possible. Una bona acollida \u00e9s primordial perqu\u00e8 el proc\u00e9s d&#8217;adaptaci\u00f3 vagi progressant de manera exitosa. \u00a0<\/span><\/p>\n\n\t\t<style type=\"text\/css\">\n\t\t\t#gallery-1 {\n\t\t\t\tmargin: auto;\n\t\t\t}\n\t\t\t#gallery-1 .gallery-item {\n\t\t\t\tfloat: left;\n\t\t\t\tmargin-top: 10px;\n\t\t\t\ttext-align: center;\n\t\t\t\twidth: 50%;\n\t\t\t}\n\t\t\t#gallery-1 img {\n\t\t\t\tborder: 2px solid #cfcfcf;\n\t\t\t}\n\t\t\t#gallery-1 .gallery-caption {\n\t\t\t\tmargin-left: 0;\n\t\t\t}\n\t\t\t\/* see gallery_shortcode() in wp-includes\/media.php *\/\n\t\t<\/style>\n\t\t<div id='gallery-1' class='gallery galleryid-7414 gallery-columns-2 gallery-size-medium'><dl class='gallery-item'>\n\t\t\t<dt class='gallery-icon landscape'>\n\t\t\t\t<a href='https:\/\/agora.xtec.cat\/ceiprieraderibes\/generacio-2014\/avui-parlem-de-ja-vaig-a-lescola-dels-grans\/attachment\/p31\/'><img loading=\"lazy\" decoding=\"async\" width=\"300\" height=\"225\" src=\"https:\/\/agora.xtec.cat\/ceiprieraderibes\/wp-content\/uploads\/usu901\/2017\/12\/p31-300x225.jpg\" class=\"attachment-medium size-medium\" alt=\"\" srcset=\"https:\/\/agora.xtec.cat\/ceiprieraderibes\/wp-content\/uploads\/usu901\/2017\/12\/p31-300x225.jpg 300w, https:\/\/agora.xtec.cat\/ceiprieraderibes\/wp-content\/uploads\/usu901\/2017\/12\/p31-200x150.jpg 200w, https:\/\/agora.xtec.cat\/ceiprieraderibes\/wp-content\/uploads\/usu901\/2017\/12\/p31.jpg 563w\" sizes=\"auto, (max-width: 300px) 100vw, 300px\" \/><\/a>\n\t\t\t<\/dt><\/dl><dl class='gallery-item'>\n\t\t\t<dt class='gallery-icon landscape'>\n\t\t\t\t<a href='https:\/\/agora.xtec.cat\/ceiprieraderibes\/generacio-2014\/avui-parlem-de-ja-vaig-a-lescola-dels-grans\/attachment\/p32\/'><img loading=\"lazy\" decoding=\"async\" width=\"300\" height=\"222\" src=\"https:\/\/agora.xtec.cat\/ceiprieraderibes\/wp-content\/uploads\/usu901\/2017\/12\/p32-300x222.jpg\" class=\"attachment-medium size-medium\" alt=\"\" srcset=\"https:\/\/agora.xtec.cat\/ceiprieraderibes\/wp-content\/uploads\/usu901\/2017\/12\/p32-300x222.jpg 300w, https:\/\/agora.xtec.cat\/ceiprieraderibes\/wp-content\/uploads\/usu901\/2017\/12\/p32.jpg 566w\" sizes=\"auto, (max-width: 300px) 100vw, 300px\" \/><\/a>\n\t\t\t<\/dt><\/dl><br style=\"clear: both\" \/>\n\t\t<\/div>\n\n","protected":false},"excerpt":{"rendered":"<p>L\u2019inici d\u2019escola sempre il\u00b7lusiona per\u00f2 alhora fa respecte. Pels nens i nenes de P3, venir a l\u2019escola dels \u201cnens grans\u201d \u00e9s emocionant. \u00c9s un moment molt esperat per\u00f2 tamb\u00e9 desconcertant. Han de con\u00e8ixer noves persones de refer\u00e8ncia a qui han de donar sentit i afectivitat,&hellip;  <a href=\"https:\/\/agora.xtec.cat\/ceiprieraderibes\/generacio-2014\/avui-parlem-de-ja-vaig-a-lescola-dels-grans\/\" title=\"Read AVUI PARLEM DE &#8230; Ja vaig a l&#8217;escola dels grans!!\">Llegeix m\u00e9s\u00bb<\/a><\/p>\n","protected":false},"author":175,"featured_media":7416,"comment_status":"open","ping_status":"closed","sticky":false,"template":"","format":"standard","meta":{"_bbp_topic_count":0,"_bbp_reply_count":0,"_bbp_total_topic_count":0,"_bbp_total_reply_count":0,"_bbp_voice_count":0,"_bbp_anonymous_reply_count":0,"_bbp_topic_count_hidden":0,"_bbp_reply_count_hidden":0,"_bbp_forum_subforum_count":0,"footnotes":""},"categories":[177,190],"tags":[],"class_list":["post-7414","post","type-post","status-publish","format-standard","has-post-thumbnail","hentry","category-generacio-2014","category-una-escola-per-a-tothom-6"],"post_mailing_queue_ids":[],"_links":{"self":[{"href":"https:\/\/agora.xtec.cat\/ceiprieraderibes\/wp-json\/wp\/v2\/posts\/7414","targetHints":{"allow":["GET"]}}],"collection":[{"href":"https:\/\/agora.xtec.cat\/ceiprieraderibes\/wp-json\/wp\/v2\/posts"}],"about":[{"href":"https:\/\/agora.xtec.cat\/ceiprieraderibes\/wp-json\/wp\/v2\/types\/post"}],"author":[{"embeddable":true,"href":"https:\/\/agora.xtec.cat\/ceiprieraderibes\/wp-json\/wp\/v2\/users\/175"}],"replies":[{"embeddable":true,"href":"https:\/\/agora.xtec.cat\/ceiprieraderibes\/wp-json\/wp\/v2\/comments?post=7414"}],"version-history":[{"count":3,"href":"https:\/\/agora.xtec.cat\/ceiprieraderibes\/wp-json\/wp\/v2\/posts\/7414\/revisions"}],"predecessor-version":[{"id":7419,"href":"https:\/\/agora.xtec.cat\/ceiprieraderibes\/wp-json\/wp\/v2\/posts\/7414\/revisions\/7419"}],"wp:featuredmedia":[{"embeddable":true,"href":"https:\/\/agora.xtec.cat\/ceiprieraderibes\/wp-json\/wp\/v2\/media\/7416"}],"wp:attachment":[{"href":"https:\/\/agora.xtec.cat\/ceiprieraderibes\/wp-json\/wp\/v2\/media?parent=7414"}],"wp:term":[{"taxonomy":"category","embeddable":true,"href":"https:\/\/agora.xtec.cat\/ceiprieraderibes\/wp-json\/wp\/v2\/categories?post=7414"},{"taxonomy":"post_tag","embeddable":true,"href":"https:\/\/agora.xtec.cat\/ceiprieraderibes\/wp-json\/wp\/v2\/tags?post=7414"}],"curies":[{"name":"wp","href":"https:\/\/api.w.org\/{rel}","templated":true}]}}