{"id":7394,"date":"2017-12-07T22:56:52","date_gmt":"2017-12-07T21:56:52","guid":{"rendered":"http:\/\/agora.xtec.cat\/ceiprieraderibes\/?p=7394"},"modified":"2020-06-30T08:56:20","modified_gmt":"2020-06-30T06:56:20","slug":"una-escola-que-millora-es-una-escola-que-apren-com-funciona-el-segon-cicle","status":"publish","type":"post","link":"https:\/\/agora.xtec.cat\/ceiprieraderibes\/generacio-2008\/una-escola-que-millora-es-una-escola-que-apren-com-funciona-el-segon-cicle\/","title":{"rendered":"UNA ESCOLA QUE MILLORA \u00c9S UNA ESCOLA QUE APR\u00c8N \u2026 Com funciona el Segon Cicle?"},"content":{"rendered":"<p style=\"text-align: justify;\"><span style=\"font-weight: 400;\">El Segon Cicle \u00e9s un espai per compartir els de quart, cinqu\u00e8, sis\u00e8. Tots nosaltres convivim al pis de dalt fent que tothom se senti a gust en l\u2019aprendre. El grup de refer\u00e8ncia \u00e9s el de les cinquanta persones de la mateixa edat. En moltes ocasions treballem en edats barrejades i aprofitem la difer\u00e8ncia dels pensaments variats. La intenci\u00f3 de l&#8217;escola \u00e9s que aprofitem aquesta riquesa i poder treballar junts perqu\u00e8 tots tenim coses a ensenyar.\u00a0<\/span><\/p>\n<p style=\"text-align: justify;\"><span style=\"font-weight: 400;\">Aquesta intenci\u00f3 es desenvolupa en diferents organitzacions: rodes de preguntes, grups de lectura, espais de comunicaci\u00f3, dins\/fora, cantata, Cant\u00e0nia, musical en angl\u00e8s, projectes de servei, etc. Ho fem per edats i cada cop m\u00e9s en edats barrejades. Quan treballem junts aprenem perqu\u00e8 ens ajudem des de la cooperaci\u00f3 i l&#8217;empatia. Aquesta organitzaci\u00f3 es basa en la confian\u00e7a i l&#8217;autocontrol, des de la responsabilitat de cadasc\u00fa. Tothom ha de con\u00e8ixer \u00a0qu\u00e8 sap i \u00a0qu\u00e8 no sap per fer els ajustos necessaris per la millora. El paper dels mestres i els experts \u00e9s fonamental, intervenint en els nostres processos d&#8217;aprendre.<\/span><\/p>\n<p>Aprenem a dins i a fora de l&#8217;escola i entenem com funciona tot el que cal aprendre per la vida.<\/p>\n<p>En una frase, el segon cicle \u00e9s aconseguir un prop\u00f2sit com\u00fa i per cadasc\u00fa en l&#8217;aprendre.<\/p>\n\n\t\t<style type=\"text\/css\">\n\t\t\t#gallery-1 {\n\t\t\t\tmargin: auto;\n\t\t\t}\n\t\t\t#gallery-1 .gallery-item {\n\t\t\t\tfloat: left;\n\t\t\t\tmargin-top: 10px;\n\t\t\t\ttext-align: center;\n\t\t\t\twidth: 33%;\n\t\t\t}\n\t\t\t#gallery-1 img {\n\t\t\t\tborder: 2px solid #cfcfcf;\n\t\t\t}\n\t\t\t#gallery-1 .gallery-caption {\n\t\t\t\tmargin-left: 0;\n\t\t\t}\n\t\t\t\/* see gallery_shortcode() in wp-includes\/media.php *\/\n\t\t<\/style>\n\t\t<div id='gallery-1' class='gallery galleryid-7394 gallery-columns-3 gallery-size-full'><dl class='gallery-item'>\n\t\t\t<dt class='gallery-icon landscape'>\n\t\t\t\t<a href='https:\/\/agora.xtec.cat\/ceiprieraderibes\/generacio-2008\/una-escola-que-millora-es-una-escola-que-apren-com-funciona-el-segon-cicle\/attachment\/full-3\/'><img loading=\"lazy\" decoding=\"async\" width=\"953\" height=\"645\" src=\"https:\/\/agora.xtec.cat\/ceiprieraderibes\/wp-content\/uploads\/usu901\/2017\/12\/full-3.jpg\" class=\"attachment-full size-full\" alt=\"\" srcset=\"https:\/\/agora.xtec.cat\/ceiprieraderibes\/wp-content\/uploads\/usu901\/2017\/12\/full-3.jpg 953w, https:\/\/agora.xtec.cat\/ceiprieraderibes\/wp-content\/uploads\/usu901\/2017\/12\/full-3-300x203.jpg 300w, https:\/\/agora.xtec.cat\/ceiprieraderibes\/wp-content\/uploads\/usu901\/2017\/12\/full-3-768x520.jpg 768w\" sizes=\"auto, (max-width: 953px) 100vw, 953px\" \/><\/a>\n\t\t\t<\/dt><\/dl><dl class='gallery-item'>\n\t\t\t<dt class='gallery-icon landscape'>\n\t\t\t\t<a href='https:\/\/agora.xtec.cat\/ceiprieraderibes\/generacio-2008\/una-escola-que-millora-es-una-escola-que-apren-com-funciona-el-segon-cicle\/attachment\/full-2\/'><img loading=\"lazy\" decoding=\"async\" width=\"402\" height=\"270\" src=\"https:\/\/agora.xtec.cat\/ceiprieraderibes\/wp-content\/uploads\/usu901\/2017\/12\/full-2.jpg\" class=\"attachment-full size-full\" alt=\"\" srcset=\"https:\/\/agora.xtec.cat\/ceiprieraderibes\/wp-content\/uploads\/usu901\/2017\/12\/full-2.jpg 402w, https:\/\/agora.xtec.cat\/ceiprieraderibes\/wp-content\/uploads\/usu901\/2017\/12\/full-2-300x201.jpg 300w\" sizes=\"auto, (max-width: 402px) 100vw, 402px\" \/><\/a>\n\t\t\t<\/dt><\/dl><dl class='gallery-item'>\n\t\t\t<dt class='gallery-icon landscape'>\n\t\t\t\t<a href='https:\/\/agora.xtec.cat\/ceiprieraderibes\/generacio-2008\/una-escola-que-millora-es-una-escola-que-apren-com-funciona-el-segon-cicle\/attachment\/full-1\/'><img loading=\"lazy\" decoding=\"async\" width=\"560\" height=\"484\" src=\"https:\/\/agora.xtec.cat\/ceiprieraderibes\/wp-content\/uploads\/usu901\/2017\/12\/full-1.jpg\" class=\"attachment-full size-full\" alt=\"\" srcset=\"https:\/\/agora.xtec.cat\/ceiprieraderibes\/wp-content\/uploads\/usu901\/2017\/12\/full-1.jpg 560w, https:\/\/agora.xtec.cat\/ceiprieraderibes\/wp-content\/uploads\/usu901\/2017\/12\/full-1-300x259.jpg 300w\" sizes=\"auto, (max-width: 560px) 100vw, 560px\" \/><\/a>\n\t\t\t<\/dt><\/dl><br style=\"clear: both\" \/>\n\t\t<\/div>\n\n<p style=\"text-align: center;\"><a href=\"http:\/\/agora.xtec.cat\/ceiprieraderibes\/wp-content\/uploads\/usu901\/2017\/12\/full-3.jpg\"><span style=\"font-weight: 400;\">Fem visibles les nostres maneres de calcular i les contrastem amb les dels altres.<\/span> <span style=\"font-weight: 400;\">Aprenem dels altres i amb els altres<\/span><\/a>.<\/p>\n<p>&nbsp;<\/p>\n","protected":false},"excerpt":{"rendered":"<p>El Segon Cicle \u00e9s un espai per compartir els de quart, cinqu\u00e8, sis\u00e8. Tots nosaltres convivim al pis de dalt fent que tothom se senti a gust en l\u2019aprendre. El grup de refer\u00e8ncia \u00e9s el de les cinquanta persones de la mateixa edat. En moltes&hellip;  <a href=\"https:\/\/agora.xtec.cat\/ceiprieraderibes\/generacio-2008\/una-escola-que-millora-es-una-escola-que-apren-com-funciona-el-segon-cicle\/\" title=\"Read UNA ESCOLA QUE MILLORA \u00c9S UNA ESCOLA QUE APR\u00c8N \u2026 Com funciona el Segon Cicle?\">Llegeix m\u00e9s\u00bb<\/a><\/p>\n","protected":false},"author":175,"featured_media":7396,"comment_status":"open","ping_status":"closed","sticky":false,"template":"","format":"standard","meta":{"_bbp_topic_count":0,"_bbp_reply_count":0,"_bbp_total_topic_count":0,"_bbp_total_reply_count":0,"_bbp_voice_count":0,"_bbp_anonymous_reply_count":0,"_bbp_topic_count_hidden":0,"_bbp_reply_count_hidden":0,"_bbp_forum_subforum_count":0,"footnotes":""},"categories":[53,52,51,190],"tags":[],"class_list":["post-7394","post","type-post","status-publish","format-standard","has-post-thumbnail","hentry","category-generacio-2006","category-generacio-2007","category-generacio-2008","category-una-escola-per-a-tothom-6"],"post_mailing_queue_ids":[],"_links":{"self":[{"href":"https:\/\/agora.xtec.cat\/ceiprieraderibes\/wp-json\/wp\/v2\/posts\/7394","targetHints":{"allow":["GET"]}}],"collection":[{"href":"https:\/\/agora.xtec.cat\/ceiprieraderibes\/wp-json\/wp\/v2\/posts"}],"about":[{"href":"https:\/\/agora.xtec.cat\/ceiprieraderibes\/wp-json\/wp\/v2\/types\/post"}],"author":[{"embeddable":true,"href":"https:\/\/agora.xtec.cat\/ceiprieraderibes\/wp-json\/wp\/v2\/users\/175"}],"replies":[{"embeddable":true,"href":"https:\/\/agora.xtec.cat\/ceiprieraderibes\/wp-json\/wp\/v2\/comments?post=7394"}],"version-history":[{"count":3,"href":"https:\/\/agora.xtec.cat\/ceiprieraderibes\/wp-json\/wp\/v2\/posts\/7394\/revisions"}],"predecessor-version":[{"id":7732,"href":"https:\/\/agora.xtec.cat\/ceiprieraderibes\/wp-json\/wp\/v2\/posts\/7394\/revisions\/7732"}],"wp:featuredmedia":[{"embeddable":true,"href":"https:\/\/agora.xtec.cat\/ceiprieraderibes\/wp-json\/wp\/v2\/media\/7396"}],"wp:attachment":[{"href":"https:\/\/agora.xtec.cat\/ceiprieraderibes\/wp-json\/wp\/v2\/media?parent=7394"}],"wp:term":[{"taxonomy":"category","embeddable":true,"href":"https:\/\/agora.xtec.cat\/ceiprieraderibes\/wp-json\/wp\/v2\/categories?post=7394"},{"taxonomy":"post_tag","embeddable":true,"href":"https:\/\/agora.xtec.cat\/ceiprieraderibes\/wp-json\/wp\/v2\/tags?post=7394"}],"curies":[{"name":"wp","href":"https:\/\/api.w.org\/{rel}","templated":true}]}}