{"id":7388,"date":"2017-12-12T21:55:50","date_gmt":"2017-12-12T20:55:50","guid":{"rendered":"http:\/\/agora.xtec.cat\/ceiprieraderibes\/?p=7388"},"modified":"2020-06-30T09:09:35","modified_gmt":"2020-06-30T07:09:35","slug":"espai-ampa-1r-trimestre","status":"publish","type":"post","link":"https:\/\/agora.xtec.cat\/ceiprieraderibes\/afa\/espai-ampa-1r-trimestre\/","title":{"rendered":"ESPAI AMPA: 1r trimestre"},"content":{"rendered":"<p><span style=\"font-weight: 400;\">Hola fam\u00edlies,<\/span><\/p>\n<p style=\"text-align: justify;\">Al setembre varem aprovar les bases per l&#8217;ajut a les col\u00f2nies. Aquest ajut ha tingut una demanda molt alta arribant a 1.995\u20ac, quasi el 100% del pressupost que \u00e9s de 2.000\u20ac; amb la qual cosa el proper maig del 2018 es modificaran les quantitats per poder donar cabuda a tothom que ho demani.<\/p>\n<p style=\"text-align: justify;\"><span style=\"font-weight: 400;\">Aquest trimestre hem estat provant l&#8217;app Groupnote, la primera idea era provar-ho i fer valoracions en acabar tot un curs, per\u00f2 ja ens hem adonat que no acaba de\u00a0satisfer les nostres necessitats, per tant, estem buscant una alternativa pel proper trimestre.<\/span><\/p>\n<p style=\"text-align: justify;\"><span style=\"font-weight: 400;\">Aquest curs, pel que fa a la gesti\u00f3 econ\u00f2mica compartida amb l&#8217;escola, les inversions han estat destinades pel moment a: material fungible del quartet, autocars de col\u00f2nies, equipament tecnol\u00f2gic (dos projectors, dues pissarres i 10 port\u00e0tils) i fustes varies per millores dels espais!!<\/span><\/p>\n<p style=\"text-align: justify;\"><span style=\"font-weight: 400;\">L&#8217;AMPA<\/span><\/p>\n","protected":false},"excerpt":{"rendered":"<p>Hola fam\u00edlies,<br \/>\nAl setembre varem aprovar les bases per l&#8217;ajut a les col\u00f2nies. Aquest ajut ha tingut una demanda molt alta arribant a 1.995\u20ac, quasi el 100% del pressupost que \u00e9s de 2.000\u20ac; amb la qual cosa el proper maig del 2018 es modificaran les quantitats&hellip;  <a href=\"https:\/\/agora.xtec.cat\/ceiprieraderibes\/afa\/espai-ampa-1r-trimestre\/\" title=\"Read ESPAI AMPA: 1r trimestre\">Llegeix m\u00e9s\u00bb<\/a><\/p>\n","protected":false},"author":175,"featured_media":0,"comment_status":"open","ping_status":"closed","sticky":false,"template":"","format":"standard","meta":{"_bbp_topic_count":0,"_bbp_reply_count":0,"_bbp_total_topic_count":0,"_bbp_total_reply_count":0,"_bbp_voice_count":0,"_bbp_anonymous_reply_count":0,"_bbp_topic_count_hidden":0,"_bbp_reply_count_hidden":0,"_bbp_forum_subforum_count":0,"footnotes":""},"categories":[7,190],"tags":[],"class_list":["post-7388","post","type-post","status-publish","format-standard","hentry","category-afa","category-una-escola-per-a-tothom-6"],"post_mailing_queue_ids":[],"_links":{"self":[{"href":"https:\/\/agora.xtec.cat\/ceiprieraderibes\/wp-json\/wp\/v2\/posts\/7388","targetHints":{"allow":["GET"]}}],"collection":[{"href":"https:\/\/agora.xtec.cat\/ceiprieraderibes\/wp-json\/wp\/v2\/posts"}],"about":[{"href":"https:\/\/agora.xtec.cat\/ceiprieraderibes\/wp-json\/wp\/v2\/types\/post"}],"author":[{"embeddable":true,"href":"https:\/\/agora.xtec.cat\/ceiprieraderibes\/wp-json\/wp\/v2\/users\/175"}],"replies":[{"embeddable":true,"href":"https:\/\/agora.xtec.cat\/ceiprieraderibes\/wp-json\/wp\/v2\/comments?post=7388"}],"version-history":[{"count":3,"href":"https:\/\/agora.xtec.cat\/ceiprieraderibes\/wp-json\/wp\/v2\/posts\/7388\/revisions"}],"predecessor-version":[{"id":7454,"href":"https:\/\/agora.xtec.cat\/ceiprieraderibes\/wp-json\/wp\/v2\/posts\/7388\/revisions\/7454"}],"wp:attachment":[{"href":"https:\/\/agora.xtec.cat\/ceiprieraderibes\/wp-json\/wp\/v2\/media?parent=7388"}],"wp:term":[{"taxonomy":"category","embeddable":true,"href":"https:\/\/agora.xtec.cat\/ceiprieraderibes\/wp-json\/wp\/v2\/categories?post=7388"},{"taxonomy":"post_tag","embeddable":true,"href":"https:\/\/agora.xtec.cat\/ceiprieraderibes\/wp-json\/wp\/v2\/tags?post=7388"}],"curies":[{"name":"wp","href":"https:\/\/api.w.org\/{rel}","templated":true}]}}