{"id":7258,"date":"2017-09-25T21:53:56","date_gmt":"2017-09-25T19:53:56","guid":{"rendered":"http:\/\/agora.xtec.cat\/ceiprieraderibes\/?p=7258"},"modified":"2019-01-16T13:14:34","modified_gmt":"2019-01-16T12:14:34","slug":"informacions-utils-per-linici-de-curs","status":"publish","type":"post","link":"https:\/\/agora.xtec.cat\/ceiprieraderibes\/portada\/informacions-utils-per-linici-de-curs\/","title":{"rendered":"Informacions \u00fatils per l&#8217;inici de curs."},"content":{"rendered":"<h3><span style=\"color: #ff6600;\">Informacions \u00fatils per l&#8217;inici de curs:<\/span><\/h3>\n<h4><span style=\"color: #ff6600;\"><strong>Col\u00f2nies 2017\/2018<\/strong><\/span><\/h4>\n<ul>\n<li>P3 \u201cEl Pinar\u201d (Canyelles)\u00a0 17 de novembre<\/li>\n<li>P4 \u201cCan Grau\u201d (Olivella) 24 de novembre<\/li>\n<li>P5 \u201cMas Pujolar \u201c(Viladrau) 15 al 17 de novembre<\/li>\n<li>1r \u201cCal Diable\u201d (Pontons) 18 al 20 d\u2019octubre<a href=\"http:\/\/agora.xtec.cat\/ceiprieraderibes\/wp-content\/uploads\/usu901\/2017\/09\/Captura-de-pantalla-2016-04-26-a-las-23.24.28-225x300.png\"><img loading=\"lazy\" decoding=\"async\" class=\"wp-image-7197 alignright\" src=\"http:\/\/agora.xtec.cat\/ceiprieraderibes\/wp-content\/uploads\/usu901\/2017\/09\/Captura-de-pantalla-2016-04-26-a-las-23.24.28-225x300.png\" alt=\"\" width=\"178\" height=\"237\" \/><\/a><\/li>\n<li>2n \u201cTamarit\u201d (Altafulla) 8 al 10 de novembre<\/li>\n<li>3r \u201cMas Banyeres\u201d (Centelles) 24 al 26 d\u2019octubre<\/li>\n<li>4t \u201cMas Girc\u00f3s\u201d (Besal\u00fa) 22\u00a0 al 24 de novembre<\/li>\n<li>5\u00e8 Casa Amadeu &#8211; Victoria al Poble Nou del Delta (Amposta) 4 al 6 d\u2019octubre<\/li>\n<\/ul>\n<h4>\u00a0<span style=\"color: #ff6600;\"><strong>\u00a0Cal portar&#8230;<\/strong><\/span><\/h4>\n<table style=\"height: 220px; border-color: #32540d;\" width=\"464\">\n<tbody>\n<tr>\n<td style=\"width: 458px;\"><span style=\"color: #008000;\">\u00a0\u00a0\u00a0 Alumnes de\u00a0<b>Prim\u00e0ria\u00a0<\/b>cal que portin\u00a0<b>marcat amb el nom:<\/b><\/span><\/p>\n<ul>\n<li>Una caixa de mocadors de paper<\/li>\n<li>Una ampolla o cantimplora d\u2019aigua.<\/li>\n<li>Una bata o samarreta vella que es quedar\u00e0 a l\u2019escola.<\/li>\n<li>Una carpeta amb separadors, nom\u00e9s de 4t a 6\u00e8.<\/li>\n<li>Quadernet de matem\u00e0tiques que especificaran les tutores.<\/li>\n<li>Mitjons de psicomotricitat (alumnes de 1r, 2n i 3r)<\/li>\n<\/ul>\n<\/td>\n<\/tr>\n<\/tbody>\n<\/table>\n<table style=\"height: 220px; border-color: #32540d;\" width=\"464\">\n<tbody>\n<tr>\n<td style=\"width: 458px;\"><span style=\"color: #008000;\">\u00a0\u00a0\u00a0 Alumnes d&#8217;<strong>Infantil\u00a0<\/strong>cal que portin\u00a0<b>marcat amb el nom:<\/b><\/span><\/p>\n<ul>\n<li>Una caixa de mocadors de paper<\/li>\n<li>Un paquet de tovalloletes humides.<\/li>\n<li>Una bossa de roba amb dues mudes de recanvi que es quedaran a l\u2019escola durant el curs (samarreta o jersei, cal\u00e7otets o calcetes, pantalons, mitjons i cal\u00e7at) .<\/li>\n<li>Una motxilla amb una ampolla o cantimplora d\u2019aigua, que va i ve cada dia a casa.<\/li>\n<li>NO cal portar\u00a0 bata ni mitjons de psicomotricitat.<\/li>\n<\/ul>\n<p>Cal que els alumnes d\u2019Infantil vagin vestits amb roba c\u00f2moda i cal\u00e7at de velcro per facilitar el m\u00e0xim la seva autonomia.<\/td>\n<\/tr>\n<\/tbody>\n<\/table>\n<h4><span style=\"color: #ff6600;\"><strong>\u00a0Moments significatius&#8230;<\/strong><\/span><\/h4>\n<p><a href=\"http:\/\/agora.xtec.cat\/ceiprieraderibes\/wp-content\/uploads\/usu901\/2014\/09\/calend.jpg\"><img loading=\"lazy\" decoding=\"async\" class=\"alignnone size-full wp-image-7206\" src=\"http:\/\/agora.xtec.cat\/ceiprieraderibes\/wp-content\/uploads\/usu901\/2014\/09\/calend.jpg\" alt=\"\" width=\"448\" height=\"298\" srcset=\"https:\/\/agora.xtec.cat\/ceiprieraderibes\/wp-content\/uploads\/usu901\/2014\/09\/calend.jpg 448w, https:\/\/agora.xtec.cat\/ceiprieraderibes\/wp-content\/uploads\/usu901\/2014\/09\/calend-300x200.jpg 300w\" sizes=\"auto, (max-width: 448px) 100vw, 448px\" \/><\/a><\/p>\n<h3><\/h3>\n<h3><\/h3>\n","protected":false},"excerpt":{"rendered":"<p>Informacions \u00fatils per l&#8217;inici de curs:<br \/>\nCol\u00f2nies 2017\/2018<\/p>\n<ul>\n<li>P3 \u201cEl Pinar\u201d (Canyelles)\u00a0 17 de novembre<\/li>\n<li>P4 \u201cCan Grau\u201d (Olivella) 24 de novembre<\/li>\n<li>P5 \u201cMas Pujolar \u201c(Viladrau) 15 al 17 de novembre<\/li>\n<li>1r \u201cCal Diable\u201d (Pontons) 18 al 20 d\u2019octubre<a href=\"http:\/\/agora.xtec.cat\/ceiprieraderibes\/wp-content\/uploads\/usu901\/2017\/09\/Captura-de-pantalla-2016-04-26-a-las-23.24.28-225x300.png\"><\/a><\/li>\n<li>2n \u201cTamarit\u201d (Altafulla) 8 al 10 de novembre<\/li>\n<li>3r \u201cMas Banyeres\u201d (Centelles)&hellip;  <a href=\"https:\/\/agora.xtec.cat\/ceiprieraderibes\/portada\/informacions-utils-per-linici-de-curs\/\" title=\"Read Informacions \u00fatils per l&#8217;inici de curs.\">Llegeix m\u00e9s\u00bb<\/a><br \/>\n","protected":false},"author":175,"featured_media":0,"comment_status":"open","ping_status":"closed","sticky":false,"template":"","format":"standard","meta":{"_bbp_topic_count":0,"_bbp_reply_count":0,"_bbp_total_topic_count":0,"_bbp_total_reply_count":0,"_bbp_voice_count":0,"_bbp_anonymous_reply_count":0,"_bbp_topic_count_hidden":0,"_bbp_reply_count_hidden":0,"_bbp_forum_subforum_count":0,"footnotes":""},"categories":[4],"tags":[],"class_list":["post-7258","post","type-post","status-publish","format-standard","hentry","category-portada"],"post_mailing_queue_ids":[],"_links":{"self":[{"href":"https:\/\/agora.xtec.cat\/ceiprieraderibes\/wp-json\/wp\/v2\/posts\/7258","targetHints":{"allow":["GET"]}}],"collection":[{"href":"https:\/\/agora.xtec.cat\/ceiprieraderibes\/wp-json\/wp\/v2\/posts"}],"about":[{"href":"https:\/\/agora.xtec.cat\/ceiprieraderibes\/wp-json\/wp\/v2\/types\/post"}],"author":[{"embeddable":true,"href":"https:\/\/agora.xtec.cat\/ceiprieraderibes\/wp-json\/wp\/v2\/users\/175"}],"replies":[{"embeddable":true,"href":"https:\/\/agora.xtec.cat\/ceiprieraderibes\/wp-json\/wp\/v2\/comments?post=7258"}],"version-history":[{"count":3,"href":"https:\/\/agora.xtec.cat\/ceiprieraderibes\/wp-json\/wp\/v2\/posts\/7258\/revisions"}],"predecessor-version":[{"id":8726,"href":"https:\/\/agora.xtec.cat\/ceiprieraderibes\/wp-json\/wp\/v2\/posts\/7258\/revisions\/8726"}],"wp:attachment":[{"href":"https:\/\/agora.xtec.cat\/ceiprieraderibes\/wp-json\/wp\/v2\/media?parent=7258"}],"wp:term":[{"taxonomy":"category","embeddable":true,"href":"https:\/\/agora.xtec.cat\/ceiprieraderibes\/wp-json\/wp\/v2\/categories?post=7258"},{"taxonomy":"post_tag","embeddable":true,"href":"https:\/\/agora.xtec.cat\/ceiprieraderibes\/wp-json\/wp\/v2\/tags?post=7258"}],"curies":[{"name":"wp","href":"https:\/\/api.w.org\/{rel}","templated":true}]}}