{"id":7251,"date":"2017-09-26T20:50:51","date_gmt":"2017-09-26T18:50:51","guid":{"rendered":"http:\/\/agora.xtec.cat\/ceiprieraderibes\/?p=7251"},"modified":"2017-09-26T20:51:30","modified_gmt":"2017-09-26T18:51:30","slug":"bases-reguladores-per-lajut-de-colonies-20172018","status":"publish","type":"post","link":"https:\/\/agora.xtec.cat\/ceiprieraderibes\/afa\/bases-reguladores-per-lajut-de-colonies-20172018\/","title":{"rendered":"Bases reguladores per l&#8217;ajut de col\u00f2nies 2017\/2018"},"content":{"rendered":"<p>&nbsp;<\/p>\n<p><strong><u>BASES REGULADORES PER A L\u2019ATORGAMENT DE L\u2019AJUT PER COL\u00d2NIES 2017\/2018<\/u><\/strong><\/p>\n<p><strong>1.- Objecte<\/strong><\/p>\n<p>L\u2019objecte de les presents Bases \u00e9s regular l\u2019atorgament de l\u2019ajut familiar per les col\u00f2nies de <strong>P5<\/strong> fins a <strong>6\u00e8<\/strong> que s\u00f3n de 120\u20ac per nen o nena.<\/p>\n<p>&nbsp;<\/p>\n<p><strong>2.- Finalitat de l\u2019ajut<\/strong><\/p>\n<p>Contribuir a que les persones m\u00e9s vulnerables puguin fer front a la cobertura de les col\u00f2nies dels seus fills.<\/p>\n<p>&nbsp;<\/p>\n<p><strong>3.- Per\u00edode d\u2019execuci\u00f3 i convocat\u00f2ria <\/strong><\/p>\n<p>Els ajuts concedits a l\u2019empara d\u2019aquestes bases, es destinaran directament a finan\u00e7ar les col\u00f2nies proposades a cada curs.<\/p>\n<p>El 2 d\u2019octubre s\u2019obrir\u00e0 la convocat\u00f2ria ordin\u00e0ria fins el 20 d\u2019octubre incl\u00f2s.<\/p>\n<p>&nbsp;<\/p>\n<p><strong>4.- Requisits de les persones beneficiaries<\/strong><\/p>\n<p>Aquest ajut s\u2019adre\u00e7a a les unitats familiars dels nens i nenes escolaritzats a l\u2019escola Riera de Ribes.<\/p>\n<p>S\u2019entendr\u00e0 per unitat familiar aquella unitat de conviv\u00e8ncia que es constitueix sobre la base del nexe de parentiu que s\u2019estableix entre elsmembres, ja sigui per matrimoni, per una altra forma de relaci\u00f3 permanent an\u00e0loga a la conjugal lo per lla\u00e7os de consanguinitat fins a segon grau o afinitat al primer grau, per adopci\u00f3 o per acolliment familiar. En aquest context s\u2019entendran incloses les fam\u00edlies monoparentals.<\/p>\n<p>Respecte als graus de consanguinitat o afinitat (art. 915 a 919 del Codi Civil):<\/p>\n<ul>\n<li>\u00a0Ascendents: Primer grau: Pares del titular o del c\u00f2njuge. Segon grau: avis del sol\u00b7licitant o \u00a0\u00a0\u00a0\u00a0 del c\u00f2njuge.<\/li>\n<li>Descendents: Primer grau: fills del titular o del c\u00f2njuge. Segon grau: germans i n\u00e9ts del sol\u00b7licitant o del c\u00f2njuge.<\/li>\n<li>Queda exclosa, en tot cas, la conviv\u00e8ncia per raons d\u2019amistat o conviv\u00e8ncia, i per raons de necessitat econ\u00f2mica.<\/li>\n<\/ul>\n<p>No es podr\u00e0 sobrepassar els llindars que s\u2019especifiquen al punt <strong>8<\/strong> d\u2019aquestes bases \u00a0per a poder \u00e9sser beneficiari de l\u2019ajut.<\/p>\n<p>Per aquelles fam\u00edlies en les que algun membre no hagi presentat la Declaraci\u00f3 de Renda:<\/p>\n<ul>\n<li>Si esta obligat a presentar-la, ES DESESTIMAR\u00c0 la sol\u00b7licitud .<\/li>\n<li>Si no est\u00e0 obligat a presentar-la, caldr\u00e0 que aporti la <em><u>Declaraci\u00f3 Jurada.<\/u><\/em>(<strong>Document 02<\/strong>)<\/li>\n<\/ul>\n<p>&nbsp;<\/p>\n<p><strong>5.- Documentaci\u00f3 a presentar<\/strong><\/p>\n<p><strong>\u00a0\u00a0\u00a0\u00a0\u00a0\u00a0\u00a0\u00a0\u00a0\u00a0\u00a0 <\/strong>Documentaci\u00f3 a presentar en funci\u00f3 de la renda familiar:<\/p>\n<p style=\"padding-left: 60px;\">1.\u00a0<em><u>Impr\u00e8s de sol\u00b7licitud<\/u><\/em>. (<strong>Document 01<\/strong>)<\/p>\n<p style=\"padding-left: 60px;\">2. Fotoc\u00f2pia del DNI del sol\u00b7licitant.<\/p>\n<p style=\"padding-left: 60px;\">3. Fotoc\u00f2pia del llibre de Fam\u00edlia.<\/p>\n<p style=\"padding-left: 60px;\">4. Fotoc\u00f2pies dels seg\u00fcents carnets: Fam\u00edlia monoparental, Fam\u00edlia nombrosa, discapacitat\u00a0 al nucli familiar.<\/p>\n<p style=\"padding-left: 60px;\">5.Justificant d\u2019empadronament de tots els membres de l\u2019habitatge.<\/p>\n<p style=\"padding-left: 60px;\">6. \u00daltima Declaraci\u00f3 de Renda de tots els membres de la unitat familiar majors de 16 anys.Per a aquelles fam\u00edlies en les que algun membre no hagi presentat la Declaraci\u00f3 de la Renda, si est\u00e0 obligat a presentar-la, i no ho ha\u00a0 fet, no caldr\u00e0 presentar res, perqu\u00e8 es considerar\u00e0 DESESTIMADA per no complir els requisits.<\/p>\n<p style=\"padding-left: 60px;\">7. Si no est\u00e0 obligat a presentar-la, caldr\u00e0 que aporti la\u00a0 <em><u>Declaraci\u00f3 Jurada<\/u><\/em>.(<strong>Document 02<\/strong>)<\/p>\n<p>&nbsp;<\/p>\n<p><strong>6.- Termini, lloc i forma de presentaci\u00f3 de les sol\u00b7licituds<\/strong><\/p>\n<p>La sol\u00b7licitud d\u2019ajut i tota la documentaci\u00f3 requerida s\u2019haur\u00e0 de presentar en el termini de <strong><u>18 dies naturals<\/u><\/strong> a comptar a partir del dia de publicaci\u00f3 de les bases.<\/p>\n<p>Els llocs de presentaci\u00f3 de documents s\u00f3n al despatx de l\u2019AMPA els dimarts de 15:00 fins les 17:00 i\u00a0 a secretaria els dijous de 9:00 fins les 10:00.<\/p>\n<p>(Aquest any, de forma excepcional, per la proximitat de les col\u00f2nies, les fam\u00edlies hauran d\u2019avan\u00e7ar les quantitats senceres. Si despr\u00e8s de la revisi\u00f3 documental s\u00f3n acceptades per l\u2019ajut, es tornaran les quantitats corresponents).<\/p>\n<p>&nbsp;<\/p>\n<p><strong>7.-Rectificaci\u00f3 de defectes o omissions en la documentaci\u00f3<\/strong><\/p>\n<p>En cas que la documentaci\u00f3 presentada sigui incorrecta o incompleta, es requerir\u00e0 al \/a la sol\u00b7licitant, perqu\u00e8 en el termini de 10 dies naturals a partir del dia de la notificaci\u00f3 per part de l\u2019AMPA, procedeixi a la seva rectificaci\u00f3. En cas de no presentar la documentaci\u00f3 requerida dins del termini, s\u2019entendr\u00e0 que l\u2019interessat\/da desisteix de la seva sol\u00b7licitud.<\/p>\n<p>&nbsp;<\/p>\n<p><strong>8.- Criteris i procediment de concessi\u00f3 <\/strong><\/p>\n<p>Hi ha un l\u00edmit econ\u00f2mic per aquest ajut de 2.000\u20ac, en cas de que les demandes superin aquest l\u00edmit, se seguir\u00e0 un ordre <strong>d\u2019inferior renda familiar<\/strong> a <strong>superior renda familiar<\/strong> presentades fins arribar als 2.000\u20ac d\u2019ajuts. Amb la qual cosa, les rendes familiar que no entressin dins dels 2.000\u20ac no podrien optar a l\u2019ajut.<\/p>\n<p>Els quadres seg\u00fcents especifiquen els <em>percentatges<\/em> d\u2019ajut a rebre segons la <em>Renda Familiar<\/em>:<\/p>\n<p><strong>Quadre 1: Fam\u00edlies fins a 2 fills.(l\u2019ajut \u00e9s per cada nen)<\/strong><\/p>\n<table>\n<tbody>\n<tr>\n<td width=\"165\"><strong>DE <\/strong><\/td>\n<td width=\"165\"><strong>FINS<\/strong><\/td>\n<td width=\"165\"><strong>%<\/strong><\/td>\n<td width=\"165\"><strong>\u20ac<\/strong><\/td>\n<\/tr>\n<tr>\n<td width=\"165\">0\u20ac<\/td>\n<td width=\"165\">18.000\u20ac<\/td>\n<td width=\"165\">75<\/td>\n<td width=\"165\">90\u20ac<\/td>\n<\/tr>\n<tr>\n<td width=\"165\">18.001\u20ac<\/td>\n<td width=\"165\">21.000\u20ac<\/td>\n<td width=\"165\">50<\/td>\n<td width=\"165\">60\u20ac<\/td>\n<\/tr>\n<tr>\n<td width=\"165\">21.001\u20ac<\/td>\n<td width=\"165\">25.000\u20ac<\/td>\n<td width=\"165\">25<\/td>\n<td width=\"165\">30\u20ac<\/td>\n<\/tr>\n<\/tbody>\n<\/table>\n<p>&nbsp;<\/p>\n<p><strong>Quadre 2: Fam\u00edlies nombroses. (l\u2019ajut \u00e9s per cada nen)<\/strong><\/p>\n<table>\n<tbody>\n<tr>\n<td width=\"165\"><strong>DE <\/strong><\/td>\n<td width=\"165\"><strong>FINS<\/strong><\/td>\n<td width=\"165\"><strong>%<\/strong><\/td>\n<td width=\"165\"><strong>\u20ac<\/strong><\/td>\n<\/tr>\n<tr>\n<td width=\"165\">0\u20ac<\/td>\n<td width=\"165\">22.000\u20ac<\/td>\n<td width=\"165\">75<\/td>\n<td width=\"165\">90\u20ac<\/td>\n<\/tr>\n<tr>\n<td width=\"165\">22.001\u20ac<\/td>\n<td width=\"165\">25.000\u20ac<\/td>\n<td width=\"165\">50<\/td>\n<td width=\"165\">60\u20ac<\/td>\n<\/tr>\n<tr>\n<td width=\"165\">25.001\u20ac<\/td>\n<td width=\"165\">29.000\u20ac<\/td>\n<td width=\"165\">25<\/td>\n<td width=\"165\">30\u20ac<\/td>\n<\/tr>\n<\/tbody>\n<\/table>\n<p>&nbsp;<\/p>\n<p>Per la <strong>determinaci\u00f3 de la renda\u00a0<\/strong>dels membres computables que hagin presentat declaraci\u00f3 per l\u2019impost sobre la renda de les persones f\u00edsiques, es calcula a partir de la <strong>suma<\/strong> de les caselles de <strong>la Base Imposable General<\/strong> i la de <strong>l\u2019Estalvi<\/strong> de la Declaraci\u00f3 de la Renda de l\u2019exercici anterior a la convocat\u00f2ria.<\/p>\n<p>&nbsp;<\/p>\n<p><strong><u>Metodologia de desempat:<\/u><\/strong><\/p>\n<p>En cas d\u2019empat, es procedir\u00e0 a comptabilitzar els carnets de:<\/p>\n<p>*Fam\u00edlia monoparental\u00a0\u00a0\u00a0\u00a0\u00a0\u00a0\u00a0\u00a0 \u00a0\u00a0\u00a0\u00a0\u00a0\u00a0\u00a0\u00a0\u00a0\u00a0\u00a0\u00a0\u00a0\u00a0\u00a0\u00a0\u00a0\u00a0\u00a0\u00a0\u00a0\u00a0\u00a0 3punts<\/p>\n<p>*Fam\u00edlia nombrosa\u00a0\u00a0\u00a0\u00a0\u00a0\u00a0\u00a0\u00a0\u00a0\u00a0\u00a0\u00a0\u00a0\u00a0\u00a0 \u00a0\u00a0\u00a0\u00a0\u00a0\u00a0\u00a0\u00a0\u00a0\u00a0\u00a0\u00a0\u00a0\u00a0\u00a0\u00a0\u00a0\u00a0\u00a0\u00a0\u00a0\u00a0\u00a0 3punts<\/p>\n<p>*Discapacitat dins el nucli familiar\u00a0\u00a0\u00a0\u00a0\u00a0\u00a0\u00a0\u00a0\u00a0\u00a0\u00a0\u00a0\u00a0 3punts<\/p>\n<p>Si persisteix l\u2019empat, per ordre de presentaci\u00f3 de sol\u00b7licitud.<\/p>\n<p>&nbsp;<\/p>\n<p><strong>\u00a0<\/strong><strong>9.- Fase de tramitaci\u00f3<\/strong><\/p>\n<p>En finalitzar els termini de presentaci\u00f3 (20 dies naturals), comen\u00e7aran a comptar 15 dies naturals per la valoraci\u00f3 de totes les sol\u00b7licituds.<\/p>\n<p>Despr\u00e9s hi hauran 10 dies naturals per presentar els documents requerits per l\u2019AMPA.(En cas que fos necessari)<\/p>\n<p>Seguidament 10 dies naturals per realitzar al\u00b7legacions.<\/p>\n<p>Finalment atorgament dels ajuts a les fam\u00edlies.<\/p>\n<p>&nbsp;<\/p>\n<p><strong>10.- Cessi\u00f3 de dades<\/strong><\/p>\n<p>D\u2019acord amb el que disposa l\u2019art. 5 de la Llei 15\/1999, de 13 de desembre, de protecci\u00f3 de dades de car\u00e0cter personal, s\u2019informar\u00e0 a persones sol\u00b7licitants que les dades facilitades s\u2019incorporaran en un fitxer de l\u2019AMPA, amb la finalitat de gestionar aquests ajuts. No s\u2019efectuar\u00e0 cap cessi\u00f3 de les dades facilitades pels sol\u00b7licitants. En qualsevol moment pot exercir els seus drets d\u2019acc\u00e9s, rectificaci\u00f3, oposici\u00f3 i cancel\u00b7laci\u00f3\u00a0 adre\u00e7ant-se al despatx de l\u2019AMPA els dimarts de 15:00\/17:00. Demanant cita pr\u00e8via enviant un correu electr\u00f2nic a:\u00a0\u00a0 ampariera@gmail.com<\/p>\n<p>&nbsp;<\/p>\n<p><strong>11.- Formularis<\/strong><\/p>\n<p>Document <strong>01<\/strong>\u00a0\u00a0\u00a0\u00a0\u00a0\u00a0\u00a0\u00a0\u00a0\u00a0\u00a0\u00a0\u00a0 Sol\u00b7licitud<\/p>\n<p>Document <strong>02\u00a0 <\/strong>\u00a0\u00a0\u00a0\u00a0\u00a0\u00a0\u00a0\u00a0\u00a0\u00a0\u00a0 Declaraci\u00f3 Jurada (Per qui no presenta IRPF)<\/p>\n<p>&nbsp;<\/p>\n<p><strong>12.- Forma de pagament<\/strong><\/p>\n<p>L\u2019AMPA far\u00e0 efectives les quantitats d\u2019ajuts atorgades per cada nen\/nena directament al compte bancari de l\u2019escola. I cada fam\u00edlia haur\u00e0 de pagar la seva part abans de rebre l\u2019ajut definitivament, es contrastar\u00e0 amb l\u2019escola.<\/p>\n<p>&nbsp;<\/p>\n<p>Descarregueu aqu\u00ed els anexos:<\/p>\n<p><a href=\"http:\/\/agora.xtec.cat\/ceiprieraderibes\/wp-content\/uploads\/usu901\/2017\/09\/0001.jpg\"><img loading=\"lazy\" decoding=\"async\" class=\"alignleft wp-image-7275 size-medium\" src=\"http:\/\/agora.xtec.cat\/ceiprieraderibes\/wp-content\/uploads\/usu901\/2017\/09\/0001-212x300.jpg\" alt=\"\" width=\"212\" height=\"300\" srcset=\"https:\/\/agora.xtec.cat\/ceiprieraderibes\/wp-content\/uploads\/usu901\/2017\/09\/0001-212x300.jpg 212w, https:\/\/agora.xtec.cat\/ceiprieraderibes\/wp-content\/uploads\/usu901\/2017\/09\/0001-768x1086.jpg 768w, https:\/\/agora.xtec.cat\/ceiprieraderibes\/wp-content\/uploads\/usu901\/2017\/09\/0001-724x1024.jpg 724w\" sizes=\"auto, (max-width: 212px) 100vw, 212px\" \/><\/a> <a href=\"http:\/\/agora.xtec.cat\/ceiprieraderibes\/wp-content\/uploads\/usu901\/2017\/09\/0002.jpg\"><img loading=\"lazy\" decoding=\"async\" class=\"alignleft wp-image-7276 size-medium\" src=\"http:\/\/agora.xtec.cat\/ceiprieraderibes\/wp-content\/uploads\/usu901\/2017\/09\/0002-212x300.jpg\" alt=\"\" width=\"212\" height=\"300\" srcset=\"https:\/\/agora.xtec.cat\/ceiprieraderibes\/wp-content\/uploads\/usu901\/2017\/09\/0002-212x300.jpg 212w, https:\/\/agora.xtec.cat\/ceiprieraderibes\/wp-content\/uploads\/usu901\/2017\/09\/0002-768x1086.jpg 768w, https:\/\/agora.xtec.cat\/ceiprieraderibes\/wp-content\/uploads\/usu901\/2017\/09\/0002-724x1024.jpg 724w\" sizes=\"auto, (max-width: 212px) 100vw, 212px\" \/><\/a><\/p>\n","protected":false},"excerpt":{"rendered":"<p>&nbsp;<br \/>\nBASES REGULADORES PER A L\u2019ATORGAMENT DE L\u2019AJUT PER COL\u00d2NIES 2017\/2018<br \/>\n1.- Objecte<br \/>\nL\u2019objecte de les presents Bases \u00e9s regular l\u2019atorgament de l\u2019ajut familiar per les col\u00f2nies de P5 fins a 6\u00e8 que s\u00f3n de 120\u20ac per nen o nena.<br \/>\n&nbsp;<br \/>\n2.- Finalitat de l\u2019ajut<br \/>\nContribuir a que les persones m\u00e9s&hellip;  <a href=\"https:\/\/agora.xtec.cat\/ceiprieraderibes\/afa\/bases-reguladores-per-lajut-de-colonies-20172018\/\" title=\"Read Bases reguladores per l&#8217;ajut de col\u00f2nies 2017\/2018\">Llegeix m\u00e9s\u00bb<\/a><\/p>\n","protected":false},"author":175,"featured_media":0,"comment_status":"open","ping_status":"closed","sticky":false,"template":"","format":"standard","meta":{"_bbp_topic_count":0,"_bbp_reply_count":0,"_bbp_total_topic_count":0,"_bbp_total_reply_count":0,"_bbp_voice_count":0,"_bbp_anonymous_reply_count":0,"_bbp_topic_count_hidden":0,"_bbp_reply_count_hidden":0,"_bbp_forum_subforum_count":0,"footnotes":""},"categories":[7],"tags":[],"class_list":["post-7251","post","type-post","status-publish","format-standard","hentry","category-afa"],"post_mailing_queue_ids":[],"_links":{"self":[{"href":"https:\/\/agora.xtec.cat\/ceiprieraderibes\/wp-json\/wp\/v2\/posts\/7251","targetHints":{"allow":["GET"]}}],"collection":[{"href":"https:\/\/agora.xtec.cat\/ceiprieraderibes\/wp-json\/wp\/v2\/posts"}],"about":[{"href":"https:\/\/agora.xtec.cat\/ceiprieraderibes\/wp-json\/wp\/v2\/types\/post"}],"author":[{"embeddable":true,"href":"https:\/\/agora.xtec.cat\/ceiprieraderibes\/wp-json\/wp\/v2\/users\/175"}],"replies":[{"embeddable":true,"href":"https:\/\/agora.xtec.cat\/ceiprieraderibes\/wp-json\/wp\/v2\/comments?post=7251"}],"version-history":[{"count":3,"href":"https:\/\/agora.xtec.cat\/ceiprieraderibes\/wp-json\/wp\/v2\/posts\/7251\/revisions"}],"predecessor-version":[{"id":7278,"href":"https:\/\/agora.xtec.cat\/ceiprieraderibes\/wp-json\/wp\/v2\/posts\/7251\/revisions\/7278"}],"wp:attachment":[{"href":"https:\/\/agora.xtec.cat\/ceiprieraderibes\/wp-json\/wp\/v2\/media?parent=7251"}],"wp:term":[{"taxonomy":"category","embeddable":true,"href":"https:\/\/agora.xtec.cat\/ceiprieraderibes\/wp-json\/wp\/v2\/categories?post=7251"},{"taxonomy":"post_tag","embeddable":true,"href":"https:\/\/agora.xtec.cat\/ceiprieraderibes\/wp-json\/wp\/v2\/tags?post=7251"}],"curies":[{"name":"wp","href":"https:\/\/api.w.org\/{rel}","templated":true}]}}