{"id":7119,"date":"2017-06-28T11:25:30","date_gmt":"2017-06-28T09:25:30","guid":{"rendered":"http:\/\/agora.xtec.cat\/ceiprieraderibes\/?p=7119"},"modified":"2017-06-28T11:25:30","modified_gmt":"2017-06-28T09:25:30","slug":"entrevista-a-carla-simon","status":"publish","type":"post","link":"https:\/\/agora.xtec.cat\/ceiprieraderibes\/portada\/entrevista-a-carla-simon\/","title":{"rendered":"Entrevista a Carla Sim\u00f3n."},"content":{"rendered":"<p>Ahir al programa &#8220;Estat de Gr\u00e0cia&#8221; de Catalunya R\u00e0dio van entrevistar a la nostra cineasta de Cinema en Curs, la Carla Sim\u00f3n. Esperem que us agradi!<br \/>\nMoltes FELICITATS Carla!!!<\/p>\n<!--[if lt IE 9]><script>document.createElement('audio');<\/script><![endif]-->\n<audio class=\"wp-audio-shortcode\" id=\"audio-7119-1\" preload=\"none\" style=\"width: 100%;\" controls=\"controls\"><source type=\"audio\/mpeg\" src=\"http:\/\/agora.xtec.cat\/ceiprieraderibes\/wp-content\/uploads\/usu901\/2017\/06\/Carla-Simo\u0301n-_Estiu-1993__-_No-volia-curar-cap-ferida-sino\u0301-parlar-del-que-se\u0301_.mp3?_=1\" \/><a href=\"http:\/\/agora.xtec.cat\/ceiprieraderibes\/wp-content\/uploads\/usu901\/2017\/06\/Carla-Simo\u0301n-_Estiu-1993__-_No-volia-curar-cap-ferida-sino\u0301-parlar-del-que-se\u0301_.mp3\">http:\/\/agora.xtec.cat\/ceiprieraderibes\/wp-content\/uploads\/usu901\/2017\/06\/Carla-Simo\u0301n-_Estiu-1993__-_No-volia-curar-cap-ferida-sino\u0301-parlar-del-que-se\u0301_.mp3<\/a><\/audio>\n","protected":false},"excerpt":{"rendered":"<p>Ahir al programa &#8220;Estat de Gr\u00e0cia&#8221; de Catalunya R\u00e0dio van entrevistar a la nostra cineasta de Cinema en Curs, la Carla Sim\u00f3n. Esperem que us agradi!<br \/>\nMoltes FELICITATS Carla!!!&hellip;  <a href=\"https:\/\/agora.xtec.cat\/ceiprieraderibes\/portada\/entrevista-a-carla-simon\/\" title=\"Read Entrevista a Carla Sim\u00f3n.\">Llegeix m\u00e9s\u00bb<\/a><\/p>\n","protected":false},"author":1,"featured_media":6861,"comment_status":"open","ping_status":"closed","sticky":false,"template":"","format":"standard","meta":{"_bbp_topic_count":0,"_bbp_reply_count":0,"_bbp_total_topic_count":0,"_bbp_total_reply_count":0,"_bbp_voice_count":0,"_bbp_anonymous_reply_count":0,"_bbp_topic_count_hidden":0,"_bbp_reply_count_hidden":0,"_bbp_forum_subforum_count":0,"footnotes":""},"categories":[54,53,52,4],"tags":[],"class_list":["post-7119","post","type-post","status-publish","format-standard","has-post-thumbnail","hentry","category-generacio-2005","category-generacio-2006","category-generacio-2007","category-portada"],"post_mailing_queue_ids":[],"_links":{"self":[{"href":"https:\/\/agora.xtec.cat\/ceiprieraderibes\/wp-json\/wp\/v2\/posts\/7119","targetHints":{"allow":["GET"]}}],"collection":[{"href":"https:\/\/agora.xtec.cat\/ceiprieraderibes\/wp-json\/wp\/v2\/posts"}],"about":[{"href":"https:\/\/agora.xtec.cat\/ceiprieraderibes\/wp-json\/wp\/v2\/types\/post"}],"author":[{"embeddable":true,"href":"https:\/\/agora.xtec.cat\/ceiprieraderibes\/wp-json\/wp\/v2\/users\/1"}],"replies":[{"embeddable":true,"href":"https:\/\/agora.xtec.cat\/ceiprieraderibes\/wp-json\/wp\/v2\/comments?post=7119"}],"version-history":[{"count":2,"href":"https:\/\/agora.xtec.cat\/ceiprieraderibes\/wp-json\/wp\/v2\/posts\/7119\/revisions"}],"predecessor-version":[{"id":7122,"href":"https:\/\/agora.xtec.cat\/ceiprieraderibes\/wp-json\/wp\/v2\/posts\/7119\/revisions\/7122"}],"wp:featuredmedia":[{"embeddable":true,"href":"https:\/\/agora.xtec.cat\/ceiprieraderibes\/wp-json\/wp\/v2\/media\/6861"}],"wp:attachment":[{"href":"https:\/\/agora.xtec.cat\/ceiprieraderibes\/wp-json\/wp\/v2\/media?parent=7119"}],"wp:term":[{"taxonomy":"category","embeddable":true,"href":"https:\/\/agora.xtec.cat\/ceiprieraderibes\/wp-json\/wp\/v2\/categories?post=7119"},{"taxonomy":"post_tag","embeddable":true,"href":"https:\/\/agora.xtec.cat\/ceiprieraderibes\/wp-json\/wp\/v2\/tags?post=7119"}],"curies":[{"name":"wp","href":"https:\/\/api.w.org\/{rel}","templated":true}]}}