{"id":6945,"date":"2017-06-21T07:41:44","date_gmt":"2017-06-21T05:41:44","guid":{"rendered":"http:\/\/agora.xtec.cat\/ceiprieraderibes\/?p=6945"},"modified":"2020-06-30T08:42:06","modified_gmt":"2020-06-30T06:42:06","slug":"espai-ampa-segon-trimestre","status":"publish","type":"post","link":"https:\/\/agora.xtec.cat\/ceiprieraderibes\/afa\/espai-ampa-segon-trimestre\/","title":{"rendered":"ESPAI AMPA (segon trimestre)"},"content":{"rendered":"<p>Benvolgudes fam\u00edlies volem recordar-vos que podeu demanar ajudes per a les sortides i les col\u00f2nies del vostres fills. Tamb\u00e9 que teniu el blog de l&#8217;AMPA per seguir les nostres activitats. I aprofitem per recordar-vos els<br \/>\n<strong>Objectius generals<\/strong><strong>\u00a0<\/strong><\/p>\n<ul>\n<li>Representar a les fam\u00edlies.<\/li>\n<li>Con\u00e8ixer el projecte educatiu de l\u2019escola.<\/li>\n<li>Col\u00b7laborar amb l\u2019Equip Directiu Pel bon funcionament del projecte educatiu.<\/li>\n<li>Dinamitzar i promoure la participaci\u00f3 de les fam\u00edlies mitjan\u00e7ant les Comissions mixtes i els baula d\u2019aula i assemblea.<\/li>\n<li>Administrar i gestionar els recursos que aporten els associats per mitj\u00e0 dels ajuts per col\u00f2nies, festes, cangurs i altres.<\/li>\n<li>Participar amb un membre (a poder ser el president\/a) en el Consell Escolar.<\/li>\n<li>Participar en les diverses Comissions mixtes com a representants de la Junta.<\/li>\n<li>Assumir la gesti\u00f3 del servei de menjador escolar del centre, amb l\u2019aprovaci\u00f3 de la Direcci\u00f3 i el vist i plau del Consell Escolar.<\/li>\n<li>Establir canals de comunicaci\u00f3 efectius entre la junta i els socis.(via baules i consultes via web) tamb\u00e9 mitjan\u00e7ant les assemblees i el full informatiu.<\/li>\n<li>Assegurar el tractament confidencial de la base de dades com diu la llei de protecci\u00f3 de dades. Actualitzar la llista de socis anualment.<\/li>\n<\/ul>\n","protected":false},"excerpt":{"rendered":"<p>Benvolgudes fam\u00edlies volem recordar-vos que podeu demanar ajudes per a les sortides i les col\u00f2nies del vostres fills. Tamb\u00e9 que teniu el blog de l&#8217;AMPA per seguir les nostres activitats. I aprofitem per recordar-vos els<br \/>\nObjectius generals\u00a0<\/p>\n<ul>\n<li>Representar a les fam\u00edlies.<\/li>\n<li>Con\u00e8ixer el projecte educatiu de l\u2019escola.<\/li>\n<li>Col\u00b7laborar amb&hellip;  <a href=\"https:\/\/agora.xtec.cat\/ceiprieraderibes\/afa\/espai-ampa-segon-trimestre\/\" title=\"Read ESPAI AMPA (segon trimestre)\">Llegeix m\u00e9s\u00bb<\/a><br \/>\n","protected":false},"author":1,"featured_media":0,"comment_status":"open","ping_status":"closed","sticky":false,"template":"","format":"standard","meta":{"_bbp_topic_count":0,"_bbp_reply_count":0,"_bbp_total_topic_count":0,"_bbp_total_reply_count":0,"_bbp_voice_count":0,"_bbp_anonymous_reply_count":0,"_bbp_topic_count_hidden":0,"_bbp_reply_count_hidden":0,"_bbp_forum_subforum_count":0,"footnotes":""},"categories":[7,175],"tags":[],"class_list":["post-6945","post","type-post","status-publish","format-standard","hentry","category-afa","category-una-escola-per-a-tothom-4"],"post_mailing_queue_ids":[],"_links":{"self":[{"href":"https:\/\/agora.xtec.cat\/ceiprieraderibes\/wp-json\/wp\/v2\/posts\/6945","targetHints":{"allow":["GET"]}}],"collection":[{"href":"https:\/\/agora.xtec.cat\/ceiprieraderibes\/wp-json\/wp\/v2\/posts"}],"about":[{"href":"https:\/\/agora.xtec.cat\/ceiprieraderibes\/wp-json\/wp\/v2\/types\/post"}],"author":[{"embeddable":true,"href":"https:\/\/agora.xtec.cat\/ceiprieraderibes\/wp-json\/wp\/v2\/users\/1"}],"replies":[{"embeddable":true,"href":"https:\/\/agora.xtec.cat\/ceiprieraderibes\/wp-json\/wp\/v2\/comments?post=6945"}],"version-history":[{"count":3,"href":"https:\/\/agora.xtec.cat\/ceiprieraderibes\/wp-json\/wp\/v2\/posts\/6945\/revisions"}],"predecessor-version":[{"id":10590,"href":"https:\/\/agora.xtec.cat\/ceiprieraderibes\/wp-json\/wp\/v2\/posts\/6945\/revisions\/10590"}],"wp:attachment":[{"href":"https:\/\/agora.xtec.cat\/ceiprieraderibes\/wp-json\/wp\/v2\/media?parent=6945"}],"wp:term":[{"taxonomy":"category","embeddable":true,"href":"https:\/\/agora.xtec.cat\/ceiprieraderibes\/wp-json\/wp\/v2\/categories?post=6945"},{"taxonomy":"post_tag","embeddable":true,"href":"https:\/\/agora.xtec.cat\/ceiprieraderibes\/wp-json\/wp\/v2\/tags?post=6945"}],"curies":[{"name":"wp","href":"https:\/\/api.w.org\/{rel}","templated":true}]}}