{"id":6941,"date":"2017-06-21T07:34:43","date_gmt":"2017-06-21T05:34:43","guid":{"rendered":"http:\/\/agora.xtec.cat\/ceiprieraderibes\/?p=6941"},"modified":"2020-06-30T08:52:54","modified_gmt":"2020-06-30T06:52:54","slug":"una-escola-que-millora-es-una-escola-que-apren-fer-experiments-ens-emociona","status":"publish","type":"post","link":"https:\/\/agora.xtec.cat\/ceiprieraderibes\/generacio-2012\/una-escola-que-millora-es-una-escola-que-apren-fer-experiments-ens-emociona\/","title":{"rendered":"UNA ESCOLA QUE MILLORA \u00c9S UNA ESCOLA QUE APREN &#8230; Fer experiments ens emociona!!! Educaci\u00f3 Infantil."},"content":{"rendered":"<p>FER EXPERIMENTS ENS EMOCIONA!<br \/>\nAquest any els nens i nenes de P5 vam fer el regal del Calendari d\u2019Advent als nens i nenes de 3r. Despr\u00e8s de saber el nom que tenen (\u201cLa barreja surt m\u00e9s bona\u201d), vam pensar que un lloc on normalment es fan barreges \u00e9s al rac\u00f3 d\u2019Experiments. Per tant, aquest nom ens va donar la idea de que uns bons experiments segurament els hi agradarien, i vam elaborar unes instruccions on explic\u00e0vem en que consistien els set experiments que els hi vam preparar. Despr\u00e8s d\u2019assajar-los entre nosaltres, vam veure com els hav\u00edem d\u2019explicar perqu\u00e8 els nens i nenes de 3r poguessin saber b\u00e9 que havien de fer. Quan va arribar el moment de fer-los, gaireb\u00e9 tot va sortir com ens esper\u00e0vem. I la trobada final on convers\u00e0vem tots plegats sobre les conclusions que n&#8217;havien tret els nens de 3r ens van fer pensar molt.<br \/>\nDespr\u00e8s de tota aquesta viv\u00e8ncia, les mestres vam proposar fer una Fira d\u2019Experiments el passat divendres 9 de juny. Cada nen i nena havia de preparar-se un experiment a casa amb l\u2019ajut de la seva fam\u00edlia. Tamb\u00e9 les mestres vam demanar de fer unes bones instruccions per poder guiar-nos b\u00e9 el dia de la fira. Aix\u00f2 sabem que \u00e9s b\u00e0sic perqu\u00e8 ens surti com esperem. Quan va arribar el gran dia va ser tot un \u00e8xit. Cada nen es va fer expert amb el seu experiment i vam saber explicar el que s\u2019havia de fer. Incl\u00fas les fam\u00edlies van seguir les explicacions perfectament. Quant n\u2019hem parlat dies despr\u00e9s a l\u2019aula, vam coincidir amb el mateix: fer experiments ens emociona! I despr\u00e9s d&#8217;explicar-nos les nostres idees i contrastar-les, ara ja entenem millor el perqu\u00e8 ens emocionen: ens fa pensar en el perqu\u00e8 passen les coses!<\/p>\n","protected":false},"excerpt":{"rendered":"<p>FER EXPERIMENTS ENS EMOCIONA!<br \/>\nAquest any els nens i nenes de P5 vam fer el regal del Calendari d\u2019Advent als nens i nenes de 3r. Despr\u00e8s de saber el nom que tenen (\u201cLa barreja surt m\u00e9s bona\u201d), vam pensar que un lloc on normalment es fan&hellip;  <a href=\"https:\/\/agora.xtec.cat\/ceiprieraderibes\/generacio-2012\/una-escola-que-millora-es-una-escola-que-apren-fer-experiments-ens-emociona\/\" title=\"Read UNA ESCOLA QUE MILLORA \u00c9S UNA ESCOLA QUE APREN &#8230; Fer experiments ens emociona!!! Educaci\u00f3 Infantil.\">Llegeix m\u00e9s\u00bb<\/a><\/p>\n","protected":false},"author":1,"featured_media":0,"comment_status":"open","ping_status":"closed","sticky":false,"template":"","format":"standard","meta":{"_bbp_topic_count":0,"_bbp_reply_count":0,"_bbp_total_topic_count":0,"_bbp_total_reply_count":0,"_bbp_voice_count":0,"_bbp_anonymous_reply_count":0,"_bbp_topic_count_hidden":0,"_bbp_reply_count_hidden":0,"_bbp_forum_subforum_count":0,"footnotes":""},"categories":[48,47,157,176],"tags":[],"class_list":["post-6941","post","type-post","status-publish","format-standard","hentry","category-generacio-2011","category-generacio-2012","category-generacio-2013","category-una-escola-per-a-tothom-5"],"post_mailing_queue_ids":[],"_links":{"self":[{"href":"https:\/\/agora.xtec.cat\/ceiprieraderibes\/wp-json\/wp\/v2\/posts\/6941","targetHints":{"allow":["GET"]}}],"collection":[{"href":"https:\/\/agora.xtec.cat\/ceiprieraderibes\/wp-json\/wp\/v2\/posts"}],"about":[{"href":"https:\/\/agora.xtec.cat\/ceiprieraderibes\/wp-json\/wp\/v2\/types\/post"}],"author":[{"embeddable":true,"href":"https:\/\/agora.xtec.cat\/ceiprieraderibes\/wp-json\/wp\/v2\/users\/1"}],"replies":[{"embeddable":true,"href":"https:\/\/agora.xtec.cat\/ceiprieraderibes\/wp-json\/wp\/v2\/comments?post=6941"}],"version-history":[{"count":3,"href":"https:\/\/agora.xtec.cat\/ceiprieraderibes\/wp-json\/wp\/v2\/posts\/6941\/revisions"}],"predecessor-version":[{"id":10595,"href":"https:\/\/agora.xtec.cat\/ceiprieraderibes\/wp-json\/wp\/v2\/posts\/6941\/revisions\/10595"}],"wp:attachment":[{"href":"https:\/\/agora.xtec.cat\/ceiprieraderibes\/wp-json\/wp\/v2\/media?parent=6941"}],"wp:term":[{"taxonomy":"category","embeddable":true,"href":"https:\/\/agora.xtec.cat\/ceiprieraderibes\/wp-json\/wp\/v2\/categories?post=6941"},{"taxonomy":"post_tag","embeddable":true,"href":"https:\/\/agora.xtec.cat\/ceiprieraderibes\/wp-json\/wp\/v2\/tags?post=6941"}],"curies":[{"name":"wp","href":"https:\/\/api.w.org\/{rel}","templated":true}]}}