{"id":6864,"date":"2017-06-08T05:45:14","date_gmt":"2017-06-08T03:45:14","guid":{"rendered":"http:\/\/agora.xtec.cat\/ceiprieraderibes\/?p=6864"},"modified":"2017-06-08T05:45:29","modified_gmt":"2017-06-08T03:45:29","slug":"visitem-la-biblioteca-manuel-de-pedrolo","status":"publish","type":"post","link":"https:\/\/agora.xtec.cat\/ceiprieraderibes\/general\/visitem-la-biblioteca-manuel-de-pedrolo\/","title":{"rendered":"VISITEM LA BIBLIOTECA MANUEL DE PEDROLO"},"content":{"rendered":"<p>VISITA A LA BIBLIOTECA  MANUEL DE PEDROLO<br \/>\nEl 16 de maig, al mati, els nenes i nenes de segon vam anar al a biblioteca Manuel de Pedrolo.  Vam entrar per grups  dins de la biblioteca.<br \/>\nEns van explicar com funcionava:<br \/>\n\u2022\tQue hi havia llibres de coneixements i contes<br \/>\n\u2022\tQue els contes eren per edats i tenien gomets de colors<br \/>\n\u2022\tHi havia contes de lletra lligada i de pal pels petits<br \/>\n\u2022\tQue si tenien carnet pod\u00edem agafar contes per emportar-nos a casa<br \/>\n\u2022\tCom es feia el carnet<br \/>\n\u2022\tQue es podien reservar contes per la web<br \/>\n\u2022\tTenien CDs i pel\u2022l\u00edcules<br \/>\nVam poder llegir 5 minuts   i quan acabaves de llegir el conte l&#8217;havies de deixar al carro.<br \/>\nVam esmorzar a la pla\u00e7a Maria Merc\u00e8 Mar\u00e7al  i vam jugar una mica!!!!<\/p>\n\n\t\t<style type=\"text\/css\">\n\t\t\t#gallery-1 {\n\t\t\t\tmargin: auto;\n\t\t\t}\n\t\t\t#gallery-1 .gallery-item {\n\t\t\t\tfloat: left;\n\t\t\t\tmargin-top: 10px;\n\t\t\t\ttext-align: center;\n\t\t\t\twidth: 50%;\n\t\t\t}\n\t\t\t#gallery-1 img {\n\t\t\t\tborder: 2px solid #cfcfcf;\n\t\t\t}\n\t\t\t#gallery-1 .gallery-caption {\n\t\t\t\tmargin-left: 0;\n\t\t\t}\n\t\t\t\/* see gallery_shortcode() in wp-includes\/media.php *\/\n\t\t<\/style>\n\t\t<div id='gallery-1' class='gallery galleryid-6864 gallery-columns-2 gallery-size-large'><dl class='gallery-item'>\n\t\t\t<dt class='gallery-icon landscape'>\n\t\t\t\t<a href='https:\/\/agora.xtec.cat\/ceiprieraderibes\/general\/visitem-la-biblioteca-manuel-de-pedrolo\/attachment\/1-entrant-a-la-biblioteca\/'><img loading=\"lazy\" decoding=\"async\" width=\"788\" height=\"523\" src=\"https:\/\/agora.xtec.cat\/ceiprieraderibes\/wp-content\/uploads\/usu901\/2017\/06\/1.-Entrant-a-la-biblioteca.jpg\" class=\"attachment-large size-large\" alt=\"\" aria-describedby=\"gallery-1-6865\" srcset=\"https:\/\/agora.xtec.cat\/ceiprieraderibes\/wp-content\/uploads\/usu901\/2017\/06\/1.-Entrant-a-la-biblioteca.jpg 788w, https:\/\/agora.xtec.cat\/ceiprieraderibes\/wp-content\/uploads\/usu901\/2017\/06\/1.-Entrant-a-la-biblioteca-300x199.jpg 300w, https:\/\/agora.xtec.cat\/ceiprieraderibes\/wp-content\/uploads\/usu901\/2017\/06\/1.-Entrant-a-la-biblioteca-768x510.jpg 768w\" sizes=\"auto, (max-width: 788px) 100vw, 788px\" \/><\/a>\n\t\t\t<\/dt>\n\t\t\t\t<dd class='wp-caption-text gallery-caption' id='gallery-1-6865'>\n\t\t\t\t.\n\t\t\t\t<\/dd><\/dl><dl class='gallery-item'>\n\t\t\t<dt class='gallery-icon landscape'>\n\t\t\t\t<a href='https:\/\/agora.xtec.cat\/ceiprieraderibes\/general\/visitem-la-biblioteca-manuel-de-pedrolo\/attachment\/2-llegint-contes\/'><img loading=\"lazy\" decoding=\"async\" width=\"1024\" height=\"768\" src=\"https:\/\/agora.xtec.cat\/ceiprieraderibes\/wp-content\/uploads\/usu901\/2017\/06\/2.-Llegint-contes-1024x768.jpg\" class=\"attachment-large size-large\" alt=\"\" aria-describedby=\"gallery-1-6866\" srcset=\"https:\/\/agora.xtec.cat\/ceiprieraderibes\/wp-content\/uploads\/usu901\/2017\/06\/2.-Llegint-contes-1024x768.jpg 1024w, https:\/\/agora.xtec.cat\/ceiprieraderibes\/wp-content\/uploads\/usu901\/2017\/06\/2.-Llegint-contes-300x225.jpg 300w, https:\/\/agora.xtec.cat\/ceiprieraderibes\/wp-content\/uploads\/usu901\/2017\/06\/2.-Llegint-contes-768x576.jpg 768w, https:\/\/agora.xtec.cat\/ceiprieraderibes\/wp-content\/uploads\/usu901\/2017\/06\/2.-Llegint-contes-200x150.jpg 200w, https:\/\/agora.xtec.cat\/ceiprieraderibes\/wp-content\/uploads\/usu901\/2017\/06\/2.-Llegint-contes.jpg 1632w\" sizes=\"auto, (max-width: 1024px) 100vw, 1024px\" \/><\/a>\n\t\t\t<\/dt>\n\t\t\t\t<dd class='wp-caption-text gallery-caption' id='gallery-1-6866'>\n\t\t\t\t.\n\t\t\t\t<\/dd><\/dl><br style=\"clear: both\" \/><dl class='gallery-item'>\n\t\t\t<dt class='gallery-icon landscape'>\n\t\t\t\t<a href='https:\/\/agora.xtec.cat\/ceiprieraderibes\/general\/visitem-la-biblioteca-manuel-de-pedrolo\/attachment\/3-trobem-contes-que-ens-agraden\/'><img loading=\"lazy\" decoding=\"async\" width=\"1024\" height=\"768\" src=\"https:\/\/agora.xtec.cat\/ceiprieraderibes\/wp-content\/uploads\/usu901\/2017\/06\/3.-Trobem-contes-que-ens-agraden-1024x768.jpg\" class=\"attachment-large size-large\" alt=\"\" aria-describedby=\"gallery-1-6867\" srcset=\"https:\/\/agora.xtec.cat\/ceiprieraderibes\/wp-content\/uploads\/usu901\/2017\/06\/3.-Trobem-contes-que-ens-agraden-1024x768.jpg 1024w, https:\/\/agora.xtec.cat\/ceiprieraderibes\/wp-content\/uploads\/usu901\/2017\/06\/3.-Trobem-contes-que-ens-agraden-300x225.jpg 300w, https:\/\/agora.xtec.cat\/ceiprieraderibes\/wp-content\/uploads\/usu901\/2017\/06\/3.-Trobem-contes-que-ens-agraden-768x576.jpg 768w, https:\/\/agora.xtec.cat\/ceiprieraderibes\/wp-content\/uploads\/usu901\/2017\/06\/3.-Trobem-contes-que-ens-agraden-200x150.jpg 200w\" sizes=\"auto, (max-width: 1024px) 100vw, 1024px\" \/><\/a>\n\t\t\t<\/dt>\n\t\t\t\t<dd class='wp-caption-text gallery-caption' id='gallery-1-6867'>\n\t\t\t\t.\n\t\t\t\t<\/dd><\/dl>\n\t\t\t<br style='clear: both' \/>\n\t\t<\/div>\n\n","protected":false},"excerpt":{"rendered":"<p>Visitem la Biblioteca Manuel de Pedrolo els nens i les nenes de segon de Primer Cicle.&hellip;  <a href=\"https:\/\/agora.xtec.cat\/ceiprieraderibes\/general\/visitem-la-biblioteca-manuel-de-pedrolo\/\" title=\"Read VISITEM LA BIBLIOTECA MANUEL DE PEDROLO\">Llegeix m\u00e9s\u00bb<\/a><\/p>\n","protected":false},"author":1,"featured_media":6866,"comment_status":"open","ping_status":"closed","sticky":false,"template":"","format":"standard","meta":{"_bbp_topic_count":0,"_bbp_reply_count":0,"_bbp_total_topic_count":0,"_bbp_total_reply_count":0,"_bbp_voice_count":0,"_bbp_anonymous_reply_count":0,"_bbp_topic_count_hidden":0,"_bbp_reply_count_hidden":0,"_bbp_forum_subforum_count":0,"footnotes":""},"categories":[50,1],"tags":[],"class_list":["post-6864","post","type-post","status-publish","format-standard","has-post-thumbnail","hentry","category-generacio-2009","category-general"],"post_mailing_queue_ids":[],"_links":{"self":[{"href":"https:\/\/agora.xtec.cat\/ceiprieraderibes\/wp-json\/wp\/v2\/posts\/6864","targetHints":{"allow":["GET"]}}],"collection":[{"href":"https:\/\/agora.xtec.cat\/ceiprieraderibes\/wp-json\/wp\/v2\/posts"}],"about":[{"href":"https:\/\/agora.xtec.cat\/ceiprieraderibes\/wp-json\/wp\/v2\/types\/post"}],"author":[{"embeddable":true,"href":"https:\/\/agora.xtec.cat\/ceiprieraderibes\/wp-json\/wp\/v2\/users\/1"}],"replies":[{"embeddable":true,"href":"https:\/\/agora.xtec.cat\/ceiprieraderibes\/wp-json\/wp\/v2\/comments?post=6864"}],"version-history":[{"count":1,"href":"https:\/\/agora.xtec.cat\/ceiprieraderibes\/wp-json\/wp\/v2\/posts\/6864\/revisions"}],"predecessor-version":[{"id":6868,"href":"https:\/\/agora.xtec.cat\/ceiprieraderibes\/wp-json\/wp\/v2\/posts\/6864\/revisions\/6868"}],"wp:featuredmedia":[{"embeddable":true,"href":"https:\/\/agora.xtec.cat\/ceiprieraderibes\/wp-json\/wp\/v2\/media\/6866"}],"wp:attachment":[{"href":"https:\/\/agora.xtec.cat\/ceiprieraderibes\/wp-json\/wp\/v2\/media?parent=6864"}],"wp:term":[{"taxonomy":"category","embeddable":true,"href":"https:\/\/agora.xtec.cat\/ceiprieraderibes\/wp-json\/wp\/v2\/categories?post=6864"},{"taxonomy":"post_tag","embeddable":true,"href":"https:\/\/agora.xtec.cat\/ceiprieraderibes\/wp-json\/wp\/v2\/tags?post=6864"}],"curies":[{"name":"wp","href":"https:\/\/api.w.org\/{rel}","templated":true}]}}