{"id":678,"date":"2015-12-13T20:22:22","date_gmt":"2015-12-13T20:22:22","guid":{"rendered":"http:\/\/generacio2006.rieraderibes.cat\/?p=678"},"modified":"2016-07-10T19:03:50","modified_gmt":"2016-07-10T18:03:50","slug":"les-colonies-al-monestir-de-poblet","status":"publish","type":"post","link":"https:\/\/agora.xtec.cat\/ceiprieraderibes\/generacio-2006\/les-colonies-al-monestir-de-poblet\/","title":{"rendered":"LES COL\u00d2NIES AL MONESTIR DE POBLET &#8230;"},"content":{"rendered":"<p>A les col\u00f2nies vam aprendre moltes coses. Hem contrastat el que sab\u00edem i hem afegit tot el que hem apr\u00e8s i us presentem en pdfs el nostre treball.<\/p>\n<p>&nbsp;<\/p>\n<p>Teniu que clikar damunt del power que voleu veure:<\/p>\n<p><a href=\"http:\/\/agora.xtec.cat\/ceiprieraderibes\/wp-content\/uploads\/usu901\/2015\/12\/ALBERG.pdf\">ALBERG<\/a><\/p>\n<p>&nbsp;<\/p>\n<p><a href=\"http:\/\/agora.xtec.cat\/ceiprieraderibes\/wp-content\/uploads\/usu901\/2015\/12\/ALBERGHABITACIONS.pdf\">ALBERGHABITACIONS<\/a><\/p>\n<p>&nbsp;<\/p>\n<p><a href=\"http:\/\/agora.xtec.cat\/ceiprieraderibes\/wp-content\/uploads\/usu901\/2015\/12\/BOSCANIMAT.pdf\">BOSCANIMAT<\/a><\/p>\n<p>&nbsp;<\/p>\n<p><a href=\"http:\/\/agora.xtec.cat\/ceiprieraderibes\/wp-content\/uploads\/usu901\/2015\/12\/EL-MONASTERI-DE-POBLET-HISTORIA.pdf\">EL MONASTERI DE POBLET HISTORIA<\/a><\/p>\n<p>&nbsp;<\/p>\n<p><a href=\"http:\/\/agora.xtec.cat\/ceiprieraderibes\/wp-content\/uploads\/usu901\/2015\/12\/ENTORN-NATURAL-DE-POBLET.pdf\">ENTORN NATURAL DE POBLET<\/a> <a href=\"http:\/\/agora.xtec.cat\/ceiprieraderibes\/wp-content\/uploads\/usu901\/2015\/12\/ESPLUGADEFRANCOLI.pdf\">ESPLUGADEFRANCOLI<\/a><\/p>\n<p>&nbsp;<\/p>\n<p><a href=\"http:\/\/agora.xtec.cat\/ceiprieraderibes\/wp-content\/uploads\/usu901\/2015\/12\/GEOGRAFIASANTPEREDERIBES.pdf\">GEOGRAFIASANTPEREDERIBES<\/a><\/p>\n<p>&nbsp;<\/p>\n<p><a href=\"http:\/\/agora.xtec.cat\/ceiprieraderibes\/wp-content\/uploads\/usu901\/2015\/12\/LACONCADEBARBERA.pdf\">LACONCADEBARBERA<\/a><\/p>\n<p>&nbsp;<\/p>\n<p><a href=\"http:\/\/agora.xtec.cat\/ceiprieraderibes\/wp-content\/uploads\/usu901\/2015\/12\/POBLETHISTORIATRADICIONS.pdf\">POBLETHISTORIATRADICIONS<\/a><\/p>\n<p>&nbsp;<\/p>\n<p><a href=\"http:\/\/agora.xtec.cat\/ceiprieraderibes\/wp-content\/uploads\/usu901\/2015\/12\/Situaci\u00f3-de-la-comarca-del-Garraf.pdf\">Situaci\u00f3 de la comarca del Garraf<\/a><\/p>\n<p>&nbsp;<\/p>\n<p>&nbsp;<\/p>\n<p><a href=\"http:\/\/agora.xtec.cat\/ceiprieraderibes\/wp-content\/uploads\/usu901\/2015\/12\/VALLBONADELESMONGES.pdf\">VALLBONADELESMONGES<\/a><\/p>\n\n\t\t<style type=\"text\/css\">\n\t\t\t#gallery-1 {\n\t\t\t\tmargin: auto;\n\t\t\t}\n\t\t\t#gallery-1 .gallery-item {\n\t\t\t\tfloat: left;\n\t\t\t\tmargin-top: 10px;\n\t\t\t\ttext-align: center;\n\t\t\t\twidth: 33%;\n\t\t\t}\n\t\t\t#gallery-1 img {\n\t\t\t\tborder: 2px solid #cfcfcf;\n\t\t\t}\n\t\t\t#gallery-1 .gallery-caption {\n\t\t\t\tmargin-left: 0;\n\t\t\t}\n\t\t\t\/* see gallery_shortcode() in wp-includes\/media.php *\/\n\t\t<\/style>\n\t\t<div id='gallery-1' class='gallery galleryid-678 gallery-columns-3 gallery-size-large'><dl class='gallery-item'>\n\t\t\t<dt class='gallery-icon landscape'>\n\t\t\t\t<a href='https:\/\/agora.xtec.cat\/ceiprieraderibes\/generacio-2006\/les-colonies-al-monestir-de-poblet\/attachment\/sam_1685\/'><img loading=\"lazy\" decoding=\"async\" width=\"448\" height=\"336\" src=\"https:\/\/agora.xtec.cat\/ceiprieraderibes\/wp-content\/uploads\/usu901\/2015\/12\/SAM_1685.jpg\" class=\"attachment-large size-large\" alt=\"\" srcset=\"https:\/\/agora.xtec.cat\/ceiprieraderibes\/wp-content\/uploads\/usu901\/2015\/12\/SAM_1685.jpg 448w, https:\/\/agora.xtec.cat\/ceiprieraderibes\/wp-content\/uploads\/usu901\/2015\/12\/SAM_1685-300x225.jpg 300w, https:\/\/agora.xtec.cat\/ceiprieraderibes\/wp-content\/uploads\/usu901\/2015\/12\/SAM_1685-200x150.jpg 200w\" sizes=\"auto, (max-width: 448px) 100vw, 448px\" \/><\/a>\n\t\t\t<\/dt><\/dl><dl class='gallery-item'>\n\t\t\t<dt class='gallery-icon landscape'>\n\t\t\t\t<a href='https:\/\/agora.xtec.cat\/ceiprieraderibes\/generacio-2006\/les-colonies-al-monestir-de-poblet\/attachment\/sam_1677\/'><img loading=\"lazy\" decoding=\"async\" width=\"448\" height=\"336\" src=\"https:\/\/agora.xtec.cat\/ceiprieraderibes\/wp-content\/uploads\/usu901\/2015\/12\/SAM_1677.jpg\" class=\"attachment-large size-large\" alt=\"\" srcset=\"https:\/\/agora.xtec.cat\/ceiprieraderibes\/wp-content\/uploads\/usu901\/2015\/12\/SAM_1677.jpg 448w, https:\/\/agora.xtec.cat\/ceiprieraderibes\/wp-content\/uploads\/usu901\/2015\/12\/SAM_1677-300x225.jpg 300w, https:\/\/agora.xtec.cat\/ceiprieraderibes\/wp-content\/uploads\/usu901\/2015\/12\/SAM_1677-200x150.jpg 200w\" sizes=\"auto, (max-width: 448px) 100vw, 448px\" \/><\/a>\n\t\t\t<\/dt><\/dl><dl class='gallery-item'>\n\t\t\t<dt class='gallery-icon landscape'>\n\t\t\t\t<a href='https:\/\/agora.xtec.cat\/ceiprieraderibes\/generacio-2006\/les-colonies-al-monestir-de-poblet\/attachment\/sam_1676\/'><img loading=\"lazy\" decoding=\"async\" width=\"448\" height=\"336\" src=\"https:\/\/agora.xtec.cat\/ceiprieraderibes\/wp-content\/uploads\/usu901\/2015\/12\/SAM_1676.jpg\" class=\"attachment-large size-large\" alt=\"\" srcset=\"https:\/\/agora.xtec.cat\/ceiprieraderibes\/wp-content\/uploads\/usu901\/2015\/12\/SAM_1676.jpg 448w, https:\/\/agora.xtec.cat\/ceiprieraderibes\/wp-content\/uploads\/usu901\/2015\/12\/SAM_1676-300x225.jpg 300w, https:\/\/agora.xtec.cat\/ceiprieraderibes\/wp-content\/uploads\/usu901\/2015\/12\/SAM_1676-200x150.jpg 200w\" sizes=\"auto, (max-width: 448px) 100vw, 448px\" \/><\/a>\n\t\t\t<\/dt><\/dl><br style=\"clear: both\" \/><dl class='gallery-item'>\n\t\t\t<dt class='gallery-icon portrait'>\n\t\t\t\t<a href='https:\/\/agora.xtec.cat\/ceiprieraderibes\/generacio-2006\/les-colonies-al-monestir-de-poblet\/attachment\/sam_1674\/'><img loading=\"lazy\" decoding=\"async\" width=\"336\" height=\"448\" src=\"https:\/\/agora.xtec.cat\/ceiprieraderibes\/wp-content\/uploads\/usu901\/2015\/12\/SAM_1674.jpg\" class=\"attachment-large size-large\" alt=\"\" srcset=\"https:\/\/agora.xtec.cat\/ceiprieraderibes\/wp-content\/uploads\/usu901\/2015\/12\/SAM_1674.jpg 336w, https:\/\/agora.xtec.cat\/ceiprieraderibes\/wp-content\/uploads\/usu901\/2015\/12\/SAM_1674-225x300.jpg 225w\" sizes=\"auto, (max-width: 336px) 100vw, 336px\" \/><\/a>\n\t\t\t<\/dt><\/dl><dl class='gallery-item'>\n\t\t\t<dt class='gallery-icon landscape'>\n\t\t\t\t<a href='https:\/\/agora.xtec.cat\/ceiprieraderibes\/sin-categoria\/les-colonies-de-quart-al-monestir-de-poblet\/attachment\/20151110_101112\/'><img loading=\"lazy\" decoding=\"async\" width=\"448\" height=\"336\" src=\"https:\/\/agora.xtec.cat\/ceiprieraderibes\/wp-content\/uploads\/usu901\/2015\/11\/20151110_101112.jpg\" class=\"attachment-large size-large\" alt=\"\" aria-describedby=\"gallery-1-634\" srcset=\"https:\/\/agora.xtec.cat\/ceiprieraderibes\/wp-content\/uploads\/usu901\/2015\/11\/20151110_101112.jpg 448w, https:\/\/agora.xtec.cat\/ceiprieraderibes\/wp-content\/uploads\/usu901\/2015\/11\/20151110_101112-300x225.jpg 300w, https:\/\/agora.xtec.cat\/ceiprieraderibes\/wp-content\/uploads\/usu901\/2015\/11\/20151110_101112-200x150.jpg 200w\" sizes=\"auto, (max-width: 448px) 100vw, 448px\" \/><\/a>\n\t\t\t<\/dt>\n\t\t\t\t<dd class='wp-caption-text gallery-caption' id='gallery-1-634'>\n\t\t\t\tUser comments\n\t\t\t\t<\/dd><\/dl>\n\t\t\t<br style='clear: both' \/>\n\t\t<\/div>\n\n","protected":false},"excerpt":{"rendered":"<p>A les col\u00f2nies vam aprendre moltes coses. Hem contrastat el que sab\u00edem i hem afegit tot el que hem apr\u00e8s i us presentem en pdfs el nostre treball.<br \/>\n&nbsp;<br \/>\nTeniu que clikar damunt del power que voleu veure:<br \/>\n<a href=\"http:\/\/agora.xtec.cat\/ceiprieraderibes\/wp-content\/uploads\/usu901\/2015\/12\/ALBERG.pdf\">ALBERG<\/a><br \/>\n&nbsp;<br \/>\n<a href=\"http:\/\/agora.xtec.cat\/ceiprieraderibes\/wp-content\/uploads\/usu901\/2015\/12\/ALBERGHABITACIONS.pdf\">ALBERGHABITACIONS<\/a><br \/>\n&nbsp;<br \/>\n<a href=\"http:\/\/agora.xtec.cat\/ceiprieraderibes\/wp-content\/uploads\/usu901\/2015\/12\/BOSCANIMAT.pdf\">BOSCANIMAT<\/a><br \/>\n&nbsp;<br \/>\n<a href=\"http:\/\/agora.xtec.cat\/ceiprieraderibes\/wp-content\/uploads\/usu901\/2015\/12\/EL-MONASTERI-DE-POBLET-HISTORIA.pdf\">EL MONASTERI DE POBLET HISTORIA<\/a><br \/>\n&nbsp;<br \/>\n<a href=\"http:\/\/agora.xtec.cat\/ceiprieraderibes\/wp-content\/uploads\/usu901\/2015\/12\/ENTORN-NATURAL-DE-POBLET.pdf\">ENTORN&hellip;  <a href=\"https:\/\/agora.xtec.cat\/ceiprieraderibes\/generacio-2006\/les-colonies-al-monestir-de-poblet\/\" title=\"Read LES COL\u00d2NIES AL MONESTIR DE POBLET &#8230;\">Llegeix m\u00e9s\u00bb<\/a><\/p>\n","protected":false},"author":1,"featured_media":0,"comment_status":"open","ping_status":"open","sticky":false,"template":"","format":"standard","meta":{"_bbp_topic_count":0,"_bbp_reply_count":0,"_bbp_total_topic_count":0,"_bbp_total_reply_count":0,"_bbp_voice_count":0,"_bbp_anonymous_reply_count":0,"_bbp_topic_count_hidden":0,"_bbp_reply_count_hidden":0,"_bbp_forum_subforum_count":0,"footnotes":""},"categories":[99,53,103],"tags":[29],"class_list":["post-678","post","type-post","status-publish","format-standard","hentry","category-els-periodistes-som-gent-del-mon","category-generacio-2006","category-plutonics","tag-aula"],"post_mailing_queue_ids":[],"_links":{"self":[{"href":"https:\/\/agora.xtec.cat\/ceiprieraderibes\/wp-json\/wp\/v2\/posts\/678","targetHints":{"allow":["GET"]}}],"collection":[{"href":"https:\/\/agora.xtec.cat\/ceiprieraderibes\/wp-json\/wp\/v2\/posts"}],"about":[{"href":"https:\/\/agora.xtec.cat\/ceiprieraderibes\/wp-json\/wp\/v2\/types\/post"}],"author":[{"embeddable":true,"href":"https:\/\/agora.xtec.cat\/ceiprieraderibes\/wp-json\/wp\/v2\/users\/1"}],"replies":[{"embeddable":true,"href":"https:\/\/agora.xtec.cat\/ceiprieraderibes\/wp-json\/wp\/v2\/comments?post=678"}],"version-history":[{"count":3,"href":"https:\/\/agora.xtec.cat\/ceiprieraderibes\/wp-json\/wp\/v2\/posts\/678\/revisions"}],"predecessor-version":[{"id":5082,"href":"https:\/\/agora.xtec.cat\/ceiprieraderibes\/wp-json\/wp\/v2\/posts\/678\/revisions\/5082"}],"wp:attachment":[{"href":"https:\/\/agora.xtec.cat\/ceiprieraderibes\/wp-json\/wp\/v2\/media?parent=678"}],"wp:term":[{"taxonomy":"category","embeddable":true,"href":"https:\/\/agora.xtec.cat\/ceiprieraderibes\/wp-json\/wp\/v2\/categories?post=678"},{"taxonomy":"post_tag","embeddable":true,"href":"https:\/\/agora.xtec.cat\/ceiprieraderibes\/wp-json\/wp\/v2\/tags?post=678"}],"curies":[{"name":"wp","href":"https:\/\/api.w.org\/{rel}","templated":true}]}}