{"id":6768,"date":"2017-06-21T07:53:02","date_gmt":"2017-06-21T05:53:02","guid":{"rendered":"http:\/\/agora.xtec.cat\/ceiprieraderibes\/?p=6768"},"modified":"2017-06-21T07:53:12","modified_gmt":"2017-06-21T05:53:12","slug":"avui-parlem-de-baixa-la-riera-septimi-creatiu","status":"publish","type":"post","link":"https:\/\/agora.xtec.cat\/ceiprieraderibes\/una-escola-per-a-tothom-4\/avui-parlem-de-baixa-la-riera-septimi-creatiu\/","title":{"rendered":"AVUI PARLEM DE &#8230; BAIXA LA RIERA. SEPTIM\u00cd CREATIU."},"content":{"rendered":"<p>\n\t\t<style type=\"text\/css\">\n\t\t\t#gallery-1 {\n\t\t\t\tmargin: auto;\n\t\t\t}\n\t\t\t#gallery-1 .gallery-item {\n\t\t\t\tfloat: left;\n\t\t\t\tmargin-top: 10px;\n\t\t\t\ttext-align: center;\n\t\t\t\twidth: 50%;\n\t\t\t}\n\t\t\t#gallery-1 img {\n\t\t\t\tborder: 2px solid #cfcfcf;\n\t\t\t}\n\t\t\t#gallery-1 .gallery-caption {\n\t\t\t\tmargin-left: 0;\n\t\t\t}\n\t\t\t\/* see gallery_shortcode() in wp-includes\/media.php *\/\n\t\t<\/style>\n\t\t<div id='gallery-1' class='gallery galleryid-6768 gallery-columns-2 gallery-size-large'><dl class='gallery-item'>\n\t\t\t<dt class='gallery-icon landscape'>\n\t\t\t\t<a href='https:\/\/agora.xtec.cat\/ceiprieraderibes\/una-escola-per-a-tothom-4\/avui-parlem-de-baixa-la-riera-septimi-creatiu\/attachment\/img_4680\/'><img loading=\"lazy\" decoding=\"async\" width=\"376\" height=\"376\" src=\"https:\/\/agora.xtec.cat\/ceiprieraderibes\/wp-content\/uploads\/usu901\/2017\/05\/IMG_4680.jpg\" class=\"attachment-large size-large\" alt=\"\" aria-describedby=\"gallery-1-6896\" srcset=\"https:\/\/agora.xtec.cat\/ceiprieraderibes\/wp-content\/uploads\/usu901\/2017\/05\/IMG_4680.jpg 376w, https:\/\/agora.xtec.cat\/ceiprieraderibes\/wp-content\/uploads\/usu901\/2017\/05\/IMG_4680-150x150.jpg 150w, https:\/\/agora.xtec.cat\/ceiprieraderibes\/wp-content\/uploads\/usu901\/2017\/05\/IMG_4680-300x300.jpg 300w\" sizes=\"auto, (max-width: 376px) 100vw, 376px\" \/><\/a>\n\t\t\t<\/dt>\n\t\t\t\t<dd class='wp-caption-text gallery-caption' id='gallery-1-6896'>\n\t\t\t\t.\n\t\t\t\t<\/dd><\/dl>\n\t\t\t<br style='clear: both' \/>\n\t\t<\/div>\n<br \/>\nEls dies 26, 27 i 28 d&#8217;abril del 2017 es va fer el Septim\u00ed Creatiu &#8220;Baixa la Riera&#8221; basat en la teoria de les intel\u00b7lig\u00e8ncies m\u00faltiples.<br \/>\nUn Septim\u00ed \u00e9s qualsevol pe\u00e7a art\u00edstica organitzada en set. El n\u00famero set \u00e9s m\u00e0gic i simb\u00f2lic. El set tamb\u00e9 \u00e9s el nombre de les intel\u00b7lig\u00e8ncies humanes, teoria expressada pel Dr. Howard Gardner, de la universitat de Harvard.<br \/>\nD&#8217;aquesta manera novedosa i genial \u00e9s com l&#8217;escola Riera de Ribes ha volgut fer una de les celebracions dels seus quinze anys. Han estat quinze anys d&#8217;educar als infants en la particularitat, en les difer\u00e8ncies que ens fan \u00fanics. &#8220;Baixa la Riera&#8221; ha donat l&#8217;oportunitat als nens i a les nenes a treballar en una de les intel\u00b7lig\u00e8ncies de la m\u00e0 d&#8217;un artista convidat.<br \/>\nLa nota DO articulada a partir d&#8217;un taller de percussi\u00f3 corporal impartit pel m\u00fasic Josep &#8220;Pinyu&#8221;.<br \/>\nLa nota RE un taller de dansa que ha servit per treballar les relacions del cos amb l&#8217;entorn, les formes, els tamanys i les proporcions per la ballarina Montse Vidal.<br \/>\nLa nota MI a c\u00e0rrec de l&#8217;artista sonora Eli Gras amb un taller d&#8217;intel\u00b7lig\u00e8ncia musical.<br \/>\nLa nota FA ha estat un taller d&#8217;escenografia i \u00e9s la que es relaciona amb el m\u00f3n exterior. La creaci\u00f3, l&#8217;organitzaci\u00f3 i la gesti\u00f3 dels espais i convertir l&#8217;escola amb un gran escenari tamb\u00e9 de la m\u00e0 de la Montse Vidal.<br \/>\nLa nota SOL on l&#8217;Eli Gras tamb\u00e9 s&#8217;ha ocupat de la intel\u00b7lig\u00e8ncia ling\u00fc\u00edstica amb un taller de jocs de paraules &#8230; des de l&#8217;absurd i la seva articulaci\u00f3 per convertir-les en hist\u00f2ries coherents.<br \/>\nLa nota LA que serveix per afinar tamb\u00e9 s&#8217;ha ocupat en Pinyu amb un taller de ritmes.<br \/>\nLa nota SI un taller d&#8217;expressi\u00f3 d&#8217;emocions i s&#8217;ha encarregat l&#8217;actor Jes\u00fas Soler treballant des del teatre i l&#8217;expressi\u00f3 pl\u00e0stica.<br \/>\nMestres assistents: Dani, Mar, C\u00e8lia, Eva, N\u00faria B, M\u00f3nica, Noe.<\/p>\n<p>Esteve Molero, Director de &#8220;Baixa la Riera&#8221;.<\/p>\n","protected":false},"excerpt":{"rendered":"<p>Septim\u00ed Creatiu Baixa la Riera.&hellip;  <a href=\"https:\/\/agora.xtec.cat\/ceiprieraderibes\/una-escola-per-a-tothom-4\/avui-parlem-de-baixa-la-riera-septimi-creatiu\/\" title=\"Read AVUI PARLEM DE &#8230; BAIXA LA RIERA. SEPTIM\u00cd CREATIU.\">Llegeix m\u00e9s\u00bb<\/a><\/p>\n","protected":false},"author":1,"featured_media":6896,"comment_status":"open","ping_status":"closed","sticky":false,"template":"","format":"standard","meta":{"_bbp_topic_count":0,"_bbp_reply_count":0,"_bbp_total_topic_count":0,"_bbp_total_reply_count":0,"_bbp_voice_count":0,"_bbp_anonymous_reply_count":0,"_bbp_topic_count_hidden":0,"_bbp_reply_count_hidden":0,"_bbp_forum_subforum_count":0,"footnotes":""},"categories":[175],"tags":[],"class_list":["post-6768","post","type-post","status-publish","format-standard","has-post-thumbnail","hentry","category-una-escola-per-a-tothom-4"],"post_mailing_queue_ids":[],"_links":{"self":[{"href":"https:\/\/agora.xtec.cat\/ceiprieraderibes\/wp-json\/wp\/v2\/posts\/6768","targetHints":{"allow":["GET"]}}],"collection":[{"href":"https:\/\/agora.xtec.cat\/ceiprieraderibes\/wp-json\/wp\/v2\/posts"}],"about":[{"href":"https:\/\/agora.xtec.cat\/ceiprieraderibes\/wp-json\/wp\/v2\/types\/post"}],"author":[{"embeddable":true,"href":"https:\/\/agora.xtec.cat\/ceiprieraderibes\/wp-json\/wp\/v2\/users\/1"}],"replies":[{"embeddable":true,"href":"https:\/\/agora.xtec.cat\/ceiprieraderibes\/wp-json\/wp\/v2\/comments?post=6768"}],"version-history":[{"count":3,"href":"https:\/\/agora.xtec.cat\/ceiprieraderibes\/wp-json\/wp\/v2\/posts\/6768\/revisions"}],"predecessor-version":[{"id":6939,"href":"https:\/\/agora.xtec.cat\/ceiprieraderibes\/wp-json\/wp\/v2\/posts\/6768\/revisions\/6939"}],"wp:featuredmedia":[{"embeddable":true,"href":"https:\/\/agora.xtec.cat\/ceiprieraderibes\/wp-json\/wp\/v2\/media\/6896"}],"wp:attachment":[{"href":"https:\/\/agora.xtec.cat\/ceiprieraderibes\/wp-json\/wp\/v2\/media?parent=6768"}],"wp:term":[{"taxonomy":"category","embeddable":true,"href":"https:\/\/agora.xtec.cat\/ceiprieraderibes\/wp-json\/wp\/v2\/categories?post=6768"},{"taxonomy":"post_tag","embeddable":true,"href":"https:\/\/agora.xtec.cat\/ceiprieraderibes\/wp-json\/wp\/v2\/tags?post=6768"}],"curies":[{"name":"wp","href":"https:\/\/api.w.org\/{rel}","templated":true}]}}