{"id":6746,"date":"2017-06-21T07:31:15","date_gmt":"2017-06-21T05:31:15","guid":{"rendered":"http:\/\/agora.xtec.cat\/ceiprieraderibes\/?p=6746"},"modified":"2020-06-30T08:50:16","modified_gmt":"2020-06-30T06:50:16","slug":"espai-ampa-comiat-del-curs-2016-2017","status":"publish","type":"post","link":"https:\/\/agora.xtec.cat\/ceiprieraderibes\/afa\/espai-ampa-comiat-del-curs-2016-2017\/","title":{"rendered":"ESPAI AMPA : COMIAT DEL CURS 2016-2017"},"content":{"rendered":"<p>Benvolgudes fam\u00edlies,<br \/>\nun any m\u00e9s ens complau saludar-vos amb el desig que enguany hagi estat un curs ple de sorpreses i bones experi\u00e8ncies. Esperem que els que van iniciar P3 hagin gaudit del nou curs i ens acomiadem dels alumnes de 6\u00e8 amb l\u2019esperan\u00e7a que tinguin molt sort en aquest nou cam\u00ed que emprendran el proper curs i que recordin l\u2019escola la Riera per sempre.<br \/>\nLa Junta de l\u2019Ampa i l\u2019Equip directiu treballem conjuntament per aconseguir una millor escola dia a dia. Aquest objectiu seria impossible sense les comissions que participen en el bon funcionament de l\u2019escola. Volem aprofitar per agrair totes les mestres i fam\u00edlies que hi formen part i que fan possible construir una Comunitat Educativa m\u00e9s participativa.<br \/>\nLa Junta i l\u2019Equip Directiu seguiran treballant el curs que ve per aconseguir una escola de tots i per a tots. Us animem en fer-nos arribar noves propostes i iniciatives per aconseguir-ho.<br \/>\nFeli\u00e7 Estiu!!<\/p>\n<p>Restem a la vostra disposici\u00f3,<br \/>\nassociacioriera@gmail.com<\/p>\n","protected":false},"excerpt":{"rendered":"<p>Benvolgudes fam\u00edlies,<br \/>\nun any m\u00e9s ens complau saludar-vos amb el desig que enguany hagi estat un curs ple de sorpreses i bones experi\u00e8ncies. Esperem que els que van iniciar P3 hagin gaudit del nou curs i ens acomiadem dels alumnes de 6\u00e8 amb l\u2019esperan\u00e7a que tinguin&hellip;  <a href=\"https:\/\/agora.xtec.cat\/ceiprieraderibes\/afa\/espai-ampa-comiat-del-curs-2016-2017\/\" title=\"Read ESPAI AMPA : COMIAT DEL CURS 2016-2017\">Llegeix m\u00e9s\u00bb<\/a><\/p>\n","protected":false},"author":1,"featured_media":0,"comment_status":"open","ping_status":"closed","sticky":false,"template":"","format":"standard","meta":{"_bbp_topic_count":0,"_bbp_reply_count":0,"_bbp_total_topic_count":0,"_bbp_total_reply_count":0,"_bbp_voice_count":0,"_bbp_anonymous_reply_count":0,"_bbp_topic_count_hidden":0,"_bbp_reply_count_hidden":0,"_bbp_forum_subforum_count":0,"footnotes":""},"categories":[7,176],"tags":[],"class_list":["post-6746","post","type-post","status-publish","format-standard","hentry","category-afa","category-una-escola-per-a-tothom-5"],"post_mailing_queue_ids":[],"_links":{"self":[{"href":"https:\/\/agora.xtec.cat\/ceiprieraderibes\/wp-json\/wp\/v2\/posts\/6746","targetHints":{"allow":["GET"]}}],"collection":[{"href":"https:\/\/agora.xtec.cat\/ceiprieraderibes\/wp-json\/wp\/v2\/posts"}],"about":[{"href":"https:\/\/agora.xtec.cat\/ceiprieraderibes\/wp-json\/wp\/v2\/types\/post"}],"author":[{"embeddable":true,"href":"https:\/\/agora.xtec.cat\/ceiprieraderibes\/wp-json\/wp\/v2\/users\/1"}],"replies":[{"embeddable":true,"href":"https:\/\/agora.xtec.cat\/ceiprieraderibes\/wp-json\/wp\/v2\/comments?post=6746"}],"version-history":[{"count":3,"href":"https:\/\/agora.xtec.cat\/ceiprieraderibes\/wp-json\/wp\/v2\/posts\/6746\/revisions"}],"predecessor-version":[{"id":10593,"href":"https:\/\/agora.xtec.cat\/ceiprieraderibes\/wp-json\/wp\/v2\/posts\/6746\/revisions\/10593"}],"wp:attachment":[{"href":"https:\/\/agora.xtec.cat\/ceiprieraderibes\/wp-json\/wp\/v2\/media?parent=6746"}],"wp:term":[{"taxonomy":"category","embeddable":true,"href":"https:\/\/agora.xtec.cat\/ceiprieraderibes\/wp-json\/wp\/v2\/categories?post=6746"},{"taxonomy":"post_tag","embeddable":true,"href":"https:\/\/agora.xtec.cat\/ceiprieraderibes\/wp-json\/wp\/v2\/tags?post=6746"}],"curies":[{"name":"wp","href":"https:\/\/api.w.org\/{rel}","templated":true}]}}