{"id":6714,"date":"2017-05-28T12:04:36","date_gmt":"2017-05-28T10:04:36","guid":{"rendered":"http:\/\/agora.xtec.cat\/ceiprieraderibes\/?p=6714"},"modified":"2018-01-29T22:44:45","modified_gmt":"2018-01-29T21:44:45","slug":"la-robotica-a-lescola-riera-de-ribes-curs-1617","status":"publish","type":"post","link":"https:\/\/agora.xtec.cat\/ceiprieraderibes\/generacio-2007\/la-robotica-a-lescola-riera-de-ribes-curs-1617\/","title":{"rendered":"La ROB\u00d2TICA  a l&#8217;escola Riera de Ribes curs 16\/17."},"content":{"rendered":"<p>Aquest curs hem fet rob\u00f2tica o creant el nostre robot, videojoc o APP. Tots\/es i les\/els nenes\/nens de Segon Cicle que ten\u00edem inter\u00e8s en fer o el despert\u00e0vem hem fet una passejada per l&#8217;escola per tal de detectar possibles necessitats i segons els nostres interessos les hem creat. De 150 nens i nenes 83 hem estat molt actius!!!!<br \/>\nUn petit grup volia aprendre a fer \u00fas del web i con\u00e8ixer la creaci\u00f3 d&#8217;un APP. Han fet una mirada per dins del web i han dissenyat un parell d&#8217;APPs: una per Sant Jordi on poder consultar espai i confer\u00e8ncies i l&#8217;altre per fer una cursa d&#8217;orientaci\u00f3 amb geolocalitzaci\u00f3 i possibilitat d&#8217;escriure notes damunt una foto del planell. Han vist com crear una fusion table i l&#8217;han omplert amb les dades, aix\u00ed des del n\u00favol enlla\u00e7ar-la a la seva APP. Amb l&#8217;ajuda de la mestra i l&#8217;APPinventor.<br \/>\nUn altre grup ha fet una mirada a l&#8217;Scratch i amb la resta de companys de Segon Cicle han compartit amb textos reflexius &#8230; les idees de qu\u00e8 fer videojocs i quin contingut podria interessar aprendre. Seguim treballant!!!<\/p>\n<p>A la darrera <strong>Roda de preguntes<\/strong> hem preparat la presentaci\u00f3 i ens hem organitzat per portar al <strong>Citilab<\/strong> les nostres creacions rob\u00f2tiques i fer un taller d&#8217;alumnes. Tamb\u00e9 l&#8217;escola ha portat una pon\u00e8ncia per explicar qu\u00e8 fem i com ho fem. I tamb\u00e9 hem preparat pel Congr\u00e9s de Ci\u00e8ncia de la Polit\u00e8cnica dues pon\u00e8ncies on hem extret <strong>la F\u00edsica del Moviment Programat<\/strong>.<br \/>\nEl grup de <strong>robots <\/strong>va trobar unes possibles necessitats: A la sala de mestres crear un robot per ensabonar plats i gots; al menjador un escura plats que agilitz\u00e9s la neteja i pel pis de Segon Cicle hem generat un REPTE de futur per atendre la necessitat de repartir materials.<\/p>\n<p><strong>A l&#8217;escola creiem que aprenem m\u00e9s i millor quan en una situaci\u00f3 ens sorgeixen preguntes i la rob\u00f2tica ens permet fer-nos preguntes en situacions reals.<\/strong><\/p>\n<p>\n\t\t<style type=\"text\/css\">\n\t\t\t#gallery-1 {\n\t\t\t\tmargin: auto;\n\t\t\t}\n\t\t\t#gallery-1 .gallery-item {\n\t\t\t\tfloat: left;\n\t\t\t\tmargin-top: 10px;\n\t\t\t\ttext-align: center;\n\t\t\t\twidth: 50%;\n\t\t\t}\n\t\t\t#gallery-1 img {\n\t\t\t\tborder: 2px solid #cfcfcf;\n\t\t\t}\n\t\t\t#gallery-1 .gallery-caption {\n\t\t\t\tmargin-left: 0;\n\t\t\t}\n\t\t\t\/* see gallery_shortcode() in wp-includes\/media.php *\/\n\t\t<\/style>\n\t\t<div id='gallery-1' class='gallery galleryid-6714 gallery-columns-2 gallery-size-large'><dl class='gallery-item'>\n\t\t\t<dt class='gallery-icon landscape'>\n\t\t\t\t<a href='https:\/\/agora.xtec.cat\/ceiprieraderibes\/generacio-2007\/la-robotica-a-lescola-riera-de-ribes-curs-1617\/attachment\/fullsizerender1-4\/'><img loading=\"lazy\" decoding=\"async\" width=\"1024\" height=\"903\" src=\"https:\/\/agora.xtec.cat\/ceiprieraderibes\/wp-content\/uploads\/usu901\/2017\/05\/FullSizeRender1-1024x903.jpg\" class=\"attachment-large size-large\" alt=\"\" aria-describedby=\"gallery-1-6715\" srcset=\"https:\/\/agora.xtec.cat\/ceiprieraderibes\/wp-content\/uploads\/usu901\/2017\/05\/FullSizeRender1-1024x903.jpg 1024w, https:\/\/agora.xtec.cat\/ceiprieraderibes\/wp-content\/uploads\/usu901\/2017\/05\/FullSizeRender1-300x265.jpg 300w, https:\/\/agora.xtec.cat\/ceiprieraderibes\/wp-content\/uploads\/usu901\/2017\/05\/FullSizeRender1-768x677.jpg 768w\" sizes=\"auto, (max-width: 1024px) 100vw, 1024px\" \/><\/a>\n\t\t\t<\/dt>\n\t\t\t\t<dd class='wp-caption-text gallery-caption' id='gallery-1-6715'>\n\t\t\t\tEl circuit\n\t\t\t\t<\/dd><\/dl><dl class='gallery-item'>\n\t\t\t<dt class='gallery-icon landscape'>\n\t\t\t\t<a href='https:\/\/agora.xtec.cat\/ceiprieraderibes\/generacio-2007\/la-robotica-a-lescola-riera-de-ribes-curs-1617\/attachment\/img_4893\/'><img loading=\"lazy\" decoding=\"async\" width=\"1024\" height=\"768\" src=\"https:\/\/agora.xtec.cat\/ceiprieraderibes\/wp-content\/uploads\/usu901\/2017\/05\/IMG_4893-1024x768.jpg\" class=\"attachment-large size-large\" alt=\"\" aria-describedby=\"gallery-1-6716\" srcset=\"https:\/\/agora.xtec.cat\/ceiprieraderibes\/wp-content\/uploads\/usu901\/2017\/05\/IMG_4893-1024x768.jpg 1024w, https:\/\/agora.xtec.cat\/ceiprieraderibes\/wp-content\/uploads\/usu901\/2017\/05\/IMG_4893-300x225.jpg 300w, https:\/\/agora.xtec.cat\/ceiprieraderibes\/wp-content\/uploads\/usu901\/2017\/05\/IMG_4893-768x576.jpg 768w, https:\/\/agora.xtec.cat\/ceiprieraderibes\/wp-content\/uploads\/usu901\/2017\/05\/IMG_4893-200x150.jpg 200w\" sizes=\"auto, (max-width: 1024px) 100vw, 1024px\" \/><\/a>\n\t\t\t<\/dt>\n\t\t\t\t<dd class='wp-caption-text gallery-caption' id='gallery-1-6716'>\n\t\t\t\tLa S\u00ednia\n\t\t\t\t<\/dd><\/dl><br style=\"clear: both\" \/><dl class='gallery-item'>\n\t\t\t<dt class='gallery-icon landscape'>\n\t\t\t\t<a href='https:\/\/agora.xtec.cat\/ceiprieraderibes\/generacio-2007\/la-robotica-a-lescola-riera-de-ribes-curs-1617\/attachment\/img_5483\/'><img loading=\"lazy\" decoding=\"async\" width=\"1024\" height=\"768\" src=\"https:\/\/agora.xtec.cat\/ceiprieraderibes\/wp-content\/uploads\/usu901\/2017\/05\/IMG_5483-1024x768.jpg\" class=\"attachment-large size-large\" alt=\"\" aria-describedby=\"gallery-1-6717\" srcset=\"https:\/\/agora.xtec.cat\/ceiprieraderibes\/wp-content\/uploads\/usu901\/2017\/05\/IMG_5483-1024x768.jpg 1024w, https:\/\/agora.xtec.cat\/ceiprieraderibes\/wp-content\/uploads\/usu901\/2017\/05\/IMG_5483-300x225.jpg 300w, https:\/\/agora.xtec.cat\/ceiprieraderibes\/wp-content\/uploads\/usu901\/2017\/05\/IMG_5483-768x576.jpg 768w, https:\/\/agora.xtec.cat\/ceiprieraderibes\/wp-content\/uploads\/usu901\/2017\/05\/IMG_5483-200x150.jpg 200w\" sizes=\"auto, (max-width: 1024px) 100vw, 1024px\" \/><\/a>\n\t\t\t<\/dt>\n\t\t\t\t<dd class='wp-caption-text gallery-caption' id='gallery-1-6717'>\n\t\t\t\tProgramar amb Scratch\n\t\t\t\t<\/dd><\/dl><dl class='gallery-item'>\n\t\t\t<dt class='gallery-icon portrait'>\n\t\t\t\t<a href='https:\/\/agora.xtec.cat\/ceiprieraderibes\/generacio-2007\/la-robotica-a-lescola-riera-de-ribes-curs-1617\/attachment\/fullsizerender2-3\/'><img loading=\"lazy\" decoding=\"async\" width=\"648\" height=\"1024\" src=\"https:\/\/agora.xtec.cat\/ceiprieraderibes\/wp-content\/uploads\/usu901\/2017\/05\/FullSizeRender2-648x1024.jpg\" class=\"attachment-large size-large\" alt=\"\" aria-describedby=\"gallery-1-6718\" srcset=\"https:\/\/agora.xtec.cat\/ceiprieraderibes\/wp-content\/uploads\/usu901\/2017\/05\/FullSizeRender2-648x1024.jpg 648w, https:\/\/agora.xtec.cat\/ceiprieraderibes\/wp-content\/uploads\/usu901\/2017\/05\/FullSizeRender2-190x300.jpg 190w, https:\/\/agora.xtec.cat\/ceiprieraderibes\/wp-content\/uploads\/usu901\/2017\/05\/FullSizeRender2-768x1214.jpg 768w\" sizes=\"auto, (max-width: 648px) 100vw, 648px\" \/><\/a>\n\t\t\t<\/dt>\n\t\t\t\t<dd class='wp-caption-text gallery-caption' id='gallery-1-6718'>\n\t\t\t\tEl robot&#8221; Ensabona-plats&#8221;\n\t\t\t\t<\/dd><\/dl><br style=\"clear: both\" \/>\n\t\t<\/div>\n<br \/>\n<iframe loading=\"lazy\" src=\"https:\/\/player.vimeo.com\/video\/219267166\" width=\"640\" height=\"360\" frameborder=\"0\" allowfullscreen=\"allowfullscreen\"><\/iframe><\/p>\n<p><a href=\"https:\/\/vimeo.com\/219267166\">ROBOTSMUNTATGE<\/a> from <a href=\"https:\/\/vimeo.com\/user35355532\">Riera de Ribes<\/a> on <a href=\"https:\/\/vimeo.com\">Vimeo<\/a>.<\/p>\n<p><iframe loading=\"lazy\" src=\"https:\/\/player.vimeo.com\/video\/219268638\" width=\"640\" height=\"360\" frameborder=\"0\" allowfullscreen=\"allowfullscreen\"><\/iframe><\/p>\n<p><a href=\"https:\/\/vimeo.com\/219268638\">Experi\u00e8ncies A2 DissenyarCrear<\/a> from <a href=\"https:\/\/vimeo.com\/user35355532\">Riera de Ribes<\/a> on <a href=\"https:\/\/vimeo.com\">Vimeo<\/a>.<\/p>\n","protected":false},"excerpt":{"rendered":"<p>Emocionar per aprendre i CREAR!&hellip;  <a href=\"https:\/\/agora.xtec.cat\/ceiprieraderibes\/generacio-2007\/la-robotica-a-lescola-riera-de-ribes-curs-1617\/\" title=\"Read La ROB\u00d2TICA  a l&#8217;escola Riera de Ribes curs 16\/17.\">Llegeix m\u00e9s\u00bb<\/a><\/p>\n","protected":false},"author":1,"featured_media":6718,"comment_status":"open","ping_status":"closed","sticky":false,"template":"","format":"standard","meta":{"_bbp_topic_count":0,"_bbp_reply_count":0,"_bbp_total_topic_count":0,"_bbp_total_reply_count":0,"_bbp_voice_count":0,"_bbp_anonymous_reply_count":0,"_bbp_topic_count_hidden":0,"_bbp_reply_count_hidden":0,"_bbp_forum_subforum_count":0,"footnotes":""},"categories":[54,53,52],"tags":[],"class_list":["post-6714","post","type-post","status-publish","format-standard","has-post-thumbnail","hentry","category-generacio-2005","category-generacio-2006","category-generacio-2007"],"post_mailing_queue_ids":[],"_links":{"self":[{"href":"https:\/\/agora.xtec.cat\/ceiprieraderibes\/wp-json\/wp\/v2\/posts\/6714","targetHints":{"allow":["GET"]}}],"collection":[{"href":"https:\/\/agora.xtec.cat\/ceiprieraderibes\/wp-json\/wp\/v2\/posts"}],"about":[{"href":"https:\/\/agora.xtec.cat\/ceiprieraderibes\/wp-json\/wp\/v2\/types\/post"}],"author":[{"embeddable":true,"href":"https:\/\/agora.xtec.cat\/ceiprieraderibes\/wp-json\/wp\/v2\/users\/1"}],"replies":[{"embeddable":true,"href":"https:\/\/agora.xtec.cat\/ceiprieraderibes\/wp-json\/wp\/v2\/comments?post=6714"}],"version-history":[{"count":4,"href":"https:\/\/agora.xtec.cat\/ceiprieraderibes\/wp-json\/wp\/v2\/posts\/6714\/revisions"}],"predecessor-version":[{"id":7577,"href":"https:\/\/agora.xtec.cat\/ceiprieraderibes\/wp-json\/wp\/v2\/posts\/6714\/revisions\/7577"}],"wp:featuredmedia":[{"embeddable":true,"href":"https:\/\/agora.xtec.cat\/ceiprieraderibes\/wp-json\/wp\/v2\/media\/6718"}],"wp:attachment":[{"href":"https:\/\/agora.xtec.cat\/ceiprieraderibes\/wp-json\/wp\/v2\/media?parent=6714"}],"wp:term":[{"taxonomy":"category","embeddable":true,"href":"https:\/\/agora.xtec.cat\/ceiprieraderibes\/wp-json\/wp\/v2\/categories?post=6714"},{"taxonomy":"post_tag","embeddable":true,"href":"https:\/\/agora.xtec.cat\/ceiprieraderibes\/wp-json\/wp\/v2\/tags?post=6714"}],"curies":[{"name":"wp","href":"https:\/\/api.w.org\/{rel}","templated":true}]}}