{"id":6650,"date":"2017-04-24T08:12:48","date_gmt":"2017-04-24T06:12:48","guid":{"rendered":"http:\/\/agora.xtec.cat\/ceiprieraderibes\/?p=6650"},"modified":"2017-04-24T08:14:36","modified_gmt":"2017-04-24T06:14:36","slug":"x-congres-de-sant-jordi-a-lescola-riera-de-ribes","status":"publish","type":"post","link":"https:\/\/agora.xtec.cat\/ceiprieraderibes\/portada\/x-congres-de-sant-jordi-a-lescola-riera-de-ribes\/","title":{"rendered":"X CONGR\u00c9S DE SANT JORDI A L&#8217;ESCOLA RIERA DE RIBES."},"content":{"rendered":"<p>El 21 d&#8217;abril hem celebrat a l&#8217;escola el X Congr\u00e9s de Sant Jordi. La inauguraci\u00f3 ha estat a c\u00e0rrec de Bea Castan referent fonamental de l&#8217;escola Riera de Ribes. Moltes gr\u00e0cies a tots i totes i felicitats a tots els PONENTS i sobretot Feli\u00e7 Diada de Sant Jordi!!!!<\/p>\n<p>\n\t\t<style type=\"text\/css\">\n\t\t\t#gallery-1 {\n\t\t\t\tmargin: auto;\n\t\t\t}\n\t\t\t#gallery-1 .gallery-item {\n\t\t\t\tfloat: left;\n\t\t\t\tmargin-top: 10px;\n\t\t\t\ttext-align: center;\n\t\t\t\twidth: 33%;\n\t\t\t}\n\t\t\t#gallery-1 img {\n\t\t\t\tborder: 2px solid #cfcfcf;\n\t\t\t}\n\t\t\t#gallery-1 .gallery-caption {\n\t\t\t\tmargin-left: 0;\n\t\t\t}\n\t\t\t\/* see gallery_shortcode() in wp-includes\/media.php *\/\n\t\t<\/style>\n\t\t<div id='gallery-1' class='gallery galleryid-6650 gallery-columns-3 gallery-size-medium'><dl class='gallery-item'>\n\t\t\t<dt class='gallery-icon landscape'>\n\t\t\t\t<a href='https:\/\/agora.xtec.cat\/ceiprieraderibes\/pagines-dinici\/pagina-dinici-buida\/attachment\/img_4409\/'><img loading=\"lazy\" decoding=\"async\" width=\"300\" height=\"225\" src=\"https:\/\/agora.xtec.cat\/ceiprieraderibes\/wp-content\/uploads\/usu901\/2014\/09\/IMG_4409-300x225.jpg\" class=\"attachment-medium size-medium\" alt=\"\" srcset=\"https:\/\/agora.xtec.cat\/ceiprieraderibes\/wp-content\/uploads\/usu901\/2014\/09\/IMG_4409-300x225.jpg 300w, https:\/\/agora.xtec.cat\/ceiprieraderibes\/wp-content\/uploads\/usu901\/2014\/09\/IMG_4409-768x576.jpg 768w, https:\/\/agora.xtec.cat\/ceiprieraderibes\/wp-content\/uploads\/usu901\/2014\/09\/IMG_4409-1024x768.jpg 1024w, https:\/\/agora.xtec.cat\/ceiprieraderibes\/wp-content\/uploads\/usu901\/2014\/09\/IMG_4409-200x150.jpg 200w\" sizes=\"auto, (max-width: 300px) 100vw, 300px\" \/><\/a>\n\t\t\t<\/dt><\/dl><dl class='gallery-item'>\n\t\t\t<dt class='gallery-icon landscape'>\n\t\t\t\t<a href='https:\/\/agora.xtec.cat\/ceiprieraderibes\/pagines-dinici\/pagina-dinici-buida\/attachment\/fullsizerender2-2\/'><img loading=\"lazy\" decoding=\"async\" width=\"300\" height=\"225\" src=\"https:\/\/agora.xtec.cat\/ceiprieraderibes\/wp-content\/uploads\/usu901\/2014\/09\/FullSizeRender2-300x225.jpg\" class=\"attachment-medium size-medium\" alt=\"\" srcset=\"https:\/\/agora.xtec.cat\/ceiprieraderibes\/wp-content\/uploads\/usu901\/2014\/09\/FullSizeRender2-300x225.jpg 300w, https:\/\/agora.xtec.cat\/ceiprieraderibes\/wp-content\/uploads\/usu901\/2014\/09\/FullSizeRender2-768x576.jpg 768w, https:\/\/agora.xtec.cat\/ceiprieraderibes\/wp-content\/uploads\/usu901\/2014\/09\/FullSizeRender2-1024x768.jpg 1024w, https:\/\/agora.xtec.cat\/ceiprieraderibes\/wp-content\/uploads\/usu901\/2014\/09\/FullSizeRender2-200x150.jpg 200w\" sizes=\"auto, (max-width: 300px) 100vw, 300px\" \/><\/a>\n\t\t\t<\/dt><\/dl><dl class='gallery-item'>\n\t\t\t<dt class='gallery-icon portrait'>\n\t\t\t\t<a href='https:\/\/agora.xtec.cat\/ceiprieraderibes\/pagines-dinici\/pagina-dinici-buida\/attachment\/fullsizerender-3\/'><img loading=\"lazy\" decoding=\"async\" width=\"222\" height=\"300\" src=\"https:\/\/agora.xtec.cat\/ceiprieraderibes\/wp-content\/uploads\/usu901\/2014\/09\/FullSizeRender-222x300.jpg\" class=\"attachment-medium size-medium\" alt=\"\" aria-describedby=\"gallery-1-6626\" srcset=\"https:\/\/agora.xtec.cat\/ceiprieraderibes\/wp-content\/uploads\/usu901\/2014\/09\/FullSizeRender-222x300.jpg 222w, https:\/\/agora.xtec.cat\/ceiprieraderibes\/wp-content\/uploads\/usu901\/2014\/09\/FullSizeRender-768x1037.jpg 768w, https:\/\/agora.xtec.cat\/ceiprieraderibes\/wp-content\/uploads\/usu901\/2014\/09\/FullSizeRender-758x1024.jpg 758w, https:\/\/agora.xtec.cat\/ceiprieraderibes\/wp-content\/uploads\/usu901\/2014\/09\/FullSizeRender.jpg 1771w\" sizes=\"auto, (max-width: 222px) 100vw, 222px\" \/><\/a>\n\t\t\t<\/dt>\n\t\t\t\t<dd class='wp-caption-text gallery-caption' id='gallery-1-6626'>\n\t\t\t\t.\n\t\t\t\t<\/dd><\/dl><br style=\"clear: both\" \/>\n\t\t<\/div>\n<br \/>\n<iframe loading=\"lazy\" src=\"https:\/\/player.vimeo.com\/video\/214451057\" width=\"640\" height=\"360\" frameborder=\"0\" webkitallowfullscreen mozallowfullscreen allowfullscreen><\/iframe><\/p>\n<p><a href=\"https:\/\/vimeo.com\/214451057\">X CONGR&Eacute;S DE SANT JORDI ESCOLA RIERA DE RIBES<\/a> from <a href=\"https:\/\/vimeo.com\/user35355532\">Riera de Ribes<\/a> on <a href=\"https:\/\/vimeo.com\">Vimeo<\/a>.<\/p>\n","protected":false},"excerpt":{"rendered":"<p>El 21 d&#8217;abril hem celebrat a l&#8217;escola el X Congr\u00e9s de Sant Jordi. La inauguraci\u00f3 ha estat a c\u00e0rrec de Bea Castan referent fonamental de l&#8217;escola Riera de Ribes. Moltes gr\u00e0cies a tots i totes i felicitats a tots els PONENTS i sobretot Feli\u00e7 Diada&hellip;  <a href=\"https:\/\/agora.xtec.cat\/ceiprieraderibes\/portada\/x-congres-de-sant-jordi-a-lescola-riera-de-ribes\/\" title=\"Read X CONGR\u00c9S DE SANT JORDI A L&#8217;ESCOLA RIERA DE RIBES.\">Llegeix m\u00e9s\u00bb<\/a><\/p>\n","protected":false},"author":1,"featured_media":6644,"comment_status":"open","ping_status":"open","sticky":false,"template":"","format":"standard","meta":{"_bbp_topic_count":0,"_bbp_reply_count":0,"_bbp_total_topic_count":0,"_bbp_total_reply_count":0,"_bbp_voice_count":0,"_bbp_anonymous_reply_count":0,"_bbp_topic_count_hidden":0,"_bbp_reply_count_hidden":0,"_bbp_forum_subforum_count":0,"footnotes":""},"categories":[54,53,52,51,50,49,48,47,157,4],"tags":[],"class_list":["post-6650","post","type-post","status-publish","format-standard","has-post-thumbnail","hentry","category-generacio-2005","category-generacio-2006","category-generacio-2007","category-generacio-2008","category-generacio-2009","category-generacio-2010","category-generacio-2011","category-generacio-2012","category-generacio-2013","category-portada"],"post_mailing_queue_ids":[],"_links":{"self":[{"href":"https:\/\/agora.xtec.cat\/ceiprieraderibes\/wp-json\/wp\/v2\/posts\/6650","targetHints":{"allow":["GET"]}}],"collection":[{"href":"https:\/\/agora.xtec.cat\/ceiprieraderibes\/wp-json\/wp\/v2\/posts"}],"about":[{"href":"https:\/\/agora.xtec.cat\/ceiprieraderibes\/wp-json\/wp\/v2\/types\/post"}],"author":[{"embeddable":true,"href":"https:\/\/agora.xtec.cat\/ceiprieraderibes\/wp-json\/wp\/v2\/users\/1"}],"replies":[{"embeddable":true,"href":"https:\/\/agora.xtec.cat\/ceiprieraderibes\/wp-json\/wp\/v2\/comments?post=6650"}],"version-history":[{"count":1,"href":"https:\/\/agora.xtec.cat\/ceiprieraderibes\/wp-json\/wp\/v2\/posts\/6650\/revisions"}],"predecessor-version":[{"id":6651,"href":"https:\/\/agora.xtec.cat\/ceiprieraderibes\/wp-json\/wp\/v2\/posts\/6650\/revisions\/6651"}],"wp:featuredmedia":[{"embeddable":true,"href":"https:\/\/agora.xtec.cat\/ceiprieraderibes\/wp-json\/wp\/v2\/media\/6644"}],"wp:attachment":[{"href":"https:\/\/agora.xtec.cat\/ceiprieraderibes\/wp-json\/wp\/v2\/media?parent=6650"}],"wp:term":[{"taxonomy":"category","embeddable":true,"href":"https:\/\/agora.xtec.cat\/ceiprieraderibes\/wp-json\/wp\/v2\/categories?post=6650"},{"taxonomy":"post_tag","embeddable":true,"href":"https:\/\/agora.xtec.cat\/ceiprieraderibes\/wp-json\/wp\/v2\/tags?post=6650"}],"curies":[{"name":"wp","href":"https:\/\/api.w.org\/{rel}","templated":true}]}}