{"id":6621,"date":"2017-05-11T23:58:28","date_gmt":"2017-05-11T21:58:28","guid":{"rendered":"http:\/\/agora.xtec.cat\/ceiprieraderibes\/?p=6621"},"modified":"2020-01-28T15:23:36","modified_gmt":"2020-01-28T14:23:36","slug":"guia-per-les-juntes-de-lampa","status":"publish","type":"post","link":"https:\/\/agora.xtec.cat\/ceiprieraderibes\/afa\/guia-per-les-juntes-de-lampa\/","title":{"rendered":"GUIA PER LES JUNTES DE  L\u2019AMPA"},"content":{"rendered":"<p><strong>Finalitat<\/strong><\/p>\n<p><strong>\u00a0<\/strong>Aquesta guia no es d\u2019obligat compliment, per\u00f2 creiem qu\u00e8 pot ser \u00fatil per les noves juntes quan comencen.<\/p>\n<p><strong>\u00a0<\/strong>S\u2019ha de tenir clar que som una associaci\u00f3 independent amb la finalitat de treballar per l\u2019escola. Per tant, no podem prendre decisions sobre el menjador, extraescolars, temes pedag\u00f2gics o festes sense consultar l\u2019Equip Directiu.<\/p>\n<p>I hem de contribuir en tot el possible a la millora de la qualitat de l\u2019ensenyament del projecte educatiu de l\u2019escola.<\/p>\n<p>&nbsp;<\/p>\n<p><strong>Objectius generals<\/strong><strong>\u00a0<\/strong><\/p>\n<ul>\n<li>Representar a les fam\u00edlies.<\/li>\n<li>Con\u00e8ixer el projecte educatiu de l\u2019escola.<\/li>\n<li>Col\u00b7laborar amb l\u2019Equip Directiu Pel bon funcionament del projecte educatiu.<\/li>\n<li>Dinamitzar i promoure la participaci\u00f3 de les fam\u00edlies mitjan\u00e7ant les Comissions mixtes i els baula d\u2019aula i assemblea.<\/li>\n<li>Administrar i gestionar els recursos que aporten els associats per mitj\u00e0 dels ajuts per col\u00f2nies, festes, cangurs i altres.<\/li>\n<li>Participar amb un membre (a poder ser el president\/a) en el Consell Escolar.<\/li>\n<li>Participar en les diverses Comissions mixtes com a representants de la Junta.<\/li>\n<li>Assumir la gesti\u00f3 del servei de menjador escolar del centre, amb l\u2019aprovaci\u00f3 de la Direcci\u00f3 i el vist i plau del Consell Escolar.<\/li>\n<li>Establir canals de comunicaci\u00f3 efectius entre la junta i els socis.(via baules i consultes via web) tamb\u00e9 mitjan\u00e7ant les assemblees i el full informatiu.<\/li>\n<li>Assegurar el tractament confidencial de la base de dades com diu la llei de protecci\u00f3 de dades. Actualitzar la llista de socis anualment.<\/li>\n<\/ul>\n<p>A m\u00e9s a m\u00e9s els objectius que assenyala els estatuts de l\u2019AMPA de l\u2019escola Riera de Ribes.<\/p>\n<p>&nbsp;<\/p>\n<p><strong>L\u00edmits de la Junta\u00a0<\/strong><strong style=\"font-family: inherit; font-size: 1em;\">\u00a0<\/strong><\/p>\n<ul>\n<li>Col\u00b7laborar amb l\u2019Equip Directiu pel bon funcionament del projecte educatiu.<\/li>\n<li>Dinamitzar i promoure la participaci\u00f3 de les fam\u00edlies mitjan\u00e7ant les Comissions mixtes i els baula d\u2019aula.<\/li>\n<li>Participar amb un membre (a poder ser el president\/a) en el Consell Escolar.<\/li>\n<li>Participar en les diverses Comissions mixtes com a representants de la Junta. Les Comissions mixtes son \u00f2rgans consultius del Consell Escolar, no tenen poder de decisi\u00f3.<\/li>\n<li>A la Comissi\u00f3 Econ\u00f2mica i a la Comissi\u00f3 de Menjador \u00e9s obligada la pres\u00e8ncia d\u2019un membre de la Junta.<\/li>\n<\/ul>\n<p><strong>\u00a0<\/strong><\/p>\n<p><strong>Llistat de tasques i responsables<\/strong><strong>\u00a0<\/strong><\/p>\n<p><strong>Vincles<\/strong><\/p>\n<p><u>Assemblea \u00a0 \u00a0 \u00a0 \u00a0 \u00a0 \u00a0 \u00a0 \u00a0 \u00a0 \u00a0 \u00a0 \u00a0 \u00a0 \u00a0 \u00a0 \u00a0 \u00a0 \u00a0 \u00a0<strong>Convocar als socis\/es.<\/strong><\/u><\/p>\n<p><u>Equip Directiu \u00a0 \u00a0 \u00a0 \u00a0 \u00a0 \u00a0 \u00a0 \u00a0 \u00a0 \u00a0 \u00a0 \u00a0 \u00a0 \u00a0 \u00a0 \u00a0 \u00a0<strong>Reunions i xerrades peri\u00f2diques<\/strong><\/u><strong>.<\/strong><\/p>\n<p><u>Empresa de Menjador \u00a0 \u00a0 \u00a0 \u00a0 \u00a0 \u00a0 \u00a0 \u00a0 \u00a0 \u00a0 \u00a0<strong>Contracte, Control treballadors, aliments, formaci\u00f3 &#8230;<\/strong>\u00a0 <\/u><\/p>\n<p><u>AMPAs\u00a0\u00a0\u00a0\u00a0\u00a0\u00a0\u00a0\u00a0\u00a0\u00a0\u00a0\u00a0\u00a0\u00a0\u00a0\u00a0\u00a0\u00a0\u00a0\u00a0\u00a0\u00a0\u00a0\u00a0\u00a0\u00a0\u00a0\u00a0\u00a0\u00a0\u00a0\u00a0\u00a0\u00a0\u00a0\u00a0\u00a0\u00a0\u00a0\u00a0\u00a0\u00a0 <strong>Reunions interampas.<\/strong><\/u><\/p>\n<p><u>Ajuntament \u00a0 \u00a0 \u00a0 \u00a0 \u00a0 \u00a0 \u00a0 \u00a0 \u00a0 \u00a0 \u00a0 \u00a0 \u00a0 \u00a0 \u00a0 \u00a0 \u00a0 \u00a0\u00a0<strong>Reunions, Consell Escolar Municipa, Ajut per les Ampes.<\/strong><\/u><\/p>\n<p><u>FAPAC \u00a0 \u00a0 \u00a0 \u00a0 \u00a0 \u00a0 \u00a0 \u00a0 \u00a0 \u00a0 \u00a0 \u00a0 \u00a0 \u00a0 \u00a0 \u00a0 \u00a0 \u00a0 \u00a0 \u00a0 \u00a0\u00a0<strong>Recerca d\u2019informaci\u00f3, asseguran\u00e7a responsabilitat civil.<\/strong><\/u><\/p>\n<p><u>Consell Escolar \u00a0 \u00a0 \u00a0 \u00a0 \u00a0 \u00a0 \u00a0 \u00a0 \u00a0 \u00a0 \u00a0 \u00a0 \u00a0 \u00a0 \u00a0 \u00a0<strong>Assistir-hi, informar.<\/strong><\/u><\/p>\n<p><u>Baules d\u2019aula \u00a0 \u00a0 \u00a0 \u00a0 \u00a0 \u00a0 \u00a0 \u00a0 \u00a0 \u00a0 \u00a0 \u00a0 \u00a0 \u00a0 \u00a0 \u00a0 \u00a0<strong>Gesti\u00f3, convocar reunions, passar missatges&#8230;<\/strong><\/u><\/p>\n<p><u>Comissions mixtes \u00a0 \u00a0 \u00a0 \u00a0 \u00a0 \u00a0 \u00a0 \u00a0 \u00a0 \u00a0 \u00a0 \u00a0 \u00a0\u00a0<strong>Assistir \u00a0segur a la econ\u00f2mica i a la de menjador.<\/strong><\/u><\/p>\n<p>&nbsp;<\/p>\n<p><strong>Gesti\u00f3 Econ\u00f2mica (GE)<\/strong><\/p>\n<ul>\n<li>GE del material de cuina i electrodom\u00e8stics pel servei de menjador.<\/li>\n<li>GE de les quotes de soci.<\/li>\n<li>GE del 2% d\u2019ingressos per part del menjador en concepte de lloguer\/canon.<\/li>\n<li>GE de l\u2019ajut de l\u2019Ajuntament per les Ampes.<\/li>\n<\/ul>\n<p>Dins aquest apartat de GE s\u2019ha d\u2019afegir la gesti\u00f3 i coordinaci\u00f3 amb el gestor per tema de IVA i Impost de Societats.<\/p>\n<p>&nbsp;<\/p>\n<p><strong>Calendari de tasques<\/strong><strong>\u00a0<\/strong><\/p>\n<p><strong>Setembre<\/strong>:<\/p>\n<p>&#8211; Presentaci\u00f3 d\u2019inici de curs \u00a0 \u00a0 \u00a0 \u00a0 \u00a0 \u00a0 \u00a0 \u00a0 \u00a0 \u00a0 \u00a0 \u00a0 \u00a0 (Junta) \u00a0 \u00a0 \u00a0 \u00a0 \u00a0 \u00a0 \u00a0 \u00a0<strong>Fer un petit discurs<\/strong>.<\/p>\n<p>&#8211; Posada en marxa del reciclatge d\u2019oli \u00a0 \u00a0 \u00a0 \u00a0 \u00a0 \u00a0 (Junta) \u00a0 \u00a0 \u00a0 \u00a0 \u00a0 \u00a0 \u00a0\u00a0<strong>Control, demanar clakis.<\/strong><\/p>\n<p><strong>Octubre: <\/strong><\/p>\n<p>&#8211; Festa de la Castanyada \u00a0 \u00a0 \u00a0 \u00a0 \u00a0 \u00a0 \u00a0 \u00a0 \u00a0 \u00a0 \u00a0 \u00a0 \u00a0 \u00a0 \u00a0(C. Festes) \u00a0 \u00a0 \u00a0 \u00a0 \u00a0<strong>Roba, complements.<\/strong><\/p>\n<p><strong>Novembre:<\/strong><\/p>\n<p>&#8211; Gesti\u00f3 i organitzaci\u00f3 del Banc d\u2019aliments\u00a0\u00a0\u00a0\u00a0\u00a0 (Junta) \u00a0 \u00a0 \u00a0 \u00a0 \u00a0 \u00a0 \u00a0 \u00a0<strong>Organitzar-ho.<\/strong><\/p>\n<p>&#8211; Neteja del Bosquet \u00a0 \u00a0 \u00a0 \u00a0 \u00a0 \u00a0 \u00a0 \u00a0 \u00a0 \u00a0 \u00a0 \u00a0 \u00a0 \u00a0 \u00a0 \u00a0 \u00a0 \u00a0 (C. Festes) \u00a0 \u00a0 \u00a0 \u00a0 \u00a0<strong>Esmorzar.\u00a0\u00a0\u00a0\u00a0\u00a0\u00a0\u00a0\u00a0\u00a0\u00a0\u00a0\u00a0\u00a0 <\/strong><\/p>\n<p><strong>Desembre:<\/strong><\/p>\n<p>&#8211; Conveni de la subvenci\u00f3 Ajuntament-AMPA\u00a0 (Junta) \u00a0 \u00a0 \u00a0 \u00a0 \u00a0 \u00a0 \u00a0 \u00a0<strong>Signar conveni.<\/strong><\/p>\n<p>&#8211; Ti\u00f3 a Ed. Infantil i esmorzar \u00a0 \u00a0 \u00a0 \u00a0 \u00a0 \u00a0 \u00a0 \u00a0 \u00a0 \u00a0 \u00a0 \u00a0 (C. Festes) \u00a0 \u00a0 \u00a0 \u00a0 \u00a0<strong>Fer bosses, esmorzar.<\/strong><\/p>\n<p>&#8211; Reis segon cicle \u00a0 \u00a0 \u00a0 \u00a0 \u00a0 \u00a0 \u00a0 \u00a0 \u00a0 \u00a0 \u00a0 \u00a0 \u00a0 \u00a0 \u00a0 \u00a0 \u00a0 \u00a0 \u00a0 \u00a0 (Junta+C. Festes) <strong>Pagar \u00a0 \u00a0 \u00a0 \u00a0 \u00a0 \u00a0 \u00a0 \u00a0 \u00a0 \u00a0 \u00a0 \u00a0 \u00a0 \u00a0 \u00a0<\/strong><\/p>\n<p>&#8211; Nadales de fam\u00edlies ? \u00a0 \u00a0 \u00a0 \u00a0 \u00a0 \u00a0 \u00a0 \u00a0 \u00a0 \u00a0 \u00a0 \u00a0 \u00a0 \u00a0 \u00a0 \u00a0 (Junta, baula)<\/p>\n<p><strong>Gener:<\/strong><\/p>\n<p>-Col\u00b7laborar amb les comparses? \u00a0 \u00a0 \u00a0 \u00a0 \u00a0 \u00a0 \u00a0 \u00a0 \u00a0 (Menjador)\u00a0\u00a0\u00a0\u00a0\u00a0\u00a0\u00a0\u00a0\u00a0\u00a0\u00a0\u00a0\u00a0\u00a0\u00a0\u00a0\u00a0\u00a0\u00a0\u00a0\u00a0\u00a0\u00a0\u00a0\u00a0\u00a0 <strong>\u00a0\u00a0\u00a0\u00a0\u00a0\u00a0\u00a0\u00a0\u00a0\u00a0\u00a0\u00a0\u00a0\u00a0\u00a0 <\/strong><\/p>\n<p><strong>Febrer<\/strong>:<\/p>\n<p>-Carnaval \u00a0 \u00a0 \u00a0 \u00a0 \u00a0 \u00a0 \u00a0 \u00a0 \u00a0 \u00a0 \u00a0 \u00a0 \u00a0 \u00a0 \u00a0 \u00a0 \u00a0 \u00a0 \u00a0 \u00a0 \u00a0 \u00a0 \u00a0 \u00a0 \u00a0 \u00a0(C. Festes) \u00a0 \u00a0 \u00a0 \u00a0\u00a0<strong>Disfreces+generadors<\/strong>.<\/p>\n<p><strong>Abril:<\/strong><\/p>\n<p>&#8211; Esmorzar del Congres de St. Jordi \u00a0 \u00a0 \u00a0 \u00a0 \u00a0 \u00a0 \u00a0(Junta) \u00a0 \u00a0 \u00a0 \u00a0 \u00a0 \u00a0 \u00a0 \u00a0<strong>Pagar Esmorzar<\/strong>.<\/p>\n<p>&#8211; Personatges de St. Jordi a Ed. Infantil ?<\/p>\n<p><strong>Maig:<\/strong><\/p>\n<p>&#8211; Cantates ? \u00a0 \u00a0 \u00a0 \u00a0 \u00a0 \u00a0 \u00a0 \u00a0 \u00a0 \u00a0 \u00a0 \u00a0 \u00a0 \u00a0 \u00a0 \u00a0 \u00a0 \u00a0 \u00a0 \u00a0 \u00a0 \u00a0 \u00a0 (C. Festes, baula)<\/p>\n<p><strong>Juny:<\/strong><\/p>\n<p>&#8211; Festa de final de curs de l\u2019escola \u00a0 \u00a0 \u00a0 \u00a0 \u00a0 \u00a0 \u00a0 \u00a0(C. Festes) \u00a0 \u00a0 \u00a0 \u00a0 \u00a0<strong>Ajudar a la C. Festes<\/strong>.<\/p>\n<p>&#8211; Comiat de 6\u00e8 \u00a0 \u00a0 \u00a0 \u00a0 \u00a0 \u00a0 \u00a0 \u00a0 \u00a0 \u00a0 \u00a0 \u00a0 \u00a0 \u00a0 \u00a0 \u00a0 \u00a0 \u00a0 \u00a0 \u00a0 \u00a0 (Junta+escola)\u00a0\u00a0\u00a0\u00a0 <strong>Discurs+record escola.<\/strong><\/p>\n<p>&#8211; Tancament del reciclatge d\u2019oli \u00a0 \u00a0 \u00a0 \u00a0 \u00a0 \u00a0 \u00a0 \u00a0 \u00a0 \u00a0(Junta) \u00a0 \u00a0 \u00a0 \u00a0 \u00a0 \u00a0 \u00a0 \u00a0<strong>Retirar tot l\u2019oli<\/strong>.<\/p>\n<p>&nbsp;<\/p>\n<p>Altres tasques que s\u2019han de tenir presents s\u00f3n les que van sorgint al llarg del curs:<\/p>\n<p>&#8211; Comissions mixtes,<\/p>\n<p>&#8211; Col\u00b7laborar amb el full informatiu.<\/p>\n<p>&#8211; Web de l\u2019escola.<\/p>\n<p>&#8211; Renovar el contracte amb l\u2019empresa de menjador, quant sigui necessari.<\/p>\n<p>&#8211; Renovar el conveni de menjador amb el Consell Comarcal, quant sigui necessari.<\/p>\n<p>-Anualment l\u2019ajut de l\u2019Ajuntament.<\/p>\n<p>&nbsp;<\/p>\n<p><strong>Noves propostes.<\/strong><\/p>\n<p>&#8211; Establir entre l\u2019AMPA i l\u2019Equip Directiu com fer servir ordinadors, impressores i material d\u2019oficina. (bol\u00edgrafs, fotoc\u00f2pies, arxivadors&#8230;)<\/p>\n<p>&#8211; Con\u00e8ixer i millorar els mecanismes de comunicaci\u00f3 entre Equip Directiu i tamb\u00e9 amb els socis.<\/p>\n<p>&#8211; Recollir informaci\u00f3\u00a0 per poder explicar com van els racons.<\/p>\n<p>&#8211; Incorporar un mediador( que pot ser el baula o un pare\/mare de l\u2019aula) \u00a0per resoldre els dubtes pedag\u00f2gics o en quant el funcionament de l\u2019escola que van sorgint durant el curs quant el dubte es massiu, que vol dir que una gran part de les fam\u00edlies tenen un dubte .<\/p>\n<p>Es recomana sempre parlar individualment amb els tutors, i en cas de no tenir resolt el dubte es pot demanar entrevista amb l\u2019Equip Directiu. I finalment amb la junta.<\/p>\n<p>&#8211; Els membres de la Junta haurien de formar part del Consell Escolar.<\/p>\n<p>&#8211; Establir sistema per comunicar-se amb les fam\u00edlies m\u00e9s \u00e0gil. Via correu electr\u00f2nic per fer consultes i traspassar informaci\u00f3. Per aix\u00f2 fa falta tenir la protecci\u00f3 de dades en correcte funcionament.<\/p>\n<p>&nbsp;<\/p>\n<p>*Recordar que aquest document es obert per poder afegir modificacions segons les necessitats de l\u2019escola i de l\u2019associaci\u00f3.<\/p>\n<p>&nbsp;<\/p>\n<p style=\"text-align: right;\">Junta de l&#8217;AMPA.<\/p>\n","protected":false},"excerpt":{"rendered":"<p>Finalitat<br \/>\n\u00a0Aquesta guia no es d\u2019obligat compliment, per\u00f2 creiem qu\u00e8 pot ser \u00fatil per les noves juntes quan comencen.<br \/>\n\u00a0S\u2019ha de tenir clar que som una associaci\u00f3 independent amb la finalitat de treballar per l\u2019escola. Per tant, no podem prendre decisions sobre el menjador, extraescolars, temes pedag\u00f2gics&hellip;  <a href=\"https:\/\/agora.xtec.cat\/ceiprieraderibes\/afa\/guia-per-les-juntes-de-lampa\/\" title=\"Read GUIA PER LES JUNTES DE  L\u2019AMPA\">Llegeix m\u00e9s\u00bb<\/a><\/p>\n","protected":false},"author":173,"featured_media":0,"comment_status":"open","ping_status":"closed","sticky":false,"template":"","format":"standard","meta":{"_bbp_topic_count":0,"_bbp_reply_count":0,"_bbp_total_topic_count":0,"_bbp_total_reply_count":0,"_bbp_voice_count":0,"_bbp_anonymous_reply_count":0,"_bbp_topic_count_hidden":0,"_bbp_reply_count_hidden":0,"_bbp_forum_subforum_count":0,"footnotes":""},"categories":[7],"tags":[],"class_list":["post-6621","post","type-post","status-publish","format-standard","hentry","category-afa"],"post_mailing_queue_ids":[],"_links":{"self":[{"href":"https:\/\/agora.xtec.cat\/ceiprieraderibes\/wp-json\/wp\/v2\/posts\/6621","targetHints":{"allow":["GET"]}}],"collection":[{"href":"https:\/\/agora.xtec.cat\/ceiprieraderibes\/wp-json\/wp\/v2\/posts"}],"about":[{"href":"https:\/\/agora.xtec.cat\/ceiprieraderibes\/wp-json\/wp\/v2\/types\/post"}],"author":[{"embeddable":true,"href":"https:\/\/agora.xtec.cat\/ceiprieraderibes\/wp-json\/wp\/v2\/users\/173"}],"replies":[{"embeddable":true,"href":"https:\/\/agora.xtec.cat\/ceiprieraderibes\/wp-json\/wp\/v2\/comments?post=6621"}],"version-history":[{"count":3,"href":"https:\/\/agora.xtec.cat\/ceiprieraderibes\/wp-json\/wp\/v2\/posts\/6621\/revisions"}],"predecessor-version":[{"id":9515,"href":"https:\/\/agora.xtec.cat\/ceiprieraderibes\/wp-json\/wp\/v2\/posts\/6621\/revisions\/9515"}],"wp:attachment":[{"href":"https:\/\/agora.xtec.cat\/ceiprieraderibes\/wp-json\/wp\/v2\/media?parent=6621"}],"wp:term":[{"taxonomy":"category","embeddable":true,"href":"https:\/\/agora.xtec.cat\/ceiprieraderibes\/wp-json\/wp\/v2\/categories?post=6621"},{"taxonomy":"post_tag","embeddable":true,"href":"https:\/\/agora.xtec.cat\/ceiprieraderibes\/wp-json\/wp\/v2\/tags?post=6621"}],"curies":[{"name":"wp","href":"https:\/\/api.w.org\/{rel}","templated":true}]}}