{"id":6455,"date":"2017-02-28T21:01:39","date_gmt":"2017-02-28T20:01:39","guid":{"rendered":"http:\/\/agora.xtec.cat\/ceiprieraderibes\/?p=6455"},"modified":"2017-03-01T08:57:57","modified_gmt":"2017-03-01T07:57:57","slug":"carnaval-2017-riera","status":"publish","type":"post","link":"https:\/\/agora.xtec.cat\/ceiprieraderibes\/portada\/carnaval-2017-riera\/","title":{"rendered":"CARNAVAL 2017 RIERA!!!!"},"content":{"rendered":"<p>Avui hem fet la Rua de l&#8217;Escola Riera de Ribes i en arribar a la Pla\u00e7a Marcer hem ballat amb molta il\u00b7lusi\u00f3 per tots i totes. Aqu\u00ed trobeu els videos de tots els balls per nivells i a la portada de la web el video sencer amb tots. Moltes gr\u00e0cies i FELICITATS nens i nenes!!!!!<br \/>\nLES MESTRES<br \/>\n<iframe loading=\"lazy\" src=\"https:\/\/player.vimeo.com\/video\/206119890\" width=\"640\" height=\"360\" frameborder=\"0\" webkitallowfullscreen mozallowfullscreen allowfullscreen><\/iframe><\/p>\n<p><a href=\"https:\/\/vimeo.com\/206119890\">CarnavalRiera2017Mestres<\/a> from <a href=\"https:\/\/vimeo.com\/user35355532\">Riera de Ribes<\/a> on <a href=\"https:\/\/vimeo.com\">Vimeo<\/a>.<\/p>\n<p>P3P4P5<br \/>\n<iframe loading=\"lazy\" src=\"https:\/\/player.vimeo.com\/video\/206121923\" width=\"640\" height=\"360\" frameborder=\"0\" webkitallowfullscreen mozallowfullscreen allowfullscreen><\/iframe><\/p>\n<p><a href=\"https:\/\/vimeo.com\/206121923\">CarnavalRiera2017P3P4P5AnimalsSabana<\/a> from <a href=\"https:\/\/vimeo.com\/user35355532\">Riera de Ribes<\/a> on <a href=\"https:\/\/vimeo.com\">Vimeo<\/a>.<\/p>\n<p>PRIMER<br \/>\n<iframe loading=\"lazy\" src=\"https:\/\/player.vimeo.com\/video\/206120228\" width=\"640\" height=\"360\" frameborder=\"0\" webkitallowfullscreen mozallowfullscreen allowfullscreen><\/iframe><\/p>\n<p><a href=\"https:\/\/vimeo.com\/206120228\">CarnavalRieraPrimerAuF&eacute;nix<\/a> from <a href=\"https:\/\/vimeo.com\/user35355532\">Riera de Ribes<\/a> on <a href=\"https:\/\/vimeo.com\">Vimeo<\/a>.<\/p>\n<p>SEGON<br \/>\n<iframe loading=\"lazy\" src=\"https:\/\/player.vimeo.com\/video\/206120450\" width=\"640\" height=\"360\" frameborder=\"0\" webkitallowfullscreen mozallowfullscreen allowfullscreen><\/iframe><\/p>\n<p><a href=\"https:\/\/vimeo.com\/206120450\">CarnavalRiera2017ConillsSegon<\/a> from <a href=\"https:\/\/vimeo.com\/user35355532\">Riera de Ribes<\/a> on <a href=\"https:\/\/vimeo.com\">Vimeo<\/a>.<\/p>\n<p>TERCER<br \/>\n<iframe loading=\"lazy\" src=\"https:\/\/player.vimeo.com\/video\/206120675\" width=\"640\" height=\"360\" frameborder=\"0\" webkitallowfullscreen mozallowfullscreen allowfullscreen><\/iframe><\/p>\n<p><a href=\"https:\/\/vimeo.com\/206120675\">CarnavalRiera2017TercerKitsune<\/a> from <a href=\"https:\/\/vimeo.com\/user35355532\">Riera de Ribes<\/a> on <a href=\"https:\/\/vimeo.com\">Vimeo<\/a>.<\/p>\n<p>QUART<br \/>\n<iframe loading=\"lazy\" src=\"https:\/\/player.vimeo.com\/video\/206120891\" width=\"640\" height=\"360\" frameborder=\"0\" webkitallowfullscreen mozallowfullscreen allowfullscreen><\/iframe><\/p>\n<p><a href=\"https:\/\/vimeo.com\/206120891\">CarnavalRiera2017Sis&eacute;EdatPavo<\/a> from <a href=\"https:\/\/vimeo.com\/user35355532\">Riera de Ribes<\/a> on <a href=\"https:\/\/vimeo.com\">Vimeo<\/a>.<\/p>\n<p>CINQU\u00c9<br \/>\n<iframe loading=\"lazy\" src=\"https:\/\/player.vimeo.com\/video\/206121179\" width=\"640\" height=\"360\" frameborder=\"0\" webkitallowfullscreen mozallowfullscreen allowfullscreen><\/iframe><\/p>\n<p><a href=\"https:\/\/vimeo.com\/206121179\">CarnavalRiera2017Cinqu&eacute;Unicorn<\/a> from <a href=\"https:\/\/vimeo.com\/user35355532\">Riera de Ribes<\/a> on <a href=\"https:\/\/vimeo.com\">Vimeo<\/a>.<\/p>\n<p>SIS\u00c9<br \/>\n<iframe loading=\"lazy\" src=\"https:\/\/player.vimeo.com\/video\/206121492\" width=\"640\" height=\"360\" frameborder=\"0\" webkitallowfullscreen mozallowfullscreen allowfullscreen><\/iframe><\/p>\n<p><a href=\"https:\/\/vimeo.com\/206121492\">CarnavalRiera2017Sis&eacute;EdatPavo<\/a> from <a href=\"https:\/\/vimeo.com\/user35355532\">Riera de Ribes<\/a> on <a href=\"https:\/\/vimeo.com\">Vimeo<\/a>.<\/p>\n<p><iframe loading=\"lazy\" src=\"https:\/\/player.vimeo.com\/video\/206197483\" width=\"640\" height=\"360\" frameborder=\"0\" webkitallowfullscreen mozallowfullscreen allowfullscreen><\/iframe><\/p>\n<p><a href=\"https:\/\/vimeo.com\/206197483\">Carnaval2017RIERA<\/a> from <a href=\"https:\/\/vimeo.com\/user35355532\">Riera de Ribes<\/a> on <a href=\"https:\/\/vimeo.com\">Vimeo<\/a>.<\/p>\n","protected":false},"excerpt":{"rendered":"<p>Avui hem fet la Rua de l&#8217;Escola Riera de Ribes i en arribar a la Pla\u00e7a Marcer hem ballat amb molta il\u00b7lusi\u00f3 per tots i totes. Aqu\u00ed trobeu els videos de tots els balls per nivells i a la portada de la web el video&hellip;  <a href=\"https:\/\/agora.xtec.cat\/ceiprieraderibes\/portada\/carnaval-2017-riera\/\" title=\"Read CARNAVAL 2017 RIERA!!!!\">Llegeix m\u00e9s\u00bb<\/a><\/p>\n","protected":false},"author":1,"featured_media":6457,"comment_status":"open","ping_status":"open","sticky":false,"template":"","format":"standard","meta":{"_bbp_topic_count":0,"_bbp_reply_count":0,"_bbp_total_topic_count":0,"_bbp_total_reply_count":0,"_bbp_voice_count":0,"_bbp_anonymous_reply_count":0,"_bbp_topic_count_hidden":0,"_bbp_reply_count_hidden":0,"_bbp_forum_subforum_count":0,"footnotes":""},"categories":[54,53,52,51,50,49,48,47,157,4],"tags":[],"class_list":["post-6455","post","type-post","status-publish","format-standard","has-post-thumbnail","hentry","category-generacio-2005","category-generacio-2006","category-generacio-2007","category-generacio-2008","category-generacio-2009","category-generacio-2010","category-generacio-2011","category-generacio-2012","category-generacio-2013","category-portada"],"post_mailing_queue_ids":[],"_links":{"self":[{"href":"https:\/\/agora.xtec.cat\/ceiprieraderibes\/wp-json\/wp\/v2\/posts\/6455","targetHints":{"allow":["GET"]}}],"collection":[{"href":"https:\/\/agora.xtec.cat\/ceiprieraderibes\/wp-json\/wp\/v2\/posts"}],"about":[{"href":"https:\/\/agora.xtec.cat\/ceiprieraderibes\/wp-json\/wp\/v2\/types\/post"}],"author":[{"embeddable":true,"href":"https:\/\/agora.xtec.cat\/ceiprieraderibes\/wp-json\/wp\/v2\/users\/1"}],"replies":[{"embeddable":true,"href":"https:\/\/agora.xtec.cat\/ceiprieraderibes\/wp-json\/wp\/v2\/comments?post=6455"}],"version-history":[{"count":2,"href":"https:\/\/agora.xtec.cat\/ceiprieraderibes\/wp-json\/wp\/v2\/posts\/6455\/revisions"}],"predecessor-version":[{"id":6459,"href":"https:\/\/agora.xtec.cat\/ceiprieraderibes\/wp-json\/wp\/v2\/posts\/6455\/revisions\/6459"}],"wp:featuredmedia":[{"embeddable":true,"href":"https:\/\/agora.xtec.cat\/ceiprieraderibes\/wp-json\/wp\/v2\/media\/6457"}],"wp:attachment":[{"href":"https:\/\/agora.xtec.cat\/ceiprieraderibes\/wp-json\/wp\/v2\/media?parent=6455"}],"wp:term":[{"taxonomy":"category","embeddable":true,"href":"https:\/\/agora.xtec.cat\/ceiprieraderibes\/wp-json\/wp\/v2\/categories?post=6455"},{"taxonomy":"post_tag","embeddable":true,"href":"https:\/\/agora.xtec.cat\/ceiprieraderibes\/wp-json\/wp\/v2\/tags?post=6455"}],"curies":[{"name":"wp","href":"https:\/\/api.w.org\/{rel}","templated":true}]}}