{"id":6317,"date":"2017-02-27T13:11:29","date_gmt":"2017-02-27T12:11:29","guid":{"rendered":"http:\/\/agora.xtec.cat\/ceiprieraderibes\/?p=6317"},"modified":"2020-06-30T08:44:51","modified_gmt":"2020-06-30T06:44:51","slug":"espai-del-menjador","status":"publish","type":"post","link":"https:\/\/agora.xtec.cat\/ceiprieraderibes\/menjador-jocs-taula\/espai-del-menjador\/","title":{"rendered":"ESPAI DEL MENJADOR: La festa Major, El Carnaval i el Concurs de Talents.."},"content":{"rendered":"<p>LA FESTA MAJOR:<br \/>\nHem fet tallers de festa major de Sant Pau:<br \/>\nUnes nenes de 5\u00e8 van preparar una gimcana de festa major pels nens i nenes de P4 i P5; De 1er a 6\u00e8 els monitors van organitzar un joc de l\u00b4Oca tamb\u00e9 de festa major, els infants van passar diferents proves per equips.<br \/>\nLa tem\u00e0tica de la decoraci\u00f3 del menjador ha sigut sobre les Colles de Diables, i vam aprofitar per felicitar-los en el seu aniversari!!<br \/>\nEl dia 24 de gener, vig\u00edlia de la festa major de Sant Pau, vam fer una sortida a veure la traca i la cercavila dels balls populars, en acabar vam dinar a la Pla\u00e7a Marcer i\/o a la pla\u00e7a de l&#8217;esgl\u00e8sia.<\/p>\n<blockquote><p>EL CARNAVAL:<br \/>\nJa hem comen\u00e7at a preparar el Carnaval amb diferents tallers i la decoraci\u00f3. El dilluns dia 27 ens vindr\u00e0 a visitar el Rei Carnestoltes. Despr\u00e8s de fer el preg\u00f3, comen\u00e7ar\u00e0 la festa amb molta m\u00fasica i diversi\u00f3 a la pista de b\u00e0squet.<\/p>\n<p>Com ja \u00e9s tradici\u00f3, des del menjador estem organitzant les comparses, aquest any hi han canvis, acordats per les diferents entitats: Les comparses es passen al dilluns dia 27 de febrer. L&#8217;horari de sortida ser\u00e0 a les 19:15 h a l&#8217;escola el Pi i acaben a la pla\u00e7a Marcer.<\/p><\/blockquote>\n<p>CONCURS DE TALENTS:<br \/>\nUn cop al mes, els nens i nenes fan les seves pr\u00f2pies actuacions de : cant, dansa, ball, m\u00e0gia i altres activitats, davant d\u00b4un jurat infantil i un p\u00fablic.<br \/>\nS\u00b4ho passen molt b\u00e9!! Mireu &#8230;<\/p>\n\n\t\t<style type=\"text\/css\">\n\t\t\t#gallery-1 {\n\t\t\t\tmargin: auto;\n\t\t\t}\n\t\t\t#gallery-1 .gallery-item {\n\t\t\t\tfloat: left;\n\t\t\t\tmargin-top: 10px;\n\t\t\t\ttext-align: center;\n\t\t\t\twidth: 50%;\n\t\t\t}\n\t\t\t#gallery-1 img {\n\t\t\t\tborder: 2px solid #cfcfcf;\n\t\t\t}\n\t\t\t#gallery-1 .gallery-caption {\n\t\t\t\tmargin-left: 0;\n\t\t\t}\n\t\t\t\/* see gallery_shortcode() in wp-includes\/media.php *\/\n\t\t<\/style>\n\t\t<div id='gallery-1' class='gallery galleryid-6317 gallery-columns-2 gallery-size-large'><dl class='gallery-item'>\n\t\t\t<dt class='gallery-icon landscape'>\n\t\t\t\t<a href='https:\/\/agora.xtec.cat\/ceiprieraderibes\/menjador-jocs-taula\/espai-del-menjador\/attachment\/menjadorfebrer2\/'><img loading=\"lazy\" decoding=\"async\" width=\"906\" height=\"680\" src=\"https:\/\/agora.xtec.cat\/ceiprieraderibes\/wp-content\/uploads\/usu901\/2017\/02\/menjadorfebrer2.jpg\" class=\"attachment-large size-large\" alt=\"\" aria-describedby=\"gallery-1-6347\" srcset=\"https:\/\/agora.xtec.cat\/ceiprieraderibes\/wp-content\/uploads\/usu901\/2017\/02\/menjadorfebrer2.jpg 906w, https:\/\/agora.xtec.cat\/ceiprieraderibes\/wp-content\/uploads\/usu901\/2017\/02\/menjadorfebrer2-300x225.jpg 300w, https:\/\/agora.xtec.cat\/ceiprieraderibes\/wp-content\/uploads\/usu901\/2017\/02\/menjadorfebrer2-768x576.jpg 768w, https:\/\/agora.xtec.cat\/ceiprieraderibes\/wp-content\/uploads\/usu901\/2017\/02\/menjadorfebrer2-200x150.jpg 200w\" sizes=\"auto, (max-width: 906px) 100vw, 906px\" \/><\/a>\n\t\t\t<\/dt>\n\t\t\t\t<dd class='wp-caption-text gallery-caption' id='gallery-1-6347'>\n\t\t\t\t.\n\t\t\t\t<\/dd><\/dl><dl class='gallery-item'>\n\t\t\t<dt class='gallery-icon landscape'>\n\t\t\t\t<a href='https:\/\/agora.xtec.cat\/ceiprieraderibes\/menjador-jocs-taula\/espai-del-menjador\/attachment\/menjadorfebrer\/'><img loading=\"lazy\" decoding=\"async\" width=\"1024\" height=\"769\" src=\"https:\/\/agora.xtec.cat\/ceiprieraderibes\/wp-content\/uploads\/usu901\/2017\/02\/menjadorfebrer-1024x769.jpg\" class=\"attachment-large size-large\" alt=\"\" aria-describedby=\"gallery-1-6346\" srcset=\"https:\/\/agora.xtec.cat\/ceiprieraderibes\/wp-content\/uploads\/usu901\/2017\/02\/menjadorfebrer-1024x769.jpg 1024w, https:\/\/agora.xtec.cat\/ceiprieraderibes\/wp-content\/uploads\/usu901\/2017\/02\/menjadorfebrer-300x225.jpg 300w, https:\/\/agora.xtec.cat\/ceiprieraderibes\/wp-content\/uploads\/usu901\/2017\/02\/menjadorfebrer-768x576.jpg 768w, https:\/\/agora.xtec.cat\/ceiprieraderibes\/wp-content\/uploads\/usu901\/2017\/02\/menjadorfebrer-200x150.jpg 200w, https:\/\/agora.xtec.cat\/ceiprieraderibes\/wp-content\/uploads\/usu901\/2017\/02\/menjadorfebrer.jpg 1299w\" sizes=\"auto, (max-width: 1024px) 100vw, 1024px\" \/><\/a>\n\t\t\t<\/dt>\n\t\t\t\t<dd class='wp-caption-text gallery-caption' id='gallery-1-6346'>\n\t\t\t\t.\n\t\t\t\t<\/dd><\/dl><br style=\"clear: both\" \/>\n\t\t<\/div>\n\n","protected":false},"excerpt":{"rendered":"<p>La Festa Major, El Carnaval i el concurs de Talents al nostre menjador.&hellip;  <a href=\"https:\/\/agora.xtec.cat\/ceiprieraderibes\/menjador-jocs-taula\/espai-del-menjador\/\" title=\"Read ESPAI DEL MENJADOR: La festa Major, El Carnaval i el Concurs de Talents..\">Llegeix m\u00e9s\u00bb<\/a><\/p>\n","protected":false},"author":1,"featured_media":6347,"comment_status":"open","ping_status":"closed","sticky":false,"template":"","format":"standard","meta":{"_bbp_topic_count":0,"_bbp_reply_count":0,"_bbp_total_topic_count":0,"_bbp_total_reply_count":0,"_bbp_voice_count":0,"_bbp_anonymous_reply_count":0,"_bbp_topic_count_hidden":0,"_bbp_reply_count_hidden":0,"_bbp_forum_subforum_count":0,"footnotes":""},"categories":[57,173],"tags":[],"class_list":["post-6317","post","type-post","status-publish","format-standard","has-post-thumbnail","hentry","category-menjador-jocs-taula","category-una-escola-per-a-tothom-3"],"post_mailing_queue_ids":[],"_links":{"self":[{"href":"https:\/\/agora.xtec.cat\/ceiprieraderibes\/wp-json\/wp\/v2\/posts\/6317","targetHints":{"allow":["GET"]}}],"collection":[{"href":"https:\/\/agora.xtec.cat\/ceiprieraderibes\/wp-json\/wp\/v2\/posts"}],"about":[{"href":"https:\/\/agora.xtec.cat\/ceiprieraderibes\/wp-json\/wp\/v2\/types\/post"}],"author":[{"embeddable":true,"href":"https:\/\/agora.xtec.cat\/ceiprieraderibes\/wp-json\/wp\/v2\/users\/1"}],"replies":[{"embeddable":true,"href":"https:\/\/agora.xtec.cat\/ceiprieraderibes\/wp-json\/wp\/v2\/comments?post=6317"}],"version-history":[{"count":3,"href":"https:\/\/agora.xtec.cat\/ceiprieraderibes\/wp-json\/wp\/v2\/posts\/6317\/revisions"}],"predecessor-version":[{"id":10592,"href":"https:\/\/agora.xtec.cat\/ceiprieraderibes\/wp-json\/wp\/v2\/posts\/6317\/revisions\/10592"}],"wp:featuredmedia":[{"embeddable":true,"href":"https:\/\/agora.xtec.cat\/ceiprieraderibes\/wp-json\/wp\/v2\/media\/6347"}],"wp:attachment":[{"href":"https:\/\/agora.xtec.cat\/ceiprieraderibes\/wp-json\/wp\/v2\/media?parent=6317"}],"wp:term":[{"taxonomy":"category","embeddable":true,"href":"https:\/\/agora.xtec.cat\/ceiprieraderibes\/wp-json\/wp\/v2\/categories?post=6317"},{"taxonomy":"post_tag","embeddable":true,"href":"https:\/\/agora.xtec.cat\/ceiprieraderibes\/wp-json\/wp\/v2\/tags?post=6317"}],"curies":[{"name":"wp","href":"https:\/\/api.w.org\/{rel}","templated":true}]}}