{"id":6145,"date":"2017-01-25T19:42:19","date_gmt":"2017-01-25T18:42:19","guid":{"rendered":"http:\/\/agora.xtec.cat\/ceiprieraderibes\/?p=6145"},"modified":"2017-01-25T19:45:51","modified_gmt":"2017-01-25T18:45:51","slug":"primer-cicle-raco-el-jardinet","status":"publish","type":"post","link":"https:\/\/agora.xtec.cat\/ceiprieraderibes\/portada\/primer-cicle-raco-el-jardinet\/","title":{"rendered":"Primer Cicle. Rac\u00f3 de l&#8217;Artista  . &#8220;El Jardinet&#8221;."},"content":{"rendered":"<p>Els nens i les nenes de Primer Cicle del rac\u00f3 de l&#8217;Artista van rebre la visita de la Bel\u00e9n, la Directora de l&#8217;escola per tal de realitzar la inauguraci\u00f3 de &#8220;El jardinet&#8221;. Obra creada des d&#8217;aquest Rac\u00f3. Moltes felicitats nens i nenes!!!!. Us deixem un video que recull aquest fet. Tamb\u00e9 dir-vos que el podeu visitar al pati de l&#8217;escola.<\/p>\n<p><iframe loading=\"lazy\" src=\"https:\/\/player.vimeo.com\/video\/201021253\" width=\"640\" height=\"360\" frameborder=\"0\" webkitallowfullscreen mozallowfullscreen allowfullscreen><\/iframe><\/p>\n<p><a href=\"https:\/\/vimeo.com\/201021253\">Jardinet1C<\/a> from <a href=\"https:\/\/vimeo.com\/user35355532\">Riera de Ribes<\/a> on <a href=\"https:\/\/vimeo.com\">Vimeo<\/a>.<\/p>\n","protected":false},"excerpt":{"rendered":"<p>Mireu el v\u00eddeo que recull als nens i les nenes de Primer Cicle que van crear &#8220;El Jardinet&#8221; que trobareu al pati de l&#8217;escola.&hellip;  <a href=\"https:\/\/agora.xtec.cat\/ceiprieraderibes\/portada\/primer-cicle-raco-el-jardinet\/\" title=\"Read Primer Cicle. Rac\u00f3 de l&#8217;Artista  . &#8220;El Jardinet&#8221;.\">Llegeix m\u00e9s\u00bb<\/a><\/p>\n","protected":false},"author":1,"featured_media":6146,"comment_status":"open","ping_status":"open","sticky":false,"template":"","format":"standard","meta":{"_bbp_topic_count":0,"_bbp_reply_count":0,"_bbp_total_topic_count":0,"_bbp_total_reply_count":0,"_bbp_voice_count":0,"_bbp_anonymous_reply_count":0,"_bbp_topic_count_hidden":0,"_bbp_reply_count_hidden":0,"_bbp_forum_subforum_count":0,"footnotes":""},"categories":[51,50,49,4],"tags":[],"class_list":["post-6145","post","type-post","status-publish","format-standard","has-post-thumbnail","hentry","category-generacio-2008","category-generacio-2009","category-generacio-2010","category-portada"],"post_mailing_queue_ids":[],"_links":{"self":[{"href":"https:\/\/agora.xtec.cat\/ceiprieraderibes\/wp-json\/wp\/v2\/posts\/6145","targetHints":{"allow":["GET"]}}],"collection":[{"href":"https:\/\/agora.xtec.cat\/ceiprieraderibes\/wp-json\/wp\/v2\/posts"}],"about":[{"href":"https:\/\/agora.xtec.cat\/ceiprieraderibes\/wp-json\/wp\/v2\/types\/post"}],"author":[{"embeddable":true,"href":"https:\/\/agora.xtec.cat\/ceiprieraderibes\/wp-json\/wp\/v2\/users\/1"}],"replies":[{"embeddable":true,"href":"https:\/\/agora.xtec.cat\/ceiprieraderibes\/wp-json\/wp\/v2\/comments?post=6145"}],"version-history":[{"count":3,"href":"https:\/\/agora.xtec.cat\/ceiprieraderibes\/wp-json\/wp\/v2\/posts\/6145\/revisions"}],"predecessor-version":[{"id":6149,"href":"https:\/\/agora.xtec.cat\/ceiprieraderibes\/wp-json\/wp\/v2\/posts\/6145\/revisions\/6149"}],"wp:featuredmedia":[{"embeddable":true,"href":"https:\/\/agora.xtec.cat\/ceiprieraderibes\/wp-json\/wp\/v2\/media\/6146"}],"wp:attachment":[{"href":"https:\/\/agora.xtec.cat\/ceiprieraderibes\/wp-json\/wp\/v2\/media?parent=6145"}],"wp:term":[{"taxonomy":"category","embeddable":true,"href":"https:\/\/agora.xtec.cat\/ceiprieraderibes\/wp-json\/wp\/v2\/categories?post=6145"},{"taxonomy":"post_tag","embeddable":true,"href":"https:\/\/agora.xtec.cat\/ceiprieraderibes\/wp-json\/wp\/v2\/tags?post=6145"}],"curies":[{"name":"wp","href":"https:\/\/api.w.org\/{rel}","templated":true}]}}