{"id":5922,"date":"2016-12-06T11:27:16","date_gmt":"2016-12-06T10:27:16","guid":{"rendered":"http:\/\/agora.xtec.cat\/ceiprieraderibes\/?p=5922"},"modified":"2016-12-06T11:27:16","modified_gmt":"2016-12-06T10:27:16","slug":"consell-escolar-escola-riera-de-ribes-2016","status":"publish","type":"post","link":"https:\/\/agora.xtec.cat\/ceiprieraderibes\/portada\/consell-escolar-escola-riera-de-ribes-2016\/","title":{"rendered":"Consell Escolar Escola Riera de Ribes 2016."},"content":{"rendered":"<p>Despr\u00e9s de les votacions del Consell Escolar informar-vos que les noves incorporacions dels representants de les fam\u00edlies s\u00f3n en Jordi G\u00f3mez (pare de segon) i en David Sol\u00e0 (pare de P3 i de primer) i dels representants dels\/de les mestres La Johanna, l&#8217;Elena i la C\u00e8lia. Moltes gr\u00e0cies a t@ts!!<\/p>\n","protected":false},"excerpt":{"rendered":"<p>Despr\u00e9s de les eleccions al Consell Escolar informar-vos de les incorporacions del sector mestres i fam\u00edlies.&hellip;  <a href=\"https:\/\/agora.xtec.cat\/ceiprieraderibes\/portada\/consell-escolar-escola-riera-de-ribes-2016\/\" title=\"Read Consell Escolar Escola Riera de Ribes 2016.\">Llegeix m\u00e9s\u00bb<\/a><\/p>\n","protected":false},"author":1,"featured_media":5923,"comment_status":"open","ping_status":"open","sticky":false,"template":"","format":"standard","meta":{"_bbp_topic_count":0,"_bbp_reply_count":0,"_bbp_total_topic_count":0,"_bbp_total_reply_count":0,"_bbp_voice_count":0,"_bbp_anonymous_reply_count":0,"_bbp_topic_count_hidden":0,"_bbp_reply_count_hidden":0,"_bbp_forum_subforum_count":0,"footnotes":""},"categories":[4],"tags":[],"class_list":["post-5922","post","type-post","status-publish","format-standard","has-post-thumbnail","hentry","category-portada"],"post_mailing_queue_ids":[],"_links":{"self":[{"href":"https:\/\/agora.xtec.cat\/ceiprieraderibes\/wp-json\/wp\/v2\/posts\/5922","targetHints":{"allow":["GET"]}}],"collection":[{"href":"https:\/\/agora.xtec.cat\/ceiprieraderibes\/wp-json\/wp\/v2\/posts"}],"about":[{"href":"https:\/\/agora.xtec.cat\/ceiprieraderibes\/wp-json\/wp\/v2\/types\/post"}],"author":[{"embeddable":true,"href":"https:\/\/agora.xtec.cat\/ceiprieraderibes\/wp-json\/wp\/v2\/users\/1"}],"replies":[{"embeddable":true,"href":"https:\/\/agora.xtec.cat\/ceiprieraderibes\/wp-json\/wp\/v2\/comments?post=5922"}],"version-history":[{"count":1,"href":"https:\/\/agora.xtec.cat\/ceiprieraderibes\/wp-json\/wp\/v2\/posts\/5922\/revisions"}],"predecessor-version":[{"id":5926,"href":"https:\/\/agora.xtec.cat\/ceiprieraderibes\/wp-json\/wp\/v2\/posts\/5922\/revisions\/5926"}],"wp:featuredmedia":[{"embeddable":true,"href":"https:\/\/agora.xtec.cat\/ceiprieraderibes\/wp-json\/wp\/v2\/media\/5923"}],"wp:attachment":[{"href":"https:\/\/agora.xtec.cat\/ceiprieraderibes\/wp-json\/wp\/v2\/media?parent=5922"}],"wp:term":[{"taxonomy":"category","embeddable":true,"href":"https:\/\/agora.xtec.cat\/ceiprieraderibes\/wp-json\/wp\/v2\/categories?post=5922"},{"taxonomy":"post_tag","embeddable":true,"href":"https:\/\/agora.xtec.cat\/ceiprieraderibes\/wp-json\/wp\/v2\/tags?post=5922"}],"curies":[{"name":"wp","href":"https:\/\/api.w.org\/{rel}","templated":true}]}}