{"id":5915,"date":"2016-12-02T23:24:34","date_gmt":"2016-12-02T22:24:34","guid":{"rendered":"http:\/\/agora.xtec.cat\/ceiprieraderibes\/?p=5915"},"modified":"2016-12-02T23:25:17","modified_gmt":"2016-12-02T22:25:17","slug":"tercer-dia-de-colonies-de-p5-a-mas-pujolar-viladrau","status":"publish","type":"post","link":"https:\/\/agora.xtec.cat\/ceiprieraderibes\/generacio-2011\/tercer-dia-de-colonies-de-p5-a-mas-pujolar-viladrau\/","title":{"rendered":"Tercer dia de Col\u00f2nies de P5 a Mas Pujolar, Viladrau."},"content":{"rendered":"<p>Avui, tercer dia de Col\u00f2nies hem continuat buscant ingredients per la pocima. La pocima ha agafat el color blau fort. Ja la hem pogut beure i ens hem convertit en bandolers\/eres valents\/tes. Despr\u00e9s ens hem acomiadat del Nacho, el Rub\u00e9n i en Xavier. Moltes gr\u00e0cies per tota l&#8217;aventura a reveure!!!!!<br \/>\n\n\t\t<style type=\"text\/css\">\n\t\t\t#gallery-1 {\n\t\t\t\tmargin: auto;\n\t\t\t}\n\t\t\t#gallery-1 .gallery-item {\n\t\t\t\tfloat: left;\n\t\t\t\tmargin-top: 10px;\n\t\t\t\ttext-align: center;\n\t\t\t\twidth: 50%;\n\t\t\t}\n\t\t\t#gallery-1 img {\n\t\t\t\tborder: 2px solid #cfcfcf;\n\t\t\t}\n\t\t\t#gallery-1 .gallery-caption {\n\t\t\t\tmargin-left: 0;\n\t\t\t}\n\t\t\t\/* see gallery_shortcode() in wp-includes\/media.php *\/\n\t\t<\/style>\n\t\t<div id='gallery-1' class='gallery galleryid-5915 gallery-columns-2 gallery-size-large'><dl class='gallery-item'>\n\t\t\t<dt class='gallery-icon landscape'>\n\t\t\t\t<a href='https:\/\/agora.xtec.cat\/ceiprieraderibes\/generacio-2011\/tercer-dia-de-colonies-de-p5-a-mas-pujolar-viladrau\/attachment\/2016-12-02-photo-00000090\/'><img loading=\"lazy\" decoding=\"async\" width=\"1024\" height=\"575\" src=\"https:\/\/agora.xtec.cat\/ceiprieraderibes\/wp-content\/uploads\/usu901\/2016\/12\/2016-12-02-PHOTO-00000090-1024x575.jpg\" class=\"attachment-large size-large\" alt=\"\" aria-describedby=\"gallery-1-5916\" srcset=\"https:\/\/agora.xtec.cat\/ceiprieraderibes\/wp-content\/uploads\/usu901\/2016\/12\/2016-12-02-PHOTO-00000090-1024x575.jpg 1024w, https:\/\/agora.xtec.cat\/ceiprieraderibes\/wp-content\/uploads\/usu901\/2016\/12\/2016-12-02-PHOTO-00000090-300x168.jpg 300w, https:\/\/agora.xtec.cat\/ceiprieraderibes\/wp-content\/uploads\/usu901\/2016\/12\/2016-12-02-PHOTO-00000090-768x431.jpg 768w, https:\/\/agora.xtec.cat\/ceiprieraderibes\/wp-content\/uploads\/usu901\/2016\/12\/2016-12-02-PHOTO-00000090.jpg 1600w\" sizes=\"auto, (max-width: 1024px) 100vw, 1024px\" \/><\/a>\n\t\t\t<\/dt>\n\t\t\t\t<dd class='wp-caption-text gallery-caption' id='gallery-1-5916'>\n\t\t\t\tAl beure la pocima ens convertim en bandolers valents!!!!\n\t\t\t\t<\/dd><\/dl><dl class='gallery-item'>\n\t\t\t<dt class='gallery-icon landscape'>\n\t\t\t\t<a href='https:\/\/agora.xtec.cat\/ceiprieraderibes\/generacio-2011\/tercer-dia-de-colonies-de-p5-a-mas-pujolar-viladrau\/attachment\/2016-12-02-photo-00000091\/'><img loading=\"lazy\" decoding=\"async\" width=\"1024\" height=\"575\" src=\"https:\/\/agora.xtec.cat\/ceiprieraderibes\/wp-content\/uploads\/usu901\/2016\/12\/2016-12-02-PHOTO-00000091-1024x575.jpg\" class=\"attachment-large size-large\" alt=\"\" srcset=\"https:\/\/agora.xtec.cat\/ceiprieraderibes\/wp-content\/uploads\/usu901\/2016\/12\/2016-12-02-PHOTO-00000091-1024x575.jpg 1024w, https:\/\/agora.xtec.cat\/ceiprieraderibes\/wp-content\/uploads\/usu901\/2016\/12\/2016-12-02-PHOTO-00000091-300x168.jpg 300w, https:\/\/agora.xtec.cat\/ceiprieraderibes\/wp-content\/uploads\/usu901\/2016\/12\/2016-12-02-PHOTO-00000091-768x431.jpg 768w, https:\/\/agora.xtec.cat\/ceiprieraderibes\/wp-content\/uploads\/usu901\/2016\/12\/2016-12-02-PHOTO-00000091.jpg 1600w\" sizes=\"auto, (max-width: 1024px) 100vw, 1024px\" \/><\/a>\n\t\t\t<\/dt><\/dl><br style=\"clear: both\" \/><dl class='gallery-item'>\n\t\t\t<dt class='gallery-icon landscape'>\n\t\t\t\t<a href='https:\/\/agora.xtec.cat\/ceiprieraderibes\/generacio-2011\/tercer-dia-de-colonies-de-p5-a-mas-pujolar-viladrau\/attachment\/2016-12-02-photo-00000093\/'><img loading=\"lazy\" decoding=\"async\" width=\"1024\" height=\"575\" src=\"https:\/\/agora.xtec.cat\/ceiprieraderibes\/wp-content\/uploads\/usu901\/2016\/12\/2016-12-02-PHOTO-00000093-1024x575.jpg\" class=\"attachment-large size-large\" alt=\"\" aria-describedby=\"gallery-1-5918\" srcset=\"https:\/\/agora.xtec.cat\/ceiprieraderibes\/wp-content\/uploads\/usu901\/2016\/12\/2016-12-02-PHOTO-00000093-1024x575.jpg 1024w, https:\/\/agora.xtec.cat\/ceiprieraderibes\/wp-content\/uploads\/usu901\/2016\/12\/2016-12-02-PHOTO-00000093-300x168.jpg 300w, https:\/\/agora.xtec.cat\/ceiprieraderibes\/wp-content\/uploads\/usu901\/2016\/12\/2016-12-02-PHOTO-00000093-768x431.jpg 768w, https:\/\/agora.xtec.cat\/ceiprieraderibes\/wp-content\/uploads\/usu901\/2016\/12\/2016-12-02-PHOTO-00000093.jpg 1600w\" sizes=\"auto, (max-width: 1024px) 100vw, 1024px\" \/><\/a>\n\t\t\t<\/dt>\n\t\t\t\t<dd class='wp-caption-text gallery-caption' id='gallery-1-5918'>\n\t\t\t\tLa pocima ja \u00e9s de color blau fort!!!!\n\t\t\t\t<\/dd><\/dl><dl class='gallery-item'>\n\t\t\t<dt class='gallery-icon landscape'>\n\t\t\t\t<a href='https:\/\/agora.xtec.cat\/ceiprieraderibes\/generacio-2011\/tercer-dia-de-colonies-de-p5-a-mas-pujolar-viladrau\/attachment\/2016-12-02-photo-00000102\/'><img loading=\"lazy\" decoding=\"async\" width=\"1024\" height=\"575\" src=\"https:\/\/agora.xtec.cat\/ceiprieraderibes\/wp-content\/uploads\/usu901\/2016\/12\/2016-12-02-PHOTO-00000102-1024x575.jpg\" class=\"attachment-large size-large\" alt=\"\" aria-describedby=\"gallery-1-5919\" srcset=\"https:\/\/agora.xtec.cat\/ceiprieraderibes\/wp-content\/uploads\/usu901\/2016\/12\/2016-12-02-PHOTO-00000102-1024x575.jpg 1024w, https:\/\/agora.xtec.cat\/ceiprieraderibes\/wp-content\/uploads\/usu901\/2016\/12\/2016-12-02-PHOTO-00000102-300x168.jpg 300w, https:\/\/agora.xtec.cat\/ceiprieraderibes\/wp-content\/uploads\/usu901\/2016\/12\/2016-12-02-PHOTO-00000102-768x431.jpg 768w, https:\/\/agora.xtec.cat\/ceiprieraderibes\/wp-content\/uploads\/usu901\/2016\/12\/2016-12-02-PHOTO-00000102.jpg 1600w\" sizes=\"auto, (max-width: 1024px) 100vw, 1024px\" \/><\/a>\n\t\t\t<\/dt>\n\t\t\t\t<dd class='wp-caption-text gallery-caption' id='gallery-1-5919'>\n\t\t\t\tEns acomiadem d&#8217;en Nacho, en Xavier i en Rub\u00e9n!!!\n\t\t\t\t<\/dd><\/dl><br style=\"clear: both\" \/>\n\t\t<\/div>\n<\/p>\n","protected":false},"excerpt":{"rendered":"<p>Ens convertim en bandolers valents! Bebem la pocima!!!!&hellip;  <a href=\"https:\/\/agora.xtec.cat\/ceiprieraderibes\/generacio-2011\/tercer-dia-de-colonies-de-p5-a-mas-pujolar-viladrau\/\" title=\"Read Tercer dia de Col\u00f2nies de P5 a Mas Pujolar, Viladrau.\">Llegeix m\u00e9s\u00bb<\/a><\/p>\n","protected":false},"author":1,"featured_media":5916,"comment_status":"open","ping_status":"open","sticky":false,"template":"","format":"standard","meta":{"_bbp_topic_count":0,"_bbp_reply_count":0,"_bbp_total_topic_count":0,"_bbp_total_reply_count":0,"_bbp_voice_count":0,"_bbp_anonymous_reply_count":0,"_bbp_topic_count_hidden":0,"_bbp_reply_count_hidden":0,"_bbp_forum_subforum_count":0,"footnotes":""},"categories":[48],"tags":[],"class_list":["post-5915","post","type-post","status-publish","format-standard","has-post-thumbnail","hentry","category-generacio-2011"],"post_mailing_queue_ids":[],"_links":{"self":[{"href":"https:\/\/agora.xtec.cat\/ceiprieraderibes\/wp-json\/wp\/v2\/posts\/5915","targetHints":{"allow":["GET"]}}],"collection":[{"href":"https:\/\/agora.xtec.cat\/ceiprieraderibes\/wp-json\/wp\/v2\/posts"}],"about":[{"href":"https:\/\/agora.xtec.cat\/ceiprieraderibes\/wp-json\/wp\/v2\/types\/post"}],"author":[{"embeddable":true,"href":"https:\/\/agora.xtec.cat\/ceiprieraderibes\/wp-json\/wp\/v2\/users\/1"}],"replies":[{"embeddable":true,"href":"https:\/\/agora.xtec.cat\/ceiprieraderibes\/wp-json\/wp\/v2\/comments?post=5915"}],"version-history":[{"count":2,"href":"https:\/\/agora.xtec.cat\/ceiprieraderibes\/wp-json\/wp\/v2\/posts\/5915\/revisions"}],"predecessor-version":[{"id":5921,"href":"https:\/\/agora.xtec.cat\/ceiprieraderibes\/wp-json\/wp\/v2\/posts\/5915\/revisions\/5921"}],"wp:featuredmedia":[{"embeddable":true,"href":"https:\/\/agora.xtec.cat\/ceiprieraderibes\/wp-json\/wp\/v2\/media\/5916"}],"wp:attachment":[{"href":"https:\/\/agora.xtec.cat\/ceiprieraderibes\/wp-json\/wp\/v2\/media?parent=5915"}],"wp:term":[{"taxonomy":"category","embeddable":true,"href":"https:\/\/agora.xtec.cat\/ceiprieraderibes\/wp-json\/wp\/v2\/categories?post=5915"},{"taxonomy":"post_tag","embeddable":true,"href":"https:\/\/agora.xtec.cat\/ceiprieraderibes\/wp-json\/wp\/v2\/tags?post=5915"}],"curies":[{"name":"wp","href":"https:\/\/api.w.org\/{rel}","templated":true}]}}