{"id":5502,"date":"2016-10-28T23:30:41","date_gmt":"2016-10-28T21:30:41","guid":{"rendered":"http:\/\/agora.xtec.cat\/ceiprieraderibes\/?p=5502"},"modified":"2016-10-28T23:30:41","modified_gmt":"2016-10-28T21:30:41","slug":"la-castanyada-2016-a-lescola-riera-de-ribes","status":"publish","type":"post","link":"https:\/\/agora.xtec.cat\/ceiprieraderibes\/portada\/la-castanyada-2016-a-lescola-riera-de-ribes\/","title":{"rendered":"LA CASTANYADA 2016 A L&#8217;ESCOLA RIERA DE RIBES."},"content":{"rendered":"<p>Avui, 28 d&#8217;octubre hem celebrat la festa de La Castanyada a l&#8217;escola Riera de Ribes. <\/p>\n<p>La Castanyada \u00e9s una festa popular catalana que prov\u00e9 d&#8217;un antic ritual funerari. Mengem castanyes, panellets, boniatos i fruita confitada. Les castanyeres v\u00e9nen al carrer les castanyes torrades embolicades en paper de diari (les paperines).<br \/>\nEns ha visitat la Sra. Castanyera i els nens i les nenes de l&#8217;escola han dansat uns balls per ella. Despr\u00e9s hem berenat les receptes elaborades per tots els nivells, tot aix\u00f2 acompanyat de totes les fam\u00edlies de l&#8217;escola.<br \/>\nMoltes gr\u00e0cies a t@ts per fer-ho possible. Aqu\u00ed us deixem un v\u00eddeo que recull la festa i unes fotos. Bona Castanyada!<\/p>\n<p><iframe loading=\"lazy\" src=\"https:\/\/player.vimeo.com\/video\/189374135\" width=\"640\" height=\"360\" frameborder=\"0\" webkitallowfullscreen mozallowfullscreen allowfullscreen><\/iframe><\/p>\n<p><a href=\"https:\/\/vimeo.com\/189374135\">Castanyada2016RIERA<\/a> from <a href=\"https:\/\/vimeo.com\/user35355532\">Riera de Ribes<\/a> on <a href=\"https:\/\/vimeo.com\">Vimeo<\/a>.<\/p>\n\n\t\t<style type=\"text\/css\">\n\t\t\t#gallery-1 {\n\t\t\t\tmargin: auto;\n\t\t\t}\n\t\t\t#gallery-1 .gallery-item {\n\t\t\t\tfloat: left;\n\t\t\t\tmargin-top: 10px;\n\t\t\t\ttext-align: center;\n\t\t\t\twidth: 50%;\n\t\t\t}\n\t\t\t#gallery-1 img {\n\t\t\t\tborder: 2px solid #cfcfcf;\n\t\t\t}\n\t\t\t#gallery-1 .gallery-caption {\n\t\t\t\tmargin-left: 0;\n\t\t\t}\n\t\t\t\/* see gallery_shortcode() in wp-includes\/media.php *\/\n\t\t<\/style>\n\t\t<div id='gallery-1' class='gallery galleryid-5502 gallery-columns-2 gallery-size-large'><dl class='gallery-item'>\n\t\t\t<dt class='gallery-icon portrait'>\n\t\t\t\t<a href='https:\/\/agora.xtec.cat\/ceiprieraderibes\/portada\/la-castanyada-2016-a-lescola-riera-de-ribes\/attachment\/fitxer_0006\/'><img loading=\"lazy\" decoding=\"async\" width=\"308\" height=\"448\" src=\"https:\/\/agora.xtec.cat\/ceiprieraderibes\/wp-content\/uploads\/usu901\/2016\/10\/Fitxer_0006.jpeg\" class=\"attachment-large size-large\" alt=\"\" srcset=\"https:\/\/agora.xtec.cat\/ceiprieraderibes\/wp-content\/uploads\/usu901\/2016\/10\/Fitxer_0006.jpeg 308w, https:\/\/agora.xtec.cat\/ceiprieraderibes\/wp-content\/uploads\/usu901\/2016\/10\/Fitxer_0006-206x300.jpeg 206w\" sizes=\"auto, (max-width: 308px) 100vw, 308px\" \/><\/a>\n\t\t\t<\/dt><\/dl><dl class='gallery-item'>\n\t\t\t<dt class='gallery-icon landscape'>\n\t\t\t\t<a href='https:\/\/agora.xtec.cat\/ceiprieraderibes\/portada\/la-castanyada-2016-a-lescola-riera-de-ribes\/attachment\/fitxer_00051\/'><img loading=\"lazy\" decoding=\"async\" width=\"448\" height=\"336\" src=\"https:\/\/agora.xtec.cat\/ceiprieraderibes\/wp-content\/uploads\/usu901\/2016\/10\/Fitxer_00051.jpeg\" class=\"attachment-large size-large\" alt=\"\" srcset=\"https:\/\/agora.xtec.cat\/ceiprieraderibes\/wp-content\/uploads\/usu901\/2016\/10\/Fitxer_00051.jpeg 448w, https:\/\/agora.xtec.cat\/ceiprieraderibes\/wp-content\/uploads\/usu901\/2016\/10\/Fitxer_00051-300x225.jpeg 300w, https:\/\/agora.xtec.cat\/ceiprieraderibes\/wp-content\/uploads\/usu901\/2016\/10\/Fitxer_00051-200x150.jpeg 200w\" sizes=\"auto, (max-width: 448px) 100vw, 448px\" \/><\/a>\n\t\t\t<\/dt><\/dl><br style=\"clear: both\" \/><dl class='gallery-item'>\n\t\t\t<dt class='gallery-icon landscape'>\n\t\t\t\t<a href='https:\/\/agora.xtec.cat\/ceiprieraderibes\/portada\/la-castanyada-2016-a-lescola-riera-de-ribes\/attachment\/fitxer_00041\/'><img loading=\"lazy\" decoding=\"async\" width=\"448\" height=\"336\" src=\"https:\/\/agora.xtec.cat\/ceiprieraderibes\/wp-content\/uploads\/usu901\/2016\/10\/Fitxer_00041.jpeg\" class=\"attachment-large size-large\" alt=\"\" srcset=\"https:\/\/agora.xtec.cat\/ceiprieraderibes\/wp-content\/uploads\/usu901\/2016\/10\/Fitxer_00041.jpeg 448w, https:\/\/agora.xtec.cat\/ceiprieraderibes\/wp-content\/uploads\/usu901\/2016\/10\/Fitxer_00041-300x225.jpeg 300w, https:\/\/agora.xtec.cat\/ceiprieraderibes\/wp-content\/uploads\/usu901\/2016\/10\/Fitxer_00041-200x150.jpeg 200w\" sizes=\"auto, (max-width: 448px) 100vw, 448px\" \/><\/a>\n\t\t\t<\/dt><\/dl><dl class='gallery-item'>\n\t\t\t<dt class='gallery-icon landscape'>\n\t\t\t\t<a href='https:\/\/agora.xtec.cat\/ceiprieraderibes\/portada\/la-castanyada-2016-a-lescola-riera-de-ribes\/attachment\/fitxer_00031\/'><img loading=\"lazy\" decoding=\"async\" width=\"448\" height=\"336\" src=\"https:\/\/agora.xtec.cat\/ceiprieraderibes\/wp-content\/uploads\/usu901\/2016\/10\/Fitxer_00031.jpeg\" class=\"attachment-large size-large\" alt=\"\" aria-describedby=\"gallery-1-5510\" srcset=\"https:\/\/agora.xtec.cat\/ceiprieraderibes\/wp-content\/uploads\/usu901\/2016\/10\/Fitxer_00031.jpeg 448w, https:\/\/agora.xtec.cat\/ceiprieraderibes\/wp-content\/uploads\/usu901\/2016\/10\/Fitxer_00031-300x225.jpeg 300w, https:\/\/agora.xtec.cat\/ceiprieraderibes\/wp-content\/uploads\/usu901\/2016\/10\/Fitxer_00031-200x150.jpeg 200w\" sizes=\"auto, (max-width: 448px) 100vw, 448px\" \/><\/a>\n\t\t\t<\/dt>\n\t\t\t\t<dd class='wp-caption-text gallery-caption' id='gallery-1-5510'>\n\t\t\t\tCastanyada 2016\n\t\t\t\t<\/dd><\/dl><br style=\"clear: both\" \/><dl class='gallery-item'>\n\t\t\t<dt class='gallery-icon landscape'>\n\t\t\t\t<a href='https:\/\/agora.xtec.cat\/ceiprieraderibes\/portada\/la-castanyada-2016-a-lescola-riera-de-ribes\/attachment\/fitxer_00021\/'><img loading=\"lazy\" decoding=\"async\" width=\"448\" height=\"336\" src=\"https:\/\/agora.xtec.cat\/ceiprieraderibes\/wp-content\/uploads\/usu901\/2016\/10\/Fitxer_00021.jpeg\" class=\"attachment-large size-large\" alt=\"\" srcset=\"https:\/\/agora.xtec.cat\/ceiprieraderibes\/wp-content\/uploads\/usu901\/2016\/10\/Fitxer_00021.jpeg 448w, https:\/\/agora.xtec.cat\/ceiprieraderibes\/wp-content\/uploads\/usu901\/2016\/10\/Fitxer_00021-300x225.jpeg 300w, https:\/\/agora.xtec.cat\/ceiprieraderibes\/wp-content\/uploads\/usu901\/2016\/10\/Fitxer_00021-200x150.jpeg 200w\" sizes=\"auto, (max-width: 448px) 100vw, 448px\" \/><\/a>\n\t\t\t<\/dt><\/dl>\n\t\t\t<br style='clear: both' \/>\n\t\t<\/div>\n\n","protected":false},"excerpt":{"rendered":"<p>Avui, 28 d&#8217;octubre hem celebrat la festa de La Castanyada a l&#8217;escola. Moltes gr\u00e0cies a T@ts!!!&hellip;  <a href=\"https:\/\/agora.xtec.cat\/ceiprieraderibes\/portada\/la-castanyada-2016-a-lescola-riera-de-ribes\/\" title=\"Read LA CASTANYADA 2016 A L&#8217;ESCOLA RIERA DE RIBES.\">Llegeix m\u00e9s\u00bb<\/a><\/p>\n","protected":false},"author":1,"featured_media":5503,"comment_status":"open","ping_status":"open","sticky":false,"template":"","format":"standard","meta":{"_bbp_topic_count":0,"_bbp_reply_count":0,"_bbp_total_topic_count":0,"_bbp_total_reply_count":0,"_bbp_voice_count":0,"_bbp_anonymous_reply_count":0,"_bbp_topic_count_hidden":0,"_bbp_reply_count_hidden":0,"_bbp_forum_subforum_count":0,"footnotes":""},"categories":[54,53,52,51,50,49,48,47,157,4],"tags":[],"class_list":["post-5502","post","type-post","status-publish","format-standard","has-post-thumbnail","hentry","category-generacio-2005","category-generacio-2006","category-generacio-2007","category-generacio-2008","category-generacio-2009","category-generacio-2010","category-generacio-2011","category-generacio-2012","category-generacio-2013","category-portada"],"post_mailing_queue_ids":[],"_links":{"self":[{"href":"https:\/\/agora.xtec.cat\/ceiprieraderibes\/wp-json\/wp\/v2\/posts\/5502","targetHints":{"allow":["GET"]}}],"collection":[{"href":"https:\/\/agora.xtec.cat\/ceiprieraderibes\/wp-json\/wp\/v2\/posts"}],"about":[{"href":"https:\/\/agora.xtec.cat\/ceiprieraderibes\/wp-json\/wp\/v2\/types\/post"}],"author":[{"embeddable":true,"href":"https:\/\/agora.xtec.cat\/ceiprieraderibes\/wp-json\/wp\/v2\/users\/1"}],"replies":[{"embeddable":true,"href":"https:\/\/agora.xtec.cat\/ceiprieraderibes\/wp-json\/wp\/v2\/comments?post=5502"}],"version-history":[{"count":3,"href":"https:\/\/agora.xtec.cat\/ceiprieraderibes\/wp-json\/wp\/v2\/posts\/5502\/revisions"}],"predecessor-version":[{"id":5518,"href":"https:\/\/agora.xtec.cat\/ceiprieraderibes\/wp-json\/wp\/v2\/posts\/5502\/revisions\/5518"}],"wp:featuredmedia":[{"embeddable":true,"href":"https:\/\/agora.xtec.cat\/ceiprieraderibes\/wp-json\/wp\/v2\/media\/5503"}],"wp:attachment":[{"href":"https:\/\/agora.xtec.cat\/ceiprieraderibes\/wp-json\/wp\/v2\/media?parent=5502"}],"wp:term":[{"taxonomy":"category","embeddable":true,"href":"https:\/\/agora.xtec.cat\/ceiprieraderibes\/wp-json\/wp\/v2\/categories?post=5502"},{"taxonomy":"post_tag","embeddable":true,"href":"https:\/\/agora.xtec.cat\/ceiprieraderibes\/wp-json\/wp\/v2\/tags?post=5502"}],"curies":[{"name":"wp","href":"https:\/\/api.w.org\/{rel}","templated":true}]}}