{"id":5453,"date":"2016-10-25T10:11:01","date_gmt":"2016-10-25T08:11:01","guid":{"rendered":"http:\/\/agora.xtec.cat\/ceiprieraderibes\/?p=5453"},"modified":"2016-10-26T00:06:02","modified_gmt":"2016-10-25T22:06:02","slug":"benvinguda-generacio-del-2103","status":"publish","type":"post","link":"https:\/\/agora.xtec.cat\/ceiprieraderibes\/generacio-2013\/benvinguda-generacio-del-2103\/","title":{"rendered":"BENVINGUDA GENERACI\u00d3 DEL 2013!!!!!!!!"},"content":{"rendered":"<p>Us presentem un muntatge de fotos que recullen alguns dels moments viscuts pels nens i nenes del 2013 al llarg dels primers dies d\u2019adaptaci\u00f3 a l\u2019escola! Volem agra\u00efr a les fam\u00edlies la confian\u00e7a qu\u00e8 ens heu demostrat des del primer dia i us demanem que ens seguiu acompanyant en aquesta nova etapa que tot just comen\u00e7a!<\/p>\n<p><iframe loading=\"lazy\" src=\"https:\/\/player.vimeo.com\/video\/188901253\" width=\"640\" height=\"360\" frameborder=\"0\" webkitallowfullscreen mozallowfullscreen allowfullscreen><\/iframe><\/p>\n<p><a href=\"https:\/\/vimeo.com\/188901253\">Benvinguda generaci&oacute; del 2013<\/a> from <a href=\"https:\/\/vimeo.com\/user35355532\">Riera de Ribes<\/a> on <a href=\"https:\/\/vimeo.com\">Vimeo<\/a>.<\/p>\n","protected":false},"excerpt":{"rendered":"<p>Benvinguda als nens i nenes de P3!!!!&hellip;  <a href=\"https:\/\/agora.xtec.cat\/ceiprieraderibes\/generacio-2013\/benvinguda-generacio-del-2103\/\" title=\"Read BENVINGUDA GENERACI\u00d3 DEL 2013!!!!!!!!\">Llegeix m\u00e9s\u00bb<\/a><\/p>\n","protected":false},"author":1,"featured_media":0,"comment_status":"open","ping_status":"open","sticky":false,"template":"","format":"standard","meta":{"_bbp_topic_count":0,"_bbp_reply_count":0,"_bbp_total_topic_count":0,"_bbp_total_reply_count":0,"_bbp_voice_count":0,"_bbp_anonymous_reply_count":0,"_bbp_topic_count_hidden":0,"_bbp_reply_count_hidden":0,"_bbp_forum_subforum_count":0,"footnotes":""},"categories":[157],"tags":[],"class_list":["post-5453","post","type-post","status-publish","format-standard","hentry","category-generacio-2013"],"post_mailing_queue_ids":[],"_links":{"self":[{"href":"https:\/\/agora.xtec.cat\/ceiprieraderibes\/wp-json\/wp\/v2\/posts\/5453","targetHints":{"allow":["GET"]}}],"collection":[{"href":"https:\/\/agora.xtec.cat\/ceiprieraderibes\/wp-json\/wp\/v2\/posts"}],"about":[{"href":"https:\/\/agora.xtec.cat\/ceiprieraderibes\/wp-json\/wp\/v2\/types\/post"}],"author":[{"embeddable":true,"href":"https:\/\/agora.xtec.cat\/ceiprieraderibes\/wp-json\/wp\/v2\/users\/1"}],"replies":[{"embeddable":true,"href":"https:\/\/agora.xtec.cat\/ceiprieraderibes\/wp-json\/wp\/v2\/comments?post=5453"}],"version-history":[{"count":3,"href":"https:\/\/agora.xtec.cat\/ceiprieraderibes\/wp-json\/wp\/v2\/posts\/5453\/revisions"}],"predecessor-version":[{"id":5458,"href":"https:\/\/agora.xtec.cat\/ceiprieraderibes\/wp-json\/wp\/v2\/posts\/5453\/revisions\/5458"}],"wp:attachment":[{"href":"https:\/\/agora.xtec.cat\/ceiprieraderibes\/wp-json\/wp\/v2\/media?parent=5453"}],"wp:term":[{"taxonomy":"category","embeddable":true,"href":"https:\/\/agora.xtec.cat\/ceiprieraderibes\/wp-json\/wp\/v2\/categories?post=5453"},{"taxonomy":"post_tag","embeddable":true,"href":"https:\/\/agora.xtec.cat\/ceiprieraderibes\/wp-json\/wp\/v2\/tags?post=5453"}],"curies":[{"name":"wp","href":"https:\/\/api.w.org\/{rel}","templated":true}]}}