{"id":5062,"date":"2016-07-07T17:31:42","date_gmt":"2016-07-07T16:31:42","guid":{"rendered":"http:\/\/agora.xtec.cat\/ceiprieraderibes\/?p=5062"},"modified":"2020-06-30T08:31:42","modified_gmt":"2020-06-30T06:31:42","slug":"que-en-pensem-dels-racons-els-nens-i-nenes-dinfantil","status":"publish","type":"post","link":"https:\/\/agora.xtec.cat\/ceiprieraderibes\/generacio-2012\/que-en-pensem-dels-racons-els-nens-i-nenes-dinfantil\/","title":{"rendered":"Una escola que millora \u00e9s una escola que apr\u00e8n. QU\u00c8 EN PENSEM DELS RACONS ELS NENS I NENES D&#8217;INFANTIL?"},"content":{"rendered":"<p>Ara que ja gaireb\u00e9 s&#8217;acaba el curs, \u00e9s el moment de fer balan\u00e7 de com han anat els racons d&#8217; enguany. Hem estat parlant amb els nens i nenes d&#8217;Infantil per saber qu\u00e8 en pensen dels racons per tal de tenir m\u00e9s informaci\u00f3 i poder valorar si s&#8217;adeq\u00fcen b\u00e9 a les nostres expectatives.<br \/>\nAqu\u00ed us mostrem la conversa que hem recollit amb un grup d&#8217;infants de P3, P4 i P5, en representaci\u00f3 dels alumnes de la seva aula.<br \/>\nComencem la rotllana parlant dels racons que ens agraden m\u00e9s i ens adonem que tots tenim les nostres prefer\u00e8ncies i s\u00f3n ben diferents. N&#8217;hi ha que els hi agrada el rac\u00f3 del Joc Simb\u00f2lic per maquillar-se, a un altre li encanta anar al rac\u00f3 de &#8220;psico&#8221; perqu\u00e8 la Bel\u00e9n li faci pessigolles, tamb\u00e9 n&#8217;hi ha qui vol anar al rac\u00f3 de les excavadores per poder acabar de construir la carretera,&#8230; Aix\u00f2 ens fa pensar que \u00e9s bo que n&#8217;hi hagi molts i com m\u00e9s variats siguin m\u00e9s s&#8217;adequaran al que necessita cadasc\u00fa.<br \/>\nConversem sobre si ens va b\u00e9 o no canviar de rac\u00f3 quan ho demanem. De seguida diem que est\u00e0 b\u00e9 fer-ho &#8220;perqu\u00e8 aix\u00ed no t&#8217;avorreixes&#8221; per\u00f2 a alg\u00fa altre li sembla que no va massa b\u00e9 canviar perqu\u00e8 es necessita molt de temps per jugar. No tothom, doncs, necessita el mateix temps.<br \/>\nParlem sobre l&#8217; assist\u00e8ncia als diferents racons. Hi ha nens de menys edat que solen anar sempre als mateixos espais. Per\u00f2 tamb\u00e9 hi ha qui opina que tenir el full de control de racons ens ajuda a saber quins s\u00f3n els que ens falten. Els m\u00e9s grans veuen clara una cosa: si es va sempre al mateix rac\u00f3 no es deixa espai perqu\u00e8 hi vagin els altres, i es bo provar tots els racons per veure tot el que hi ha. En tot cas, les mestres s\u00f3n qui coneixen millor als nenes i a les nenes i estan a l&#8217;aguait per acompanyar als qui es creu que en poden provar de nous.<br \/>\nI com fan ells la tria? Hi ha nens i nenes que ho decideixen segons on van els seus amics&#8230; per\u00f2 n&#8217;hi ha d&#8217;altres que veuen que est\u00e0 b\u00e9 no anar sempre al rac\u00f3 que faci l\u2019amic. El millor \u00e9s anar al rac\u00f3 que vol cadasc\u00fa.<br \/>\nFem, per \u00faltim, propostes de nous racons: estaria b\u00e9 fer el rac\u00f3 de contes cada dia, un rac\u00f3 de Festa Major que duri tot el curs, i un rac\u00f3 on puguem fer invents.<br \/>\nTot plegat les mestres ho tindran en compte pel curs vinent!<\/p>\n","protected":false},"excerpt":{"rendered":"<p>Ara que ja gaireb\u00e9 s&#8217;acaba el curs, \u00e9s el moment de fer balan\u00e7 de com han anat els racons d&#8217; enguany. Hem estat parlant amb els nens i nenes d&#8217;Infantil per saber qu\u00e8 en pensen dels racons per tal de tenir m\u00e9s informaci\u00f3 i poder&hellip;  <a href=\"https:\/\/agora.xtec.cat\/ceiprieraderibes\/generacio-2012\/que-en-pensem-dels-racons-els-nens-i-nenes-dinfantil\/\" title=\"Read Una escola que millora \u00e9s una escola que apr\u00e8n. QU\u00c8 EN PENSEM DELS RACONS ELS NENS I NENES D&#8217;INFANTIL?\">Llegeix m\u00e9s\u00bb<\/a><\/p>\n","protected":false},"author":1,"featured_media":0,"comment_status":"open","ping_status":"closed","sticky":false,"template":"","format":"standard","meta":{"_bbp_topic_count":0,"_bbp_reply_count":0,"_bbp_total_topic_count":0,"_bbp_total_reply_count":0,"_bbp_voice_count":0,"_bbp_anonymous_reply_count":0,"_bbp_topic_count_hidden":0,"_bbp_reply_count_hidden":0,"_bbp_forum_subforum_count":0,"footnotes":""},"categories":[48,47,157,156],"tags":[],"class_list":["post-5062","post","type-post","status-publish","format-standard","hentry","category-generacio-2011","category-generacio-2012","category-generacio-2013","category-una-escola-per-a-tothom"],"post_mailing_queue_ids":[],"_links":{"self":[{"href":"https:\/\/agora.xtec.cat\/ceiprieraderibes\/wp-json\/wp\/v2\/posts\/5062","targetHints":{"allow":["GET"]}}],"collection":[{"href":"https:\/\/agora.xtec.cat\/ceiprieraderibes\/wp-json\/wp\/v2\/posts"}],"about":[{"href":"https:\/\/agora.xtec.cat\/ceiprieraderibes\/wp-json\/wp\/v2\/types\/post"}],"author":[{"embeddable":true,"href":"https:\/\/agora.xtec.cat\/ceiprieraderibes\/wp-json\/wp\/v2\/users\/1"}],"replies":[{"embeddable":true,"href":"https:\/\/agora.xtec.cat\/ceiprieraderibes\/wp-json\/wp\/v2\/comments?post=5062"}],"version-history":[{"count":3,"href":"https:\/\/agora.xtec.cat\/ceiprieraderibes\/wp-json\/wp\/v2\/posts\/5062\/revisions"}],"predecessor-version":[{"id":10584,"href":"https:\/\/agora.xtec.cat\/ceiprieraderibes\/wp-json\/wp\/v2\/posts\/5062\/revisions\/10584"}],"wp:attachment":[{"href":"https:\/\/agora.xtec.cat\/ceiprieraderibes\/wp-json\/wp\/v2\/media?parent=5062"}],"wp:term":[{"taxonomy":"category","embeddable":true,"href":"https:\/\/agora.xtec.cat\/ceiprieraderibes\/wp-json\/wp\/v2\/categories?post=5062"},{"taxonomy":"post_tag","embeddable":true,"href":"https:\/\/agora.xtec.cat\/ceiprieraderibes\/wp-json\/wp\/v2\/tags?post=5062"}],"curies":[{"name":"wp","href":"https:\/\/api.w.org\/{rel}","templated":true}]}}