{"id":5060,"date":"2016-07-07T17:29:31","date_gmt":"2016-07-07T16:29:31","guid":{"rendered":"http:\/\/agora.xtec.cat\/ceiprieraderibes\/?p=5060"},"modified":"2020-06-30T08:32:31","modified_gmt":"2020-06-30T06:32:31","slug":"reflexio-despres-de-noves-vivencies-noves-experiencies","status":"publish","type":"post","link":"https:\/\/agora.xtec.cat\/ceiprieraderibes\/generacio-2007\/reflexio-despres-de-noves-vivencies-noves-experiencies\/","title":{"rendered":"Una escola que millora \u00e9s una escola que apr\u00e8n. REFLEXI\u00d3: Despr\u00e9s de noves viv\u00e8ncies noves experi\u00e8ncies!!. Els nens i les nenes de Segon Cicle."},"content":{"rendered":"<p>Despr\u00e9s d\u2019haver experimentat aquest proc\u00e9s de cinc rodes de projectes d\u2019aprenentatge global som conscients que aquesta forma d\u2019aprenentatge ens afavoreix de cara al futur.<br \/>\nA l\u2019hora del treball conjunt dels estudiants de diferents nivells es promou la feina en grup, la col\u00b7laboraci\u00f3, el creixement com a persones, les relacions socials entre d\u2019altres \u00e0mbits pel nostre desenvolupament.<br \/>\nTot i aix\u00f2, al principi de curs, quan es va mostrar la proposta no ens va entusiasmar, sobretot degut a que haur\u00edem de treballar amb nens i nenes d\u2019altres nivells. Ens vam mostrar poc oberts en el sentit de compartir les idees.<br \/>\nEn fi, sense l\u2019aportament de tothom hagu\u00e9s estat impossible aconseguir que aquesta din\u00e0mica de treball hagu\u00e9s anat endavant.<\/p>\n<p>Els nens i les nenes de Segon Cicle.<\/p>\n","protected":false},"excerpt":{"rendered":"<p>Despr\u00e9s d\u2019haver experimentat aquest proc\u00e9s de cinc rodes de projectes d\u2019aprenentatge global som conscients que aquesta forma d\u2019aprenentatge ens afavoreix de cara al futur.<br \/>\nA l\u2019hora del treball conjunt dels estudiants de diferents nivells es promou la feina en grup, la col\u00b7laboraci\u00f3, el creixement com a&hellip;  <a href=\"https:\/\/agora.xtec.cat\/ceiprieraderibes\/generacio-2007\/reflexio-despres-de-noves-vivencies-noves-experiencies\/\" title=\"Read Una escola que millora \u00e9s una escola que apr\u00e8n. REFLEXI\u00d3: Despr\u00e9s de noves viv\u00e8ncies noves experi\u00e8ncies!!. Els nens i les nenes de Segon Cicle.\">Llegeix m\u00e9s\u00bb<\/a><\/p>\n","protected":false},"author":1,"featured_media":0,"comment_status":"open","ping_status":"closed","sticky":false,"template":"","format":"standard","meta":{"_bbp_topic_count":0,"_bbp_reply_count":0,"_bbp_total_topic_count":0,"_bbp_total_reply_count":0,"_bbp_voice_count":0,"_bbp_anonymous_reply_count":0,"_bbp_topic_count_hidden":0,"_bbp_reply_count_hidden":0,"_bbp_forum_subforum_count":0,"footnotes":""},"categories":[54,53,52,156],"tags":[],"class_list":["post-5060","post","type-post","status-publish","format-standard","hentry","category-generacio-2005","category-generacio-2006","category-generacio-2007","category-una-escola-per-a-tothom"],"post_mailing_queue_ids":[],"_links":{"self":[{"href":"https:\/\/agora.xtec.cat\/ceiprieraderibes\/wp-json\/wp\/v2\/posts\/5060","targetHints":{"allow":["GET"]}}],"collection":[{"href":"https:\/\/agora.xtec.cat\/ceiprieraderibes\/wp-json\/wp\/v2\/posts"}],"about":[{"href":"https:\/\/agora.xtec.cat\/ceiprieraderibes\/wp-json\/wp\/v2\/types\/post"}],"author":[{"embeddable":true,"href":"https:\/\/agora.xtec.cat\/ceiprieraderibes\/wp-json\/wp\/v2\/users\/1"}],"replies":[{"embeddable":true,"href":"https:\/\/agora.xtec.cat\/ceiprieraderibes\/wp-json\/wp\/v2\/comments?post=5060"}],"version-history":[{"count":3,"href":"https:\/\/agora.xtec.cat\/ceiprieraderibes\/wp-json\/wp\/v2\/posts\/5060\/revisions"}],"predecessor-version":[{"id":10585,"href":"https:\/\/agora.xtec.cat\/ceiprieraderibes\/wp-json\/wp\/v2\/posts\/5060\/revisions\/10585"}],"wp:attachment":[{"href":"https:\/\/agora.xtec.cat\/ceiprieraderibes\/wp-json\/wp\/v2\/media?parent=5060"}],"wp:term":[{"taxonomy":"category","embeddable":true,"href":"https:\/\/agora.xtec.cat\/ceiprieraderibes\/wp-json\/wp\/v2\/categories?post=5060"},{"taxonomy":"post_tag","embeddable":true,"href":"https:\/\/agora.xtec.cat\/ceiprieraderibes\/wp-json\/wp\/v2\/tags?post=5060"}],"curies":[{"name":"wp","href":"https:\/\/api.w.org\/{rel}","templated":true}]}}