{"id":4997,"date":"2016-06-12T21:45:00","date_gmt":"2016-06-12T20:45:00","guid":{"rendered":"http:\/\/agora.xtec.cat\/ceiprieraderibes\/?p=4997"},"modified":"2016-06-12T21:59:47","modified_gmt":"2016-06-12T20:59:47","slug":"a-educacio-fisica-els-primers-auxilis","status":"publish","type":"post","link":"https:\/\/agora.xtec.cat\/ceiprieraderibes\/general\/a-educacio-fisica-els-primers-auxilis\/","title":{"rendered":"Educaci\u00f3 F\u00edsica: els Primers Auxilis. Expert: en Toni, pare del Jacob."},"content":{"rendered":"<p>Durant aquests d\u00edes en Toni, pare del Jacob de tercer ha fet una sessi\u00f3 de primers auxilis amb els nens i les nenes de quart. Ens ha informat i ensenyat qu\u00e8 fer ens diferents situacions.  Moltes gr\u00e0cies  i molt bona feina!!!!  Mireu &#8230;<\/p>\n<p><iframe loading=\"lazy\" src=\"https:\/\/player.vimeo.com\/video\/170390344\" width=\"640\" height=\"360\" frameborder=\"0\" webkitallowfullscreen mozallowfullscreen allowfullscreen><\/iframe><\/p>\n<p><a href=\"https:\/\/vimeo.com\/170390344\">Educaci&oacute; F&iacute;sica: Els primers auxilis a quart 2016.<\/a> from <a href=\"https:\/\/vimeo.com\/user16765912\">Celia Ganga Pasamon<\/a> on <a href=\"https:\/\/vimeo.com\">Vimeo<\/a>.<\/p>\n","protected":false},"excerpt":{"rendered":"<p>Durant aquests d\u00edes en Toni, pare del Jacob de tercer ha fet una sessi\u00f3 de primers auxilis amb els nens i les nenes de quart. Ens ha informat i ensenyat qu\u00e8 fer ens diferents situacions.  Moltes gr\u00e0cies  i molt bona feina!!!!  Mireu&hellip;  <a href=\"https:\/\/agora.xtec.cat\/ceiprieraderibes\/general\/a-educacio-fisica-els-primers-auxilis\/\" title=\"Read Educaci\u00f3 F\u00edsica: els Primers Auxilis. Expert: en Toni, pare del Jacob.\">Llegeix m\u00e9s\u00bb<\/a><\/p>\n","protected":false},"author":1,"featured_media":0,"comment_status":"open","ping_status":"open","sticky":false,"template":"","format":"standard","meta":{"_bbp_topic_count":0,"_bbp_reply_count":0,"_bbp_total_topic_count":0,"_bbp_total_reply_count":0,"_bbp_voice_count":0,"_bbp_anonymous_reply_count":0,"_bbp_topic_count_hidden":0,"_bbp_reply_count_hidden":0,"_bbp_forum_subforum_count":0,"footnotes":""},"categories":[53,1],"tags":[],"class_list":["post-4997","post","type-post","status-publish","format-standard","hentry","category-generacio-2006","category-general"],"post_mailing_queue_ids":[],"_links":{"self":[{"href":"https:\/\/agora.xtec.cat\/ceiprieraderibes\/wp-json\/wp\/v2\/posts\/4997","targetHints":{"allow":["GET"]}}],"collection":[{"href":"https:\/\/agora.xtec.cat\/ceiprieraderibes\/wp-json\/wp\/v2\/posts"}],"about":[{"href":"https:\/\/agora.xtec.cat\/ceiprieraderibes\/wp-json\/wp\/v2\/types\/post"}],"author":[{"embeddable":true,"href":"https:\/\/agora.xtec.cat\/ceiprieraderibes\/wp-json\/wp\/v2\/users\/1"}],"replies":[{"embeddable":true,"href":"https:\/\/agora.xtec.cat\/ceiprieraderibes\/wp-json\/wp\/v2\/comments?post=4997"}],"version-history":[{"count":3,"href":"https:\/\/agora.xtec.cat\/ceiprieraderibes\/wp-json\/wp\/v2\/posts\/4997\/revisions"}],"predecessor-version":[{"id":5004,"href":"https:\/\/agora.xtec.cat\/ceiprieraderibes\/wp-json\/wp\/v2\/posts\/4997\/revisions\/5004"}],"wp:attachment":[{"href":"https:\/\/agora.xtec.cat\/ceiprieraderibes\/wp-json\/wp\/v2\/media?parent=4997"}],"wp:term":[{"taxonomy":"category","embeddable":true,"href":"https:\/\/agora.xtec.cat\/ceiprieraderibes\/wp-json\/wp\/v2\/categories?post=4997"},{"taxonomy":"post_tag","embeddable":true,"href":"https:\/\/agora.xtec.cat\/ceiprieraderibes\/wp-json\/wp\/v2\/tags?post=4997"}],"curies":[{"name":"wp","href":"https:\/\/api.w.org\/{rel}","templated":true}]}}