{"id":498,"date":"2015-04-20T15:40:00","date_gmt":"2015-04-20T15:40:00","guid":{"rendered":"http:\/\/generacio2004.rieraderibes.cat\/?p=498"},"modified":"2015-04-20T15:40:00","modified_gmt":"2015-04-20T15:40:00","slug":"xavier-pages-corella-compositor-de-cantania-a-lescola","status":"publish","type":"post","link":"https:\/\/agora.xtec.cat\/ceiprieraderibes\/sin-categoria\/xavier-pages-corella-compositor-de-cantania-a-lescola\/","title":{"rendered":"Xavier Pag\u00e8s Corella, compositor de Cant\u00e0nia, a l&#8217;escola!"},"content":{"rendered":"<p>El compositor de Cant\u00e0nia, Xavier Pag\u00e8s Corella, va venir el passat dijous 16 d&#8217;abril a l&#8217;escola.<\/p>\n<p>Cant\u00e0nia \u00e9s una activitat que organitza l\u2019Auditori de Barcelona des de fa 25 anys. \u00a0L\u2019escola fa 8 anys que participa d\u2019aquest projecte i enguany hem tingut la oportunitat i l\u2019honor de qu\u00e8 ens visit\u00e9s el compositor. \u00a0En Xavier Pag\u00e8s va iniciar els seus estudis musicals a Ribes. Va acceptar sense cap mena de inconvenient venir a fer una visita als alumnes de 5\u00e8 que estan preparant la Cantata que ell ha creat \u201c<em>Al bell mig de la Terra\u201d.<\/em><\/p>\n<p>Va ser una trobada molt distesa on ens va poder explicar moments m\u00e9s personals sobre la cantata i ens va donar consells per millorar-la.<\/p>\n<p><iframe loading=\"lazy\" title=\"Ens visita el compositor de Cant\u00e0nia 2015\" src=\"https:\/\/player.vimeo.com\/video\/125468744?dnt=1&amp;app_id=122963\" width=\"500\" height=\"281\" frameborder=\"0\" allow=\"autoplay; fullscreen; picture-in-picture; clipboard-write\"><\/iframe><\/p>\n","protected":false},"excerpt":{"rendered":"<p>El compositor de Cant\u00e0nia, Xavier Pag\u00e8s Corella, va venir el passat dijous 16 d&#8217;abril a l&#8217;escola.<br \/>\nCant\u00e0nia \u00e9s una activitat que organitza l\u2019Auditori de Barcelona des de fa 25 anys. \u00a0L\u2019escola fa 8 anys que participa d\u2019aquest projecte i enguany hem tingut la oportunitat i l\u2019honor&hellip;  <a href=\"https:\/\/agora.xtec.cat\/ceiprieraderibes\/sin-categoria\/xavier-pages-corella-compositor-de-cantania-a-lescola\/\" title=\"Read Xavier Pag\u00e8s Corella, compositor de Cant\u00e0nia, a l&#8217;escola!\">Llegeix m\u00e9s\u00bb<\/a><\/p>\n","protected":false},"author":1,"featured_media":2619,"comment_status":"open","ping_status":"open","sticky":false,"template":"","format":"standard","meta":{"_bbp_topic_count":0,"_bbp_reply_count":0,"_bbp_total_topic_count":0,"_bbp_total_reply_count":0,"_bbp_voice_count":0,"_bbp_anonymous_reply_count":0,"_bbp_topic_count_hidden":0,"_bbp_reply_count_hidden":0,"_bbp_forum_subforum_count":0,"footnotes":""},"categories":[22],"tags":[],"class_list":["post-498","post","type-post","status-publish","format-standard","has-post-thumbnail","hentry","category-sin-categoria"],"post_mailing_queue_ids":[],"_links":{"self":[{"href":"https:\/\/agora.xtec.cat\/ceiprieraderibes\/wp-json\/wp\/v2\/posts\/498","targetHints":{"allow":["GET"]}}],"collection":[{"href":"https:\/\/agora.xtec.cat\/ceiprieraderibes\/wp-json\/wp\/v2\/posts"}],"about":[{"href":"https:\/\/agora.xtec.cat\/ceiprieraderibes\/wp-json\/wp\/v2\/types\/post"}],"author":[{"embeddable":true,"href":"https:\/\/agora.xtec.cat\/ceiprieraderibes\/wp-json\/wp\/v2\/users\/1"}],"replies":[{"embeddable":true,"href":"https:\/\/agora.xtec.cat\/ceiprieraderibes\/wp-json\/wp\/v2\/comments?post=498"}],"version-history":[{"count":0,"href":"https:\/\/agora.xtec.cat\/ceiprieraderibes\/wp-json\/wp\/v2\/posts\/498\/revisions"}],"wp:featuredmedia":[{"embeddable":true,"href":"https:\/\/agora.xtec.cat\/ceiprieraderibes\/wp-json\/wp\/v2\/media\/2619"}],"wp:attachment":[{"href":"https:\/\/agora.xtec.cat\/ceiprieraderibes\/wp-json\/wp\/v2\/media?parent=498"}],"wp:term":[{"taxonomy":"category","embeddable":true,"href":"https:\/\/agora.xtec.cat\/ceiprieraderibes\/wp-json\/wp\/v2\/categories?post=498"},{"taxonomy":"post_tag","embeddable":true,"href":"https:\/\/agora.xtec.cat\/ceiprieraderibes\/wp-json\/wp\/v2\/tags?post=498"}],"curies":[{"name":"wp","href":"https:\/\/api.w.org\/{rel}","templated":true}]}}