{"id":4973,"date":"2015-12-13T09:00:09","date_gmt":"2015-12-13T09:00:09","guid":{"rendered":"http:\/\/generacio2012.rieraderibes.cat\/?p=34"},"modified":"2016-07-14T10:23:04","modified_gmt":"2016-07-14T09:23:04","slug":"projectes-compartits","status":"publish","type":"post","link":"https:\/\/agora.xtec.cat\/ceiprieraderibes\/generacio-2012\/projectes-compartits\/","title":{"rendered":"PROJECTES COMPARTITS: Qu\u00e8 passa a P3? Expliquen els nens i les nenes de sis\u00e8!!!"},"content":{"rendered":"<p>Qu\u00e8 passa a P3?<br \/>\nBon dia fam\u00edlies! Som els nens i nenes del projecte espiem l&#8217;escola i us comuniquem que els nens i nenes de P3 ja han comen\u00e7at l&#8217;escola!<br \/>\n\u00c9s el principi d&#8217;una gran aventura plena d&#8217;estudis, amistats, problemes i solucions.<br \/>\nS&#8217;estan adaptant molt b\u00e9 i no trigaran molt en sentir-se com a casa.<br \/>\nQuan vam anar a entrevistar als nens m\u00e9s petits de l&#8217;escola (17-09-15) l&#8217;Oriol Miret feia tres anys.<br \/>\nPer molts anys Oriol!!!<br \/>\nA la classe s&#8217;ho passen bomba ja que s\u00f3n molt afortunats de tenir com a mestres a la Belen, a la Mari i a la Patri.<br \/>\nI el pat\u00ed tampoc se&#8217;ls hi queda curt, ja que es diverteixen un munt amb les joguines que tenen al seu a vast.<br \/>\nSegur qu\u00e8 ser\u00e0 un curs molt divertit!<br \/>\nMaite Gazta\u00f1aga i Daniela Mart\u00ed (6\u00e8A)<\/p>\n<div style=\"width: 0; height: 0; visibility: hidden; opacity: 0; position: absolute;\"><object id=\"kpm_plugin\" type=\"application\/x-KPMPlugin\"><\/object><\/div>\n","protected":false},"excerpt":{"rendered":"<p>Qu\u00e8 passa a P3?<br \/>\nBon dia fam\u00edlies! Som els nens i nenes del projecte espiem l&#8217;escola i us comuniquem que els nens i nenes de P3 ja han comen\u00e7at l&#8217;escola!<br \/>\n\u00c9s el principi d&#8217;una gran aventura plena d&#8217;estudis, amistats, problemes i solucions.<br \/>\nS&#8217;estan adaptant molt b\u00e9 i no&hellip;  <a href=\"https:\/\/agora.xtec.cat\/ceiprieraderibes\/generacio-2012\/projectes-compartits\/\" title=\"Read PROJECTES COMPARTITS: Qu\u00e8 passa a P3? Expliquen els nens i les nenes de sis\u00e8!!!\">Llegeix m\u00e9s\u00bb<\/a><\/p>\n","protected":false},"author":1,"featured_media":0,"comment_status":"open","ping_status":"open","sticky":false,"template":"","format":"standard","meta":{"_bbp_topic_count":0,"_bbp_reply_count":0,"_bbp_total_topic_count":0,"_bbp_total_reply_count":0,"_bbp_voice_count":0,"_bbp_anonymous_reply_count":0,"_bbp_topic_count_hidden":0,"_bbp_reply_count_hidden":0,"_bbp_forum_subforum_count":0,"footnotes":""},"categories":[47],"tags":[],"class_list":["post-4973","post","type-post","status-publish","format-standard","hentry","category-generacio-2012"],"post_mailing_queue_ids":[],"_links":{"self":[{"href":"https:\/\/agora.xtec.cat\/ceiprieraderibes\/wp-json\/wp\/v2\/posts\/4973","targetHints":{"allow":["GET"]}}],"collection":[{"href":"https:\/\/agora.xtec.cat\/ceiprieraderibes\/wp-json\/wp\/v2\/posts"}],"about":[{"href":"https:\/\/agora.xtec.cat\/ceiprieraderibes\/wp-json\/wp\/v2\/types\/post"}],"author":[{"embeddable":true,"href":"https:\/\/agora.xtec.cat\/ceiprieraderibes\/wp-json\/wp\/v2\/users\/1"}],"replies":[{"embeddable":true,"href":"https:\/\/agora.xtec.cat\/ceiprieraderibes\/wp-json\/wp\/v2\/comments?post=4973"}],"version-history":[{"count":2,"href":"https:\/\/agora.xtec.cat\/ceiprieraderibes\/wp-json\/wp\/v2\/posts\/4973\/revisions"}],"predecessor-version":[{"id":5113,"href":"https:\/\/agora.xtec.cat\/ceiprieraderibes\/wp-json\/wp\/v2\/posts\/4973\/revisions\/5113"}],"wp:attachment":[{"href":"https:\/\/agora.xtec.cat\/ceiprieraderibes\/wp-json\/wp\/v2\/media?parent=4973"}],"wp:term":[{"taxonomy":"category","embeddable":true,"href":"https:\/\/agora.xtec.cat\/ceiprieraderibes\/wp-json\/wp\/v2\/categories?post=4973"},{"taxonomy":"post_tag","embeddable":true,"href":"https:\/\/agora.xtec.cat\/ceiprieraderibes\/wp-json\/wp\/v2\/tags?post=4973"}],"curies":[{"name":"wp","href":"https:\/\/api.w.org\/{rel}","templated":true}]}}