{"id":490,"date":"2015-04-17T05:58:35","date_gmt":"2015-04-17T05:58:35","guid":{"rendered":"http:\/\/generacio2004.rieraderibes.cat\/?p=490"},"modified":"2016-05-30T17:14:43","modified_gmt":"2016-05-30T16:14:43","slug":"cantania-com-tenyir-la-samarreta","status":"publish","type":"post","link":"https:\/\/agora.xtec.cat\/ceiprieraderibes\/generacio-2004\/cantania-com-tenyir-la-samarreta\/","title":{"rendered":"Cant\u00e0nia: com tenyir la samarreta"},"content":{"rendered":"<p>&nbsp;<\/p>\n<p style=\"text-align: left\">Cant\u00e0nia \u00e9s una activitat que organitza l&#8217;Auditori de Barcelona.\u00a0 Cada any es crea una cantata contempor\u00e0nia en la qu\u00e8 participen uns 800 alumnes a cada concert. \u00a0 Aquest concert es porta a terme en un per\u00edode de dos mesos unes 90 vegades, aix\u00ed que moltes escoles de Catalunya i de la resta de la Pen\u00ednsula participen cantant.<\/p>\n<p style=\"text-align: left\">Els creadors de &#8220;El bell mig de la terra&#8221;, nom de la cantata d&#8217;aquest any, s\u00f3n el compositor Xavier Pag\u00e8s Corella i l&#8217;escriptora Carlota Subir\u00f3s Bosch.<\/p>\n<p style=\"text-align: left\">Enguany,\u00a0 part del vestuari del dia del concert\u00a0 \u00e9s una samarreta blanca, tenyida amb bosses de te negre.\u00a0 L&#8217;objectiu \u00e9s que quedi de color terra.<\/p>\n<p style=\"text-align: left\">(<em>La samarreta ha de ser blanca, de m\u00e0niga curta i sense lletres en la mida de lo possible<\/em>)<\/p>\n<p style=\"text-align: left\">Aqu\u00ed teniu el v\u00eddeo on podreu seguir pas a pas la manera de tenyir la samarreta!<\/p>\n<p><a href=\"https:\/\/vimeo.com\/125017613\">https:\/\/vimeo.com\/125017613<\/a><\/p>\n<p>&nbsp;<\/p>\n","protected":false},"excerpt":{"rendered":"<p>&nbsp;<br \/>\nCant\u00e0nia \u00e9s una activitat que organitza l&#8217;Auditori de Barcelona.\u00a0 Cada any es crea una cantata contempor\u00e0nia en la qu\u00e8 participen uns 800 alumnes a cada concert. \u00a0 Aquest concert es porta a terme en un per\u00edode de dos mesos unes 90 vegades, aix\u00ed que moltes&hellip;  <a href=\"https:\/\/agora.xtec.cat\/ceiprieraderibes\/generacio-2004\/cantania-com-tenyir-la-samarreta\/\" title=\"Read Cant\u00e0nia: com tenyir la samarreta\">Llegeix m\u00e9s\u00bb<\/a><\/p>\n","protected":false},"author":1,"featured_media":2618,"comment_status":"open","ping_status":"open","sticky":false,"template":"","format":"standard","meta":{"_bbp_topic_count":0,"_bbp_reply_count":0,"_bbp_total_topic_count":0,"_bbp_total_reply_count":0,"_bbp_voice_count":0,"_bbp_anonymous_reply_count":0,"_bbp_topic_count_hidden":0,"_bbp_reply_count_hidden":0,"_bbp_forum_subforum_count":0,"footnotes":""},"categories":[74,75,55],"tags":[],"class_list":["post-490","post","type-post","status-publish","format-standard","has-post-thumbnail","hentry","category-el-formiguer","category-els-23-aventurers","category-generacio-2004"],"post_mailing_queue_ids":[],"_links":{"self":[{"href":"https:\/\/agora.xtec.cat\/ceiprieraderibes\/wp-json\/wp\/v2\/posts\/490","targetHints":{"allow":["GET"]}}],"collection":[{"href":"https:\/\/agora.xtec.cat\/ceiprieraderibes\/wp-json\/wp\/v2\/posts"}],"about":[{"href":"https:\/\/agora.xtec.cat\/ceiprieraderibes\/wp-json\/wp\/v2\/types\/post"}],"author":[{"embeddable":true,"href":"https:\/\/agora.xtec.cat\/ceiprieraderibes\/wp-json\/wp\/v2\/users\/1"}],"replies":[{"embeddable":true,"href":"https:\/\/agora.xtec.cat\/ceiprieraderibes\/wp-json\/wp\/v2\/comments?post=490"}],"version-history":[{"count":1,"href":"https:\/\/agora.xtec.cat\/ceiprieraderibes\/wp-json\/wp\/v2\/posts\/490\/revisions"}],"predecessor-version":[{"id":2680,"href":"https:\/\/agora.xtec.cat\/ceiprieraderibes\/wp-json\/wp\/v2\/posts\/490\/revisions\/2680"}],"wp:featuredmedia":[{"embeddable":true,"href":"https:\/\/agora.xtec.cat\/ceiprieraderibes\/wp-json\/wp\/v2\/media\/2618"}],"wp:attachment":[{"href":"https:\/\/agora.xtec.cat\/ceiprieraderibes\/wp-json\/wp\/v2\/media?parent=490"}],"wp:term":[{"taxonomy":"category","embeddable":true,"href":"https:\/\/agora.xtec.cat\/ceiprieraderibes\/wp-json\/wp\/v2\/categories?post=490"},{"taxonomy":"post_tag","embeddable":true,"href":"https:\/\/agora.xtec.cat\/ceiprieraderibes\/wp-json\/wp\/v2\/tags?post=490"}],"curies":[{"name":"wp","href":"https:\/\/api.w.org\/{rel}","templated":true}]}}