{"id":483,"date":"2015-06-10T09:30:48","date_gmt":"2015-06-10T09:30:48","guid":{"rendered":"http:\/\/generacio2006.rieraderibes.cat\/?p=483"},"modified":"2015-06-10T09:30:48","modified_gmt":"2015-06-10T09:30:48","slug":"exposicio-del-raco-de-petit-cinema-3","status":"publish","type":"post","link":"https:\/\/agora.xtec.cat\/ceiprieraderibes\/sin-categoria\/exposicio-del-raco-de-petit-cinema-3\/","title":{"rendered":"Exposici\u00f3 del Rac\u00f3 de Petit Cinema"},"content":{"rendered":"<p>Benvolgudes fam\u00edlies,<\/p>\n<p>A la paret del costat del Rac\u00f3 de M\u00fasica, hi podeu trobar exposades les fotografies que els nens i nenes de 1r, 2n i 3r, han fet al llarg de tot els curs mentre treballaven dins del Rac\u00f3 de Petit Cinema.<\/p>\n<p>Totes les imatges han estat captades de forma aut\u00f2noma pels alumnes i no han estat manipulades en cap moment.<\/p>\n<p>Atureu-vos-hi i gaudiu-ne!!!<\/p>\n","protected":false},"excerpt":{"rendered":"<p>Benvolgudes fam\u00edlies,<br \/>\nA la paret del costat del Rac\u00f3 de M\u00fasica, hi podeu trobar exposades les fotografies que els nens i nenes de 1r, 2n i 3r, han fet al llarg de tot els curs mentre treballaven dins del Rac\u00f3 de Petit Cinema.<br \/>\nTotes les imatges han&hellip;  <a href=\"https:\/\/agora.xtec.cat\/ceiprieraderibes\/sin-categoria\/exposicio-del-raco-de-petit-cinema-3\/\" title=\"Read Exposici\u00f3 del Rac\u00f3 de Petit Cinema\">Llegeix m\u00e9s\u00bb<\/a><\/p>\n","protected":false},"author":1,"featured_media":0,"comment_status":"open","ping_status":"open","sticky":false,"template":"","format":"standard","meta":{"_bbp_topic_count":0,"_bbp_reply_count":0,"_bbp_total_topic_count":0,"_bbp_total_reply_count":0,"_bbp_voice_count":0,"_bbp_anonymous_reply_count":0,"_bbp_topic_count_hidden":0,"_bbp_reply_count_hidden":0,"_bbp_forum_subforum_count":0,"footnotes":""},"categories":[22],"tags":[],"class_list":["post-483","post","type-post","status-publish","format-standard","hentry","category-sin-categoria"],"post_mailing_queue_ids":[],"_links":{"self":[{"href":"https:\/\/agora.xtec.cat\/ceiprieraderibes\/wp-json\/wp\/v2\/posts\/483","targetHints":{"allow":["GET"]}}],"collection":[{"href":"https:\/\/agora.xtec.cat\/ceiprieraderibes\/wp-json\/wp\/v2\/posts"}],"about":[{"href":"https:\/\/agora.xtec.cat\/ceiprieraderibes\/wp-json\/wp\/v2\/types\/post"}],"author":[{"embeddable":true,"href":"https:\/\/agora.xtec.cat\/ceiprieraderibes\/wp-json\/wp\/v2\/users\/1"}],"replies":[{"embeddable":true,"href":"https:\/\/agora.xtec.cat\/ceiprieraderibes\/wp-json\/wp\/v2\/comments?post=483"}],"version-history":[{"count":0,"href":"https:\/\/agora.xtec.cat\/ceiprieraderibes\/wp-json\/wp\/v2\/posts\/483\/revisions"}],"wp:attachment":[{"href":"https:\/\/agora.xtec.cat\/ceiprieraderibes\/wp-json\/wp\/v2\/media?parent=483"}],"wp:term":[{"taxonomy":"category","embeddable":true,"href":"https:\/\/agora.xtec.cat\/ceiprieraderibes\/wp-json\/wp\/v2\/categories?post=483"},{"taxonomy":"post_tag","embeddable":true,"href":"https:\/\/agora.xtec.cat\/ceiprieraderibes\/wp-json\/wp\/v2\/tags?post=483"}],"curies":[{"name":"wp","href":"https:\/\/api.w.org\/{rel}","templated":true}]}}