{"id":4788,"date":"2014-12-16T10:18:42","date_gmt":"2014-12-16T10:18:42","guid":{"rendered":"http:\/\/generacio2011.rieraderibes.cat\/?p=87"},"modified":"2016-07-14T10:35:05","modified_gmt":"2016-07-14T09:35:05","slug":"les-colonies-a-can-pere","status":"publish","type":"post","link":"https:\/\/agora.xtec.cat\/ceiprieraderibes\/generacio-2011\/les-colonies-a-can-pere\/","title":{"rendered":"Les col\u00f2nies a Can Pere"},"content":{"rendered":"<p><span style=\"color: #0000ff;\">Els nens i nenes de P3 anem de col\u00f2nies a passar un dia a la granja-escola de\u00a0 Can Pere.<\/span><\/p>\n\n\t\t<style type=\"text\/css\">\n\t\t\t#gallery-1 {\n\t\t\t\tmargin: auto;\n\t\t\t}\n\t\t\t#gallery-1 .gallery-item {\n\t\t\t\tfloat: left;\n\t\t\t\tmargin-top: 10px;\n\t\t\t\ttext-align: center;\n\t\t\t\twidth: 33%;\n\t\t\t}\n\t\t\t#gallery-1 img {\n\t\t\t\tborder: 2px solid #cfcfcf;\n\t\t\t}\n\t\t\t#gallery-1 .gallery-caption {\n\t\t\t\tmargin-left: 0;\n\t\t\t}\n\t\t\t\/* see gallery_shortcode() in wp-includes\/media.php *\/\n\t\t<\/style>\n\t\t<div id='gallery-1' class='gallery galleryid-4788 gallery-columns-3 gallery-size-thumbnail'><dl class='gallery-item'>\n\t\t\t<dt class='gallery-icon landscape'>\n\t\t\t\t<a href='https:\/\/agora.xtec.cat\/ceiprieraderibes\/exemple1b\/'><img loading=\"lazy\" decoding=\"async\" width=\"150\" height=\"150\" src=\"https:\/\/agora.xtec.cat\/ceiprieraderibes\/wp-content\/uploads\/usu901\/2014\/09\/exemple1b-150x150.png\" class=\"attachment-thumbnail size-thumbnail\" alt=\"\" \/><\/a>\n\t\t\t<\/dt><\/dl>\n\t\t\t<br style='clear: both' \/>\n\t\t<\/div>\n\n<p style=\"text-align: justify;\"><span style=\"color: #0000ff;\"><br \/>\nEls nens i nenes de P3 anem de col\u00f2nies a passar un dia a la granja-escola de\u00a0 Can Pere. Hem fet dos tallers: el dels animals\u00a0 i el de fer mat\u00f3. L&#8217;Isidre ens va ensenyar les cabres, les oques, els porquets, els conills i els cavalls. Els hi vam poder donar de menjar i els vam poder tocar i fins i tot pujar a sobre del cavall. En el taller del mat\u00f3 l&#8217;Ant\u00f2nia ens va ensenyar com es tallava la llet per a fer el mat\u00f3 , el vam poder tastar i fins i tot vam poder portar-ne un gotet a casa.Com podeu\u00a0 veure en aquestes fotos hem apr\u00e8s moltes coses i ens ho v\u00e0rem passar molt b\u00e9.<br \/>\n<\/span><\/p>\n<p>&nbsp;<\/p>\n<div style=\"width: 0; height: 0; visibility: hidden; opacity: 0; position: absolute;\"><object id=\"kpm_plugin\" type=\"application\/x-KPMPlugin\"><\/object><\/div>\n","protected":false},"excerpt":{"rendered":"<p>Els nens i les nenes de P3 vam anar de col\u00f2nies a Can Pere. Hem fet els tallers d&#8217;animals i d&#8217;elaboraci\u00f3 de mat\u00f3.&hellip;  <a href=\"https:\/\/agora.xtec.cat\/ceiprieraderibes\/generacio-2011\/les-colonies-a-can-pere\/\" title=\"Read Les col\u00f2nies a Can Pere\">Llegeix m\u00e9s\u00bb<\/a><\/p>\n","protected":false},"author":1,"featured_media":4484,"comment_status":"open","ping_status":"open","sticky":false,"template":"","format":"standard","meta":{"_bbp_topic_count":0,"_bbp_reply_count":0,"_bbp_total_topic_count":0,"_bbp_total_reply_count":0,"_bbp_voice_count":0,"_bbp_anonymous_reply_count":0,"_bbp_topic_count_hidden":0,"_bbp_reply_count_hidden":0,"_bbp_forum_subforum_count":0,"footnotes":""},"categories":[136,137,48],"tags":[64],"class_list":["post-4788","post","type-post","status-publish","format-standard","has-post-thumbnail","hentry","category-els-gegants-i-les-gegantes","category-els-transports","category-generacio-2011","tag-colonies"],"post_mailing_queue_ids":[],"_links":{"self":[{"href":"https:\/\/agora.xtec.cat\/ceiprieraderibes\/wp-json\/wp\/v2\/posts\/4788","targetHints":{"allow":["GET"]}}],"collection":[{"href":"https:\/\/agora.xtec.cat\/ceiprieraderibes\/wp-json\/wp\/v2\/posts"}],"about":[{"href":"https:\/\/agora.xtec.cat\/ceiprieraderibes\/wp-json\/wp\/v2\/types\/post"}],"author":[{"embeddable":true,"href":"https:\/\/agora.xtec.cat\/ceiprieraderibes\/wp-json\/wp\/v2\/users\/1"}],"replies":[{"embeddable":true,"href":"https:\/\/agora.xtec.cat\/ceiprieraderibes\/wp-json\/wp\/v2\/comments?post=4788"}],"version-history":[{"count":2,"href":"https:\/\/agora.xtec.cat\/ceiprieraderibes\/wp-json\/wp\/v2\/posts\/4788\/revisions"}],"predecessor-version":[{"id":5115,"href":"https:\/\/agora.xtec.cat\/ceiprieraderibes\/wp-json\/wp\/v2\/posts\/4788\/revisions\/5115"}],"wp:featuredmedia":[{"embeddable":true,"href":"https:\/\/agora.xtec.cat\/ceiprieraderibes\/wp-json\/wp\/v2\/media\/4484"}],"wp:attachment":[{"href":"https:\/\/agora.xtec.cat\/ceiprieraderibes\/wp-json\/wp\/v2\/media?parent=4788"}],"wp:term":[{"taxonomy":"category","embeddable":true,"href":"https:\/\/agora.xtec.cat\/ceiprieraderibes\/wp-json\/wp\/v2\/categories?post=4788"},{"taxonomy":"post_tag","embeddable":true,"href":"https:\/\/agora.xtec.cat\/ceiprieraderibes\/wp-json\/wp\/v2\/tags?post=4788"}],"curies":[{"name":"wp","href":"https:\/\/api.w.org\/{rel}","templated":true}]}}