{"id":42,"date":"2013-05-15T19:40:00","date_gmt":"2013-05-15T19:40:00","guid":{"rendered":"http:\/\/generacio2008.rieraderibes.cat\/2013\/05\/15\/mes-fotos-de-carnaval\/"},"modified":"2016-06-08T19:27:31","modified_gmt":"2016-06-08T18:27:31","slug":"mes-fotos-de-carnaval","status":"publish","type":"post","link":"https:\/\/agora.xtec.cat\/ceiprieraderibes\/sin-categoria\/mes-fotos-de-carnaval\/","title":{"rendered":"MES FOTOS DE CARNAVAL!!!"},"content":{"rendered":"<p><a href=\"http:\/\/https\/\/plus.google.com\/photos\/100949311842839645197\/albums\/5875569968780477265\"><\/a><\/p>\n<div>AQU\u00cd TENIU ALGUNES FOTOS DEL DIA DE <b>CARNAVAL<\/b>. AN\u00c0VEM GUAP\u00cdSSIMS!\u00a0<\/div>\n<p><span>SI CLIQUEU SOBRE DE LA FOTO, EN PODREU VEURE M\u00c9S.<\/span><\/p>\n<div><a href=\"http:\/\/3.bp.blogspot.com\/-w7lLSJKZTxg\/UYo2xrkLs-I\/AAAAAAAABJM\/Fsput73qi_Y\/s1600\/IMG_5531.JPG\"><br \/><\/a><\/div>\n<p><\/p>\n","protected":false},"excerpt":{"rendered":"<p><a href=\"http:\/\/https\/\/plus.google.com\/photos\/100949311842839645197\/albums\/5875569968780477265\"><\/a><br \/>\nAQU\u00cd TENIU ALGUNES FOTOS DEL DIA DE CARNAVAL. AN\u00c0VEM GUAP\u00cdSSIMS!\u00a0<br \/>\nSI CLIQUEU SOBRE DE LA FOTO, EN PODREU VEURE M\u00c9S.<br \/>\n<a href=\"http:\/\/3.bp.blogspot.com\/-w7lLSJKZTxg\/UYo2xrkLs-I\/AAAAAAAABJM\/Fsput73qi_Y\/s1600\/IMG_5531.JPG\"><\/a><\/p>\n","protected":false},"author":1,"featured_media":0,"comment_status":"open","ping_status":"open","sticky":false,"template":"","format":"standard","meta":{"_bbp_topic_count":0,"_bbp_reply_count":0,"_bbp_total_topic_count":0,"_bbp_total_reply_count":0,"_bbp_voice_count":0,"_bbp_anonymous_reply_count":0,"_bbp_topic_count_hidden":0,"_bbp_reply_count_hidden":0,"_bbp_forum_subforum_count":0,"footnotes":""},"categories":[22,49],"tags":[],"class_list":["post-42","post","type-post","status-publish","format-standard","hentry","category-sin-categoria","category-generacio-2010"],"post_mailing_queue_ids":[],"_links":{"self":[{"href":"https:\/\/agora.xtec.cat\/ceiprieraderibes\/wp-json\/wp\/v2\/posts\/42","targetHints":{"allow":["GET"]}}],"collection":[{"href":"https:\/\/agora.xtec.cat\/ceiprieraderibes\/wp-json\/wp\/v2\/posts"}],"about":[{"href":"https:\/\/agora.xtec.cat\/ceiprieraderibes\/wp-json\/wp\/v2\/types\/post"}],"author":[{"embeddable":true,"href":"https:\/\/agora.xtec.cat\/ceiprieraderibes\/wp-json\/wp\/v2\/users\/1"}],"replies":[{"embeddable":true,"href":"https:\/\/agora.xtec.cat\/ceiprieraderibes\/wp-json\/wp\/v2\/comments?post=42"}],"version-history":[{"count":1,"href":"https:\/\/agora.xtec.cat\/ceiprieraderibes\/wp-json\/wp\/v2\/posts\/42\/revisions"}],"predecessor-version":[{"id":4821,"href":"https:\/\/agora.xtec.cat\/ceiprieraderibes\/wp-json\/wp\/v2\/posts\/42\/revisions\/4821"}],"wp:attachment":[{"href":"https:\/\/agora.xtec.cat\/ceiprieraderibes\/wp-json\/wp\/v2\/media?parent=42"}],"wp:term":[{"taxonomy":"category","embeddable":true,"href":"https:\/\/agora.xtec.cat\/ceiprieraderibes\/wp-json\/wp\/v2\/categories?post=42"},{"taxonomy":"post_tag","embeddable":true,"href":"https:\/\/agora.xtec.cat\/ceiprieraderibes\/wp-json\/wp\/v2\/tags?post=42"}],"curies":[{"name":"wp","href":"https:\/\/api.w.org\/{rel}","templated":true}]}}