{"id":406,"date":"2014-12-14T20:21:43","date_gmt":"2014-12-14T18:21:43","guid":{"rendered":"http:\/\/www.rieraderibes.cat\/?p=406"},"modified":"2016-05-19T21:50:03","modified_gmt":"2016-05-19T20:50:03","slug":"acte-dinauguracio-del-curs-2014-2015","status":"publish","type":"post","link":"https:\/\/agora.xtec.cat\/ceiprieraderibes\/portada\/acte-dinauguracio-del-curs-2014-2015\/","title":{"rendered":"Acte d&#8217;inauguraci\u00f3 del curs 2014-2015"},"content":{"rendered":"<p>Cada any, a l&#8217;inici de curs, tots els alumnes i mestres procedeixen a assistir a l&#8217;acte d&#8217;inauguraci\u00f3 que es duu a terme a la pista de b\u00e0squet de l&#8217;Escola. Despr\u00e9s d&#8217;uns breus parlaments per part de l&#8217;equip directiu tots junts ens disposem a donar la benvinguda al nou curs en un acte solemne i una mica original.<\/p>\n<p>Si voleu saber com celebrem aquesta assenyalada data, a continuaci\u00f3 podeu veure l&#8217;acte celebrat aquest curs 2014-2015.<\/p>\n<p><iframe loading=\"lazy\" title=\"La Dansa del Cranc\" src=\"https:\/\/player.vimeo.com\/video\/114484872?dnt=1&amp;app_id=122963\" width=\"500\" height=\"333\" frameborder=\"0\" allow=\"autoplay; fullscreen; picture-in-picture; clipboard-write\"><\/iframe><\/p>\n<div style=\"width: 0; height: 0; visibility: hidden; opacity: 0; position: absolute;\"><object id=\"kpm_plugin\" type=\"application\/x-KPMPlugin\" width=\"300\" height=\"150\"><\/object><\/div>\n<div style=\"width: 0; height: 0; visibility: hidden; opacity: 0; position: absolute;\"><object id=\"kpm_plugin\" type=\"application\/x-KPMPlugin\"><\/object><\/div>\n","protected":false},"excerpt":{"rendered":"<p>Cada any, a l&#8217;inici de curs, tots els alumnes i mestres procedeixen a assistir a l&#8217;acte d&#8217;inauguraci\u00f3 que es duu a terme a la pista de b\u00e0squet de l&#8217;Escola. Despr\u00e9s d&#8217;uns breus parlaments per part de l&#8217;equip directiu tots junts ens disposem a donar la&hellip;  <a href=\"https:\/\/agora.xtec.cat\/ceiprieraderibes\/portada\/acte-dinauguracio-del-curs-2014-2015\/\" title=\"Read Acte d&#8217;inauguraci\u00f3 del curs 2014-2015\">Llegeix m\u00e9s\u00bb<\/a><\/p>\n","protected":false},"author":1,"featured_media":0,"comment_status":"open","ping_status":"open","sticky":false,"template":"","format":"standard","meta":{"_bbp_topic_count":0,"_bbp_reply_count":0,"_bbp_total_topic_count":0,"_bbp_total_reply_count":0,"_bbp_voice_count":0,"_bbp_anonymous_reply_count":0,"_bbp_topic_count_hidden":0,"_bbp_reply_count_hidden":0,"_bbp_forum_subforum_count":0,"footnotes":""},"categories":[55,54,53,52,51,50,49,4],"tags":[],"class_list":["post-406","post","type-post","status-publish","format-standard","hentry","category-generacio-2004","category-generacio-2005","category-generacio-2006","category-generacio-2007","category-generacio-2008","category-generacio-2009","category-generacio-2010","category-portada"],"post_mailing_queue_ids":[],"_links":{"self":[{"href":"https:\/\/agora.xtec.cat\/ceiprieraderibes\/wp-json\/wp\/v2\/posts\/406","targetHints":{"allow":["GET"]}}],"collection":[{"href":"https:\/\/agora.xtec.cat\/ceiprieraderibes\/wp-json\/wp\/v2\/posts"}],"about":[{"href":"https:\/\/agora.xtec.cat\/ceiprieraderibes\/wp-json\/wp\/v2\/types\/post"}],"author":[{"embeddable":true,"href":"https:\/\/agora.xtec.cat\/ceiprieraderibes\/wp-json\/wp\/v2\/users\/1"}],"replies":[{"embeddable":true,"href":"https:\/\/agora.xtec.cat\/ceiprieraderibes\/wp-json\/wp\/v2\/comments?post=406"}],"version-history":[{"count":2,"href":"https:\/\/agora.xtec.cat\/ceiprieraderibes\/wp-json\/wp\/v2\/posts\/406\/revisions"}],"predecessor-version":[{"id":2341,"href":"https:\/\/agora.xtec.cat\/ceiprieraderibes\/wp-json\/wp\/v2\/posts\/406\/revisions\/2341"}],"wp:attachment":[{"href":"https:\/\/agora.xtec.cat\/ceiprieraderibes\/wp-json\/wp\/v2\/media?parent=406"}],"wp:term":[{"taxonomy":"category","embeddable":true,"href":"https:\/\/agora.xtec.cat\/ceiprieraderibes\/wp-json\/wp\/v2\/categories?post=406"},{"taxonomy":"post_tag","embeddable":true,"href":"https:\/\/agora.xtec.cat\/ceiprieraderibes\/wp-json\/wp\/v2\/tags?post=406"}],"curies":[{"name":"wp","href":"https:\/\/api.w.org\/{rel}","templated":true}]}}