{"id":3948,"date":"2015-01-24T16:03:20","date_gmt":"2015-01-24T16:03:20","guid":{"rendered":"http:\/\/generacio2009.rieraderibes.cat\/?p=249"},"modified":"2016-05-30T18:15:38","modified_gmt":"2016-05-30T17:15:38","slug":"cantem-al-nadal","status":"publish","type":"post","link":"https:\/\/agora.xtec.cat\/ceiprieraderibes\/generacio-2009\/cantem-al-nadal\/","title":{"rendered":"Cantem al Nadal"},"content":{"rendered":"<p><a href=\"http:\/\/agora.xtec.cat\/ceiprieraderibes\/wp-content\/uploads\/usu901\/2015\/03\/canal-blau-tv-ok1.jpg\"><img loading=\"lazy\" decoding=\"async\" class=\" size-medium wp-image-252 aligncenter\" src=\"http:\/\/agora.xtec.cat\/ceiprieraderibes\/wp-content\/uploads\/usu901\/2015\/03\/canal-blau-tv-ok1-300x25.jpg\" alt=\"canal blau tv ok\" width=\"300\" height=\"25\" \/><\/a><\/p>\n<p>Els alumnes de P5 han anat a cantar les Nadales \u201cEl m\u00f3n seria\u2026\u201d i\u00a0 \u201cChristmas tree\u201d als estudis de\u00a0 Canal Blau Televisi\u00f3.<\/p>\n<p>Com cada any, l\u2019escola participa d\u2019aquesta activitat que organitza el CRP del Garraf i Canal Blau Televisi\u00f3.\u00a0 Com ja \u00e9s habitual els alumnes de P5 preparen dues nadales,\u00a0 una d\u2019elles en angl\u00e8s.\u00a0 Una vegada saben les dues can\u00e7ons, cada alumne tria la nadala que vol fer i el dia de la gravaci\u00f3 anem als estudis de Canal Blau Televisi\u00f3 per fer l\u2019enregistrament.\u00a0 Els alumnes viuen una experi\u00e8ncia \u00fanica (c\u00e0meres, llums, plat\u00f3\u2026)\u00a0 Durant les vacances de Nadal s\u2019emeten els v\u00eddeos de tots els alumnes de P5 de la comarca.<\/p>\n<p><iframe loading=\"lazy\" title=\"Nadales canal blau P5 1\" src=\"https:\/\/player.vimeo.com\/video\/123092376?dnt=1&amp;app_id=122963\" width=\"500\" height=\"281\" frameborder=\"0\" allow=\"autoplay; fullscreen; picture-in-picture; clipboard-write\"><\/iframe><\/p>\n<p><iframe loading=\"lazy\" title=\"Nadales canal blau P5 2\" src=\"https:\/\/player.vimeo.com\/video\/123092927?dnt=1&amp;app_id=122963\" width=\"500\" height=\"281\" frameborder=\"0\" allow=\"autoplay; fullscreen; picture-in-picture; clipboard-write\"><\/iframe><\/p>\n","protected":false},"excerpt":{"rendered":"<p><a href=\"http:\/\/agora.xtec.cat\/ceiprieraderibes\/wp-content\/uploads\/usu901\/2015\/03\/canal-blau-tv-ok1.jpg\"><\/a><br \/>\nEls alumnes de P5 han anat a cantar les Nadales \u201cEl m\u00f3n seria\u2026\u201d i\u00a0 \u201cChristmas tree\u201d als estudis de\u00a0 Canal Blau Televisi\u00f3.<br \/>\nCom cada any, l\u2019escola participa d\u2019aquesta activitat que organitza el CRP del Garraf i Canal Blau Televisi\u00f3.\u00a0 Com ja \u00e9s habitual els alumnes&hellip;  <a href=\"https:\/\/agora.xtec.cat\/ceiprieraderibes\/generacio-2009\/cantem-al-nadal\/\" title=\"Read Cantem al Nadal\">Llegeix m\u00e9s\u00bb<\/a><\/p>\n","protected":false},"author":1,"featured_media":3727,"comment_status":"open","ping_status":"open","sticky":false,"template":"","format":"standard","meta":{"_bbp_topic_count":0,"_bbp_reply_count":0,"_bbp_total_topic_count":0,"_bbp_total_reply_count":0,"_bbp_voice_count":0,"_bbp_anonymous_reply_count":0,"_bbp_topic_count_hidden":0,"_bbp_reply_count_hidden":0,"_bbp_forum_subforum_count":0,"footnotes":""},"categories":[118,50,119],"tags":[69],"class_list":["post-3948","post","type-post","status-publish","format-standard","has-post-thumbnail","hentry","category-els-lleopards","category-generacio-2009","category-les-estrelles-del-mar-i-del-cel","tag-tallers"],"post_mailing_queue_ids":[],"_links":{"self":[{"href":"https:\/\/agora.xtec.cat\/ceiprieraderibes\/wp-json\/wp\/v2\/posts\/3948","targetHints":{"allow":["GET"]}}],"collection":[{"href":"https:\/\/agora.xtec.cat\/ceiprieraderibes\/wp-json\/wp\/v2\/posts"}],"about":[{"href":"https:\/\/agora.xtec.cat\/ceiprieraderibes\/wp-json\/wp\/v2\/types\/post"}],"author":[{"embeddable":true,"href":"https:\/\/agora.xtec.cat\/ceiprieraderibes\/wp-json\/wp\/v2\/users\/1"}],"replies":[{"embeddable":true,"href":"https:\/\/agora.xtec.cat\/ceiprieraderibes\/wp-json\/wp\/v2\/comments?post=3948"}],"version-history":[{"count":1,"href":"https:\/\/agora.xtec.cat\/ceiprieraderibes\/wp-json\/wp\/v2\/posts\/3948\/revisions"}],"predecessor-version":[{"id":3968,"href":"https:\/\/agora.xtec.cat\/ceiprieraderibes\/wp-json\/wp\/v2\/posts\/3948\/revisions\/3968"}],"wp:featuredmedia":[{"embeddable":true,"href":"https:\/\/agora.xtec.cat\/ceiprieraderibes\/wp-json\/wp\/v2\/media\/3727"}],"wp:attachment":[{"href":"https:\/\/agora.xtec.cat\/ceiprieraderibes\/wp-json\/wp\/v2\/media?parent=3948"}],"wp:term":[{"taxonomy":"category","embeddable":true,"href":"https:\/\/agora.xtec.cat\/ceiprieraderibes\/wp-json\/wp\/v2\/categories?post=3948"},{"taxonomy":"post_tag","embeddable":true,"href":"https:\/\/agora.xtec.cat\/ceiprieraderibes\/wp-json\/wp\/v2\/tags?post=3948"}],"curies":[{"name":"wp","href":"https:\/\/api.w.org\/{rel}","templated":true}]}}