{"id":3600,"date":"2015-02-16T13:05:39","date_gmt":"2015-02-16T13:05:39","guid":{"rendered":"http:\/\/generacio2008.rieraderibes.cat\/?p=271"},"modified":"2016-05-30T18:01:23","modified_gmt":"2016-05-30T17:01:23","slug":"arriba-el-tio","status":"publish","type":"post","link":"https:\/\/agora.xtec.cat\/ceiprieraderibes\/generacio-2008\/arriba-el-tio\/","title":{"rendered":"Arriba el Ti\u00f3!!"},"content":{"rendered":"<p>Durant la setmana, vam rebre a la classe una carta que ens explicava que una fada i un follet ens visitarien per ajudar-nos a trobar el ti\u00f3. I aix\u00ed va ser&#8230;<\/p>\n<p>Dilluns a la tarda, mentre que est\u00e0vem a la classe, van apar\u00e8ixer la fada i el follet que ens convidaven a acompanyar-los per trobar el Ti\u00f3.<\/p>\n<p>Tots vam sortir darrere d&#8217;ells per veure cap a on ens portaven&#8230;<\/p>\n\n\t\t<style type=\"text\/css\">\n\t\t\t#gallery-1 {\n\t\t\t\tmargin: auto;\n\t\t\t}\n\t\t\t#gallery-1 .gallery-item {\n\t\t\t\tfloat: left;\n\t\t\t\tmargin-top: 10px;\n\t\t\t\ttext-align: center;\n\t\t\t\twidth: 33%;\n\t\t\t}\n\t\t\t#gallery-1 img {\n\t\t\t\tborder: 2px solid #cfcfcf;\n\t\t\t}\n\t\t\t#gallery-1 .gallery-caption {\n\t\t\t\tmargin-left: 0;\n\t\t\t}\n\t\t\t\/* see gallery_shortcode() in wp-includes\/media.php *\/\n\t\t<\/style>\n\t\t<div id='gallery-1' class='gallery galleryid-3600 gallery-columns-3 gallery-size-thumbnail'><dl class='gallery-item'>\n\t\t\t<dt class='gallery-icon landscape'>\n\t\t\t\t<a href='https:\/\/agora.xtec.cat\/ceiprieraderibes\/img_20131108_152629\/'><img loading=\"lazy\" decoding=\"async\" width=\"150\" height=\"150\" src=\"https:\/\/agora.xtec.cat\/ceiprieraderibes\/wp-content\/uploads\/usu901\/2015\/06\/IMG_20131108_152629-150x150.jpg\" class=\"attachment-thumbnail size-thumbnail\" alt=\"\" \/><\/a>\n\t\t\t<\/dt><\/dl><dl class='gallery-item'>\n\t\t\t<dt class='gallery-icon landscape'>\n\t\t\t\t<a href='https:\/\/agora.xtec.cat\/ceiprieraderibes\/img_20150605_093726\/'><img loading=\"lazy\" decoding=\"async\" width=\"150\" height=\"150\" src=\"https:\/\/agora.xtec.cat\/ceiprieraderibes\/wp-content\/uploads\/usu901\/2015\/06\/IMG_20150605_093726-150x150.jpg\" class=\"attachment-thumbnail size-thumbnail\" alt=\"\" \/><\/a>\n\t\t\t<\/dt><\/dl><dl class='gallery-item'>\n\t\t\t<dt class='gallery-icon portrait'>\n\t\t\t\t<a href='https:\/\/agora.xtec.cat\/ceiprieraderibes\/benvinguda\/attachment\/comic\/'><img loading=\"lazy\" decoding=\"async\" width=\"150\" height=\"150\" src=\"https:\/\/agora.xtec.cat\/ceiprieraderibes\/wp-content\/uploads\/usu901\/2014\/11\/comic-150x150.jpg\" class=\"attachment-thumbnail size-thumbnail\" alt=\"\" \/><\/a>\n\t\t\t<\/dt><\/dl><br style=\"clear: both\" \/><dl class='gallery-item'>\n\t\t\t<dt class='gallery-icon landscape'>\n\t\t\t\t<a href='https:\/\/agora.xtec.cat\/ceiprieraderibes\/img_20150312_155537\/'><img loading=\"lazy\" decoding=\"async\" width=\"150\" height=\"150\" src=\"https:\/\/agora.xtec.cat\/ceiprieraderibes\/wp-content\/uploads\/usu901\/2015\/06\/IMG_20150312_155537-150x150.jpg\" class=\"attachment-thumbnail size-thumbnail\" alt=\"\" \/><\/a>\n\t\t\t<\/dt><\/dl><dl class='gallery-item'>\n\t\t\t<dt class='gallery-icon landscape'>\n\t\t\t\t<a href='https:\/\/agora.xtec.cat\/ceiprieraderibes\/img_20131125_100112\/'><img loading=\"lazy\" decoding=\"async\" width=\"150\" height=\"150\" src=\"https:\/\/agora.xtec.cat\/ceiprieraderibes\/wp-content\/uploads\/usu901\/2015\/06\/IMG_20131125_100112-150x150.jpg\" class=\"attachment-thumbnail size-thumbnail\" alt=\"\" \/><\/a>\n\t\t\t<\/dt><\/dl><dl class='gallery-item'>\n\t\t\t<dt class='gallery-icon landscape'>\n\t\t\t\t<a href='https:\/\/agora.xtec.cat\/ceiprieraderibes\/img_20131125_100133\/'><img loading=\"lazy\" decoding=\"async\" width=\"150\" height=\"150\" src=\"https:\/\/agora.xtec.cat\/ceiprieraderibes\/wp-content\/uploads\/usu901\/2015\/06\/IMG_20131125_100133-150x150.jpg\" class=\"attachment-thumbnail size-thumbnail\" alt=\"\" \/><\/a>\n\t\t\t<\/dt><\/dl><br style=\"clear: both\" \/><dl class='gallery-item'>\n\t\t\t<dt class='gallery-icon landscape'>\n\t\t\t\t<a href='https:\/\/agora.xtec.cat\/ceiprieraderibes\/img_20131126_154704\/'><img loading=\"lazy\" decoding=\"async\" width=\"150\" height=\"150\" src=\"https:\/\/agora.xtec.cat\/ceiprieraderibes\/wp-content\/uploads\/usu901\/2015\/06\/IMG_20131126_154704-150x150.jpg\" class=\"attachment-thumbnail size-thumbnail\" alt=\"\" \/><\/a>\n\t\t\t<\/dt><\/dl>\n\t\t\t<br style='clear: both' \/>\n\t\t<\/div>\n\n<p>&nbsp;<\/p>\n<p>Ens van conduir fins el bosc de darrere de l&#8217;escola &#8230; Ja l&#8217;hem trobat!! Piquem, cantem, ballem i esperem amb moltes ganes! Quina sorpresa! El Ti\u00f3 ens ha cagat fruits secs, neules i llaminadures! Quin Ti\u00f3 m\u00e9s dol\u00e7!<\/p>\n\n\t\t<style type=\"text\/css\">\n\t\t\t#gallery-2 {\n\t\t\t\tmargin: auto;\n\t\t\t}\n\t\t\t#gallery-2 .gallery-item {\n\t\t\t\tfloat: left;\n\t\t\t\tmargin-top: 10px;\n\t\t\t\ttext-align: center;\n\t\t\t\twidth: 33%;\n\t\t\t}\n\t\t\t#gallery-2 img {\n\t\t\t\tborder: 2px solid #cfcfcf;\n\t\t\t}\n\t\t\t#gallery-2 .gallery-caption {\n\t\t\t\tmargin-left: 0;\n\t\t\t}\n\t\t\t\/* see gallery_shortcode() in wp-includes\/media.php *\/\n\t\t<\/style>\n\t\t<div id='gallery-2' class='gallery galleryid-3600 gallery-columns-3 gallery-size-medium'><dl class='gallery-item'>\n\t\t\t<dt class='gallery-icon landscape'>\n\t\t\t\t<a href='https:\/\/agora.xtec.cat\/ceiprieraderibes\/img_20150605_095312\/'><img loading=\"lazy\" decoding=\"async\" width=\"300\" height=\"225\" src=\"https:\/\/agora.xtec.cat\/ceiprieraderibes\/wp-content\/uploads\/usu901\/2015\/06\/IMG_20150605_095312-300x225.jpg\" class=\"attachment-medium size-medium\" alt=\"\" srcset=\"https:\/\/agora.xtec.cat\/ceiprieraderibes\/wp-content\/uploads\/usu901\/2015\/06\/IMG_20150605_095312-300x225.jpg 300w, https:\/\/agora.xtec.cat\/ceiprieraderibes\/wp-content\/uploads\/usu901\/2015\/06\/IMG_20150605_095312-200x150.jpg 200w, https:\/\/agora.xtec.cat\/ceiprieraderibes\/wp-content\/uploads\/usu901\/2015\/06\/IMG_20150605_095312.jpg 448w\" sizes=\"auto, (max-width: 300px) 100vw, 300px\" \/><\/a>\n\t\t\t<\/dt><\/dl><dl class='gallery-item'>\n\t\t\t<dt class='gallery-icon landscape'>\n\t\t\t\t<a href='https:\/\/agora.xtec.cat\/ceiprieraderibes\/benvinguda\/attachment\/facana\/'><img loading=\"lazy\" decoding=\"async\" width=\"100\" height=\"61\" src=\"https:\/\/agora.xtec.cat\/ceiprieraderibes\/wp-content\/uploads\/usu901\/2014\/11\/fa\u00e7ana-e1416494858348.jpg\" class=\"attachment-medium size-medium\" alt=\"\" aria-describedby=\"gallery-2-311\" \/><\/a>\n\t\t\t<\/dt>\n\t\t\t\t<dd class='wp-caption-text gallery-caption' id='gallery-2-311'>\n\t\t\t\tFa\u00e7ana de l&#8217;escola Riera de Ribes\n\t\t\t\t<\/dd><\/dl><dl class='gallery-item'>\n\t\t\t<dt class='gallery-icon landscape'>\n\t\t\t\t<a href='https:\/\/agora.xtec.cat\/ceiprieraderibes\/img_20150605_115540\/'><img loading=\"lazy\" decoding=\"async\" width=\"300\" height=\"225\" src=\"https:\/\/agora.xtec.cat\/ceiprieraderibes\/wp-content\/uploads\/usu901\/2015\/06\/IMG_20150605_115540-300x225.jpg\" class=\"attachment-medium size-medium\" alt=\"\" srcset=\"https:\/\/agora.xtec.cat\/ceiprieraderibes\/wp-content\/uploads\/usu901\/2015\/06\/IMG_20150605_115540-300x225.jpg 300w, https:\/\/agora.xtec.cat\/ceiprieraderibes\/wp-content\/uploads\/usu901\/2015\/06\/IMG_20150605_115540-200x150.jpg 200w, https:\/\/agora.xtec.cat\/ceiprieraderibes\/wp-content\/uploads\/usu901\/2015\/06\/IMG_20150605_115540.jpg 448w\" sizes=\"auto, (max-width: 300px) 100vw, 300px\" \/><\/a>\n\t\t\t<\/dt><\/dl><br style=\"clear: both\" \/>\n\t\t<\/div>\n\n<p>&nbsp;<\/p>\n<p>&nbsp;<\/p>\n<p>&nbsp;<\/p>\n<p>&nbsp;<\/p>\n","protected":false},"excerpt":{"rendered":"<p>Durant la setmana, vam rebre a la classe una carta que ens explicava que una fada i un follet ens visitarien per ajudar-nos a trobar el ti\u00f3. I aix\u00ed va ser&#8230;<br \/>\nDilluns a la tarda, mentre que est\u00e0vem a la classe, van apar\u00e8ixer la fada i&hellip;  <a href=\"https:\/\/agora.xtec.cat\/ceiprieraderibes\/generacio-2008\/arriba-el-tio\/\" title=\"Read Arriba el Ti\u00f3!!\">Llegeix m\u00e9s\u00bb<\/a><\/p>\n","protected":false},"author":1,"featured_media":0,"comment_status":"open","ping_status":"open","sticky":false,"template":"","format":"standard","meta":{"_bbp_topic_count":0,"_bbp_reply_count":0,"_bbp_total_topic_count":0,"_bbp_total_reply_count":0,"_bbp_voice_count":0,"_bbp_anonymous_reply_count":0,"_bbp_topic_count_hidden":0,"_bbp_reply_count_hidden":0,"_bbp_forum_subforum_count":0,"footnotes":""},"categories":[110,111,51],"tags":[29],"class_list":["post-3600","post","type-post","status-publish","format-standard","hentry","category-els-petits-espies","category-els-pirates-del-carib","category-generacio-2008","tag-aula"],"post_mailing_queue_ids":[],"_links":{"self":[{"href":"https:\/\/agora.xtec.cat\/ceiprieraderibes\/wp-json\/wp\/v2\/posts\/3600","targetHints":{"allow":["GET"]}}],"collection":[{"href":"https:\/\/agora.xtec.cat\/ceiprieraderibes\/wp-json\/wp\/v2\/posts"}],"about":[{"href":"https:\/\/agora.xtec.cat\/ceiprieraderibes\/wp-json\/wp\/v2\/types\/post"}],"author":[{"embeddable":true,"href":"https:\/\/agora.xtec.cat\/ceiprieraderibes\/wp-json\/wp\/v2\/users\/1"}],"replies":[{"embeddable":true,"href":"https:\/\/agora.xtec.cat\/ceiprieraderibes\/wp-json\/wp\/v2\/comments?post=3600"}],"version-history":[{"count":1,"href":"https:\/\/agora.xtec.cat\/ceiprieraderibes\/wp-json\/wp\/v2\/posts\/3600\/revisions"}],"predecessor-version":[{"id":3617,"href":"https:\/\/agora.xtec.cat\/ceiprieraderibes\/wp-json\/wp\/v2\/posts\/3600\/revisions\/3617"}],"wp:attachment":[{"href":"https:\/\/agora.xtec.cat\/ceiprieraderibes\/wp-json\/wp\/v2\/media?parent=3600"}],"wp:term":[{"taxonomy":"category","embeddable":true,"href":"https:\/\/agora.xtec.cat\/ceiprieraderibes\/wp-json\/wp\/v2\/categories?post=3600"},{"taxonomy":"post_tag","embeddable":true,"href":"https:\/\/agora.xtec.cat\/ceiprieraderibes\/wp-json\/wp\/v2\/tags?post=3600"}],"curies":[{"name":"wp","href":"https:\/\/api.w.org\/{rel}","templated":true}]}}