{"id":3596,"date":"2014-05-27T16:38:26","date_gmt":"2014-05-27T16:38:26","guid":{"rendered":"http:\/\/generacio2008.rieraderibes.cat\/?p=140"},"modified":"2016-05-30T18:16:46","modified_gmt":"2016-05-30T17:16:46","slug":"recta-numerica","status":"publish","type":"post","link":"https:\/\/agora.xtec.cat\/ceiprieraderibes\/generacio-2008\/recta-numerica\/","title":{"rendered":"Recta num\u00e8rica"},"content":{"rendered":"<p>Posem a la recta num\u00e8rica els nombres que s\u00f3n importants i significatius per nosaltres.<\/p>\n<p>Hem arribat fins el nombre 232 perqu\u00e8 \u00e9s el total de c\u00e0psules de caf\u00e8 que hem necessitat per fer l&#8217;aranya de la porta de la classe.<\/p>\n<p>Hem apr\u00e8s molts \u00a0nombres d&#8217;una, de dues i fins i tot de TRES xifres!!<\/p>\n<p><a href=\"http:\/\/generacio2008.rieraderibes.cat\/wp-content\/uploads\/sites\/3\/2014\/05\/IMG_1238.jpg\"><img loading=\"lazy\" decoding=\"async\" class=\"size-medium wp-image-142 alignnone\" alt=\"IMG_1238\" src=\"http:\/\/generacio2008.rieraderibes.cat\/wp-content\/uploads\/sites\/3\/2014\/05\/IMG_1238-300x224.jpg\" width=\"300\" height=\"224\" \/><\/a>\u00a0 \u00a0 \u00a0<a style=\"line-height: 1.5em\" href=\"http:\/\/generacio2008.rieraderibes.cat\/wp-content\/uploads\/sites\/3\/2014\/05\/IMG_1239.jpg\"><img loading=\"lazy\" decoding=\"async\" class=\"size-medium wp-image-143 alignnone\" alt=\"IMG_1239\" src=\"http:\/\/generacio2008.rieraderibes.cat\/wp-content\/uploads\/sites\/3\/2014\/05\/IMG_1239-300x224.jpg\" width=\"300\" height=\"224\" \/><\/a><\/p>\n<p><a href=\"http:\/\/generacio2008.rieraderibes.cat\/wp-content\/uploads\/sites\/3\/2014\/05\/IMG_1240.jpg\"><img loading=\"lazy\" decoding=\"async\" class=\"size-medium wp-image-144 aligncenter\" alt=\"IMG_1240\" src=\"http:\/\/generacio2008.rieraderibes.cat\/wp-content\/uploads\/sites\/3\/2014\/05\/IMG_1240-300x224.jpg\" width=\"300\" height=\"224\" \/><\/a><\/p>\n","protected":false},"excerpt":{"rendered":"<p>Posem a la recta num\u00e8rica els nombres que s\u00f3n importants i significatius per nosaltres.<br \/>\nHem arribat fins el nombre 232 perqu\u00e8 \u00e9s el total de c\u00e0psules de caf\u00e8 que hem necessitat per fer l&#8217;aranya de la porta de la classe.<br \/>\nHem apr\u00e8s molts \u00a0nombres d&#8217;una, de dues&hellip;  <a href=\"https:\/\/agora.xtec.cat\/ceiprieraderibes\/generacio-2008\/recta-numerica\/\" title=\"Read Recta num\u00e8rica\">Llegeix m\u00e9s\u00bb<\/a><\/p>\n","protected":false},"author":1,"featured_media":0,"comment_status":"open","ping_status":"open","sticky":false,"template":"","format":"gallery","meta":{"_bbp_topic_count":0,"_bbp_reply_count":0,"_bbp_total_topic_count":0,"_bbp_total_reply_count":0,"_bbp_voice_count":0,"_bbp_anonymous_reply_count":0,"_bbp_topic_count_hidden":0,"_bbp_reply_count_hidden":0,"_bbp_forum_subforum_count":0,"footnotes":""},"categories":[51,113],"tags":[29],"class_list":["post-3596","post","type-post","status-publish","format-gallery","hentry","category-generacio-2008","category-les-aranyes","tag-aula","post_format-post-format-gallery"],"post_mailing_queue_ids":[],"_links":{"self":[{"href":"https:\/\/agora.xtec.cat\/ceiprieraderibes\/wp-json\/wp\/v2\/posts\/3596","targetHints":{"allow":["GET"]}}],"collection":[{"href":"https:\/\/agora.xtec.cat\/ceiprieraderibes\/wp-json\/wp\/v2\/posts"}],"about":[{"href":"https:\/\/agora.xtec.cat\/ceiprieraderibes\/wp-json\/wp\/v2\/types\/post"}],"author":[{"embeddable":true,"href":"https:\/\/agora.xtec.cat\/ceiprieraderibes\/wp-json\/wp\/v2\/users\/1"}],"replies":[{"embeddable":true,"href":"https:\/\/agora.xtec.cat\/ceiprieraderibes\/wp-json\/wp\/v2\/comments?post=3596"}],"version-history":[{"count":1,"href":"https:\/\/agora.xtec.cat\/ceiprieraderibes\/wp-json\/wp\/v2\/posts\/3596\/revisions"}],"predecessor-version":[{"id":3972,"href":"https:\/\/agora.xtec.cat\/ceiprieraderibes\/wp-json\/wp\/v2\/posts\/3596\/revisions\/3972"}],"wp:attachment":[{"href":"https:\/\/agora.xtec.cat\/ceiprieraderibes\/wp-json\/wp\/v2\/media?parent=3596"}],"wp:term":[{"taxonomy":"category","embeddable":true,"href":"https:\/\/agora.xtec.cat\/ceiprieraderibes\/wp-json\/wp\/v2\/categories?post=3596"},{"taxonomy":"post_tag","embeddable":true,"href":"https:\/\/agora.xtec.cat\/ceiprieraderibes\/wp-json\/wp\/v2\/tags?post=3596"}],"curies":[{"name":"wp","href":"https:\/\/api.w.org\/{rel}","templated":true}]}}