{"id":3594,"date":"2013-05-22T13:44:00","date_gmt":"2013-05-22T13:44:00","guid":{"rendered":"http:\/\/generacio2008.rieraderibes.cat\/2013\/05\/22\/rebem-el-regal-del-calendari-dadvent\/"},"modified":"2016-06-08T19:27:31","modified_gmt":"2016-06-08T18:27:31","slug":"rebem-el-regal-del-calendari-dadvent","status":"publish","type":"post","link":"https:\/\/agora.xtec.cat\/ceiprieraderibes\/sin-categoria\/rebem-el-regal-del-calendari-dadvent\/","title":{"rendered":"REBEM EL REGAL DEL CALENDARI D&#8217;ADVENT."},"content":{"rendered":"<p><span>AL MES DE DESEMBRE ELS NENS I NENES DE LA CLASSE DELS DRACS, VAM REBRE EL REGAL DEL CALENDARI D&#8217;ADVENT. AQU\u00cd EN TENIU ALGUNES FOTOS PERQU\u00c8 VEIEU QUINES M\u00c0SCARES DE DRAC TAN XULES ENS VAM FER ELS NENS GRANS.<\/span><\/p>\n<p><\/p>\n","protected":false},"excerpt":{"rendered":"<p>AL MES DE DESEMBRE ELS NENS I NENES DE LA CLASSE DELS DRACS, VAM REBRE EL REGAL DEL CALENDARI D&#8217;ADVENT. AQU\u00cd EN TENIU ALGUNES FOTOS PERQU\u00c8 VEIEU QUINES M\u00c0SCARES DE DRAC TAN XULES ENS VAM FER ELS NENS GRANS.<\/p>\n","protected":false},"author":1,"featured_media":0,"comment_status":"open","ping_status":"open","sticky":false,"template":"","format":"standard","meta":{"_bbp_topic_count":0,"_bbp_reply_count":0,"_bbp_total_topic_count":0,"_bbp_total_reply_count":0,"_bbp_voice_count":0,"_bbp_anonymous_reply_count":0,"_bbp_topic_count_hidden":0,"_bbp_reply_count_hidden":0,"_bbp_forum_subforum_count":0,"footnotes":""},"categories":[22,49],"tags":[],"class_list":["post-3594","post","type-post","status-publish","format-standard","hentry","category-sin-categoria","category-generacio-2010"],"post_mailing_queue_ids":[],"_links":{"self":[{"href":"https:\/\/agora.xtec.cat\/ceiprieraderibes\/wp-json\/wp\/v2\/posts\/3594","targetHints":{"allow":["GET"]}}],"collection":[{"href":"https:\/\/agora.xtec.cat\/ceiprieraderibes\/wp-json\/wp\/v2\/posts"}],"about":[{"href":"https:\/\/agora.xtec.cat\/ceiprieraderibes\/wp-json\/wp\/v2\/types\/post"}],"author":[{"embeddable":true,"href":"https:\/\/agora.xtec.cat\/ceiprieraderibes\/wp-json\/wp\/v2\/users\/1"}],"replies":[{"embeddable":true,"href":"https:\/\/agora.xtec.cat\/ceiprieraderibes\/wp-json\/wp\/v2\/comments?post=3594"}],"version-history":[{"count":1,"href":"https:\/\/agora.xtec.cat\/ceiprieraderibes\/wp-json\/wp\/v2\/posts\/3594\/revisions"}],"predecessor-version":[{"id":4820,"href":"https:\/\/agora.xtec.cat\/ceiprieraderibes\/wp-json\/wp\/v2\/posts\/3594\/revisions\/4820"}],"wp:attachment":[{"href":"https:\/\/agora.xtec.cat\/ceiprieraderibes\/wp-json\/wp\/v2\/media?parent=3594"}],"wp:term":[{"taxonomy":"category","embeddable":true,"href":"https:\/\/agora.xtec.cat\/ceiprieraderibes\/wp-json\/wp\/v2\/categories?post=3594"},{"taxonomy":"post_tag","embeddable":true,"href":"https:\/\/agora.xtec.cat\/ceiprieraderibes\/wp-json\/wp\/v2\/tags?post=3594"}],"curies":[{"name":"wp","href":"https:\/\/api.w.org\/{rel}","templated":true}]}}