{"id":3588,"date":"2013-11-07T17:54:00","date_gmt":"2013-11-07T17:54:00","guid":{"rendered":"http:\/\/generacio2008.rieraderibes.cat\/2013\/11\/07\/34\/"},"modified":"2016-05-30T18:07:30","modified_gmt":"2016-05-30T17:07:30","slug":"34","status":"publish","type":"post","link":"https:\/\/agora.xtec.cat\/ceiprieraderibes\/generacio-2008\/34\/","title":{"rendered":"Col\u00f2nies"},"content":{"rendered":"<div><span><b><span style=\"text-decoration: underline\">7\/11\/2013<\/span><\/b><\/span><\/div>\n<div><span><b><span style=\"text-decoration: underline\">\u00a0<\/span><\/b><\/span><\/div>\n<div>Excursi\u00f3 a la montanya. Hem recollit castanyes amb pell\u00f3 i hem vist molts castanyers. Hem fet un viatge en el temps i ens hem traslladat a l&#8217;\u00c8poca Romana fins arribar al castanyer de les nou branques on ens han explicat el conte d&#8217;en Drau (la hist\u00f2ria del nom del poble de Viladrau).<\/div>\n<div><\/div>\n<div><\/div>\n<div><a href=\"http:\/\/2.bp.blogspot.com\/-1tCBwNmbVxU\/UnvPj3lslGI\/AAAAAAAABRU\/E88XFm2vFrc\/s1600\/IMG_0041.JPG\"><img loading=\"lazy\" decoding=\"async\" alt=\"\" src=\"http:\/\/2.bp.blogspot.com\/-1tCBwNmbVxU\/UnvPj3lslGI\/AAAAAAAABRU\/E88XFm2vFrc\/s400\/IMG_0041.JPG\" width=\"400\" height=\"300\" border=\"0\" \/><\/a><\/div>\n<div><\/div>\n<div><a href=\"http:\/\/1.bp.blogspot.com\/-edQ-gecQkLs\/UnvTNysUduI\/AAAAAAAABRg\/AuihkP9JL8M\/s1600\/DSCF0075.JPG\"><img loading=\"lazy\" decoding=\"async\" alt=\"\" src=\"http:\/\/1.bp.blogspot.com\/-edQ-gecQkLs\/UnvTNysUduI\/AAAAAAAABRg\/AuihkP9JL8M\/s400\/DSCF0075.JPG\" width=\"400\" height=\"300\" border=\"0\" \/><\/a><\/div>\n<div><\/div>\n<div><a href=\"http:\/\/3.bp.blogspot.com\/-Np7ZTOVvDyI\/UnvTQpXVwZI\/AAAAAAAABRo\/3-EFgWg_fo8\/s1600\/DSCF0083.JPG\"><img loading=\"lazy\" decoding=\"async\" alt=\"\" src=\"http:\/\/3.bp.blogspot.com\/-Np7ZTOVvDyI\/UnvTQpXVwZI\/AAAAAAAABRo\/3-EFgWg_fo8\/s400\/DSCF0083.JPG\" width=\"400\" height=\"300\" border=\"0\" \/><\/a><\/div>\n<div><a href=\"http:\/\/1.bp.blogspot.com\/-zmwjEQIuksY\/UnvOjYGQSGI\/AAAAAAAABQ8\/tldeg_2Y9dk\/s1600\/IMGP5497.JPG\"><img loading=\"lazy\" decoding=\"async\" alt=\"\" src=\"http:\/\/1.bp.blogspot.com\/-zmwjEQIuksY\/UnvOjYGQSGI\/AAAAAAAABQ8\/tldeg_2Y9dk\/s400\/IMGP5497.JPG\" width=\"400\" height=\"300\" border=\"0\" \/><\/a><\/div>\n<div><a href=\"http:\/\/2.bp.blogspot.com\/-F2eWsgr3GqI\/UnvPCGDDB3I\/AAAAAAAABRM\/smJ2kX4TN8E\/s1600\/DSCF0098.JPG\"><img loading=\"lazy\" decoding=\"async\" alt=\"\" src=\"http:\/\/2.bp.blogspot.com\/-F2eWsgr3GqI\/UnvPCGDDB3I\/AAAAAAAABRM\/smJ2kX4TN8E\/s400\/DSCF0098.JPG\" width=\"400\" height=\"300\" border=\"0\" \/><\/a><\/div>\n<div><\/div>\n<div><\/div>\n<div>Jocs esportius al camp de futbol del Mas Pujolar per la tarda:<\/div>\n<div><\/div>\n<div><a href=\"http:\/\/1.bp.blogspot.com\/-D51_0qGiyR0\/UnvOjo3IWHI\/AAAAAAAABRA\/GQH_cDU11mg\/s1600\/IMGP5515.JPG\"><img loading=\"lazy\" decoding=\"async\" alt=\"\" src=\"http:\/\/1.bp.blogspot.com\/-D51_0qGiyR0\/UnvOjo3IWHI\/AAAAAAAABRA\/GQH_cDU11mg\/s400\/IMGP5515.JPG\" width=\"400\" height=\"300\" border=\"0\" \/><\/a><\/div>\n","protected":false},"excerpt":{"rendered":"<p>7\/11\/2013<br \/>\n\u00a0<br \/>\nExcursi\u00f3 a la montanya. Hem recollit castanyes amb pell\u00f3 i hem vist molts castanyers. Hem fet un viatge en el temps i ens hem traslladat a l&#8217;\u00c8poca Romana fins arribar al castanyer de les nou branques on ens han explicat el conte d&#8217;en Drau (la&hellip;  <a href=\"https:\/\/agora.xtec.cat\/ceiprieraderibes\/generacio-2008\/34\/\" title=\"Read Col\u00f2nies\">Llegeix m\u00e9s\u00bb<\/a><\/p>\n","protected":false},"author":1,"featured_media":0,"comment_status":"open","ping_status":"open","sticky":false,"template":"","format":"standard","meta":{"_bbp_topic_count":0,"_bbp_reply_count":0,"_bbp_total_topic_count":0,"_bbp_total_reply_count":0,"_bbp_voice_count":0,"_bbp_anonymous_reply_count":0,"_bbp_topic_count_hidden":0,"_bbp_reply_count_hidden":0,"_bbp_forum_subforum_count":0,"footnotes":""},"categories":[51,112,113],"tags":[64],"class_list":["post-3588","post","type-post","status-publish","format-standard","hentry","category-generacio-2008","category-la-traca","category-les-aranyes","tag-colonies"],"post_mailing_queue_ids":[],"_links":{"self":[{"href":"https:\/\/agora.xtec.cat\/ceiprieraderibes\/wp-json\/wp\/v2\/posts\/3588","targetHints":{"allow":["GET"]}}],"collection":[{"href":"https:\/\/agora.xtec.cat\/ceiprieraderibes\/wp-json\/wp\/v2\/posts"}],"about":[{"href":"https:\/\/agora.xtec.cat\/ceiprieraderibes\/wp-json\/wp\/v2\/types\/post"}],"author":[{"embeddable":true,"href":"https:\/\/agora.xtec.cat\/ceiprieraderibes\/wp-json\/wp\/v2\/users\/1"}],"replies":[{"embeddable":true,"href":"https:\/\/agora.xtec.cat\/ceiprieraderibes\/wp-json\/wp\/v2\/comments?post=3588"}],"version-history":[{"count":1,"href":"https:\/\/agora.xtec.cat\/ceiprieraderibes\/wp-json\/wp\/v2\/posts\/3588\/revisions"}],"predecessor-version":[{"id":3623,"href":"https:\/\/agora.xtec.cat\/ceiprieraderibes\/wp-json\/wp\/v2\/posts\/3588\/revisions\/3623"}],"wp:attachment":[{"href":"https:\/\/agora.xtec.cat\/ceiprieraderibes\/wp-json\/wp\/v2\/media?parent=3588"}],"wp:term":[{"taxonomy":"category","embeddable":true,"href":"https:\/\/agora.xtec.cat\/ceiprieraderibes\/wp-json\/wp\/v2\/categories?post=3588"},{"taxonomy":"post_tag","embeddable":true,"href":"https:\/\/agora.xtec.cat\/ceiprieraderibes\/wp-json\/wp\/v2\/tags?post=3588"}],"curies":[{"name":"wp","href":"https:\/\/api.w.org\/{rel}","templated":true}]}}