{"id":3172,"date":"2015-12-13T15:50:28","date_gmt":"2015-12-13T15:50:28","guid":{"rendered":"http:\/\/generacio2006.rieraderibes.cat\/?p=656"},"modified":"2016-05-30T17:53:17","modified_gmt":"2016-05-30T16:53:17","slug":"educacio-fisica-a-segon-cicle-2015","status":"publish","type":"post","link":"https:\/\/agora.xtec.cat\/ceiprieraderibes\/generacio-2006\/educacio-fisica-a-segon-cicle-2015\/","title":{"rendered":"EDUCACI\u00d3 F\u00cdSICA A SEGON CICLE 2015"},"content":{"rendered":"<p>Aquest curs fem una sessi\u00f3 d&#8217;educaci\u00f3 f\u00edsica cada tres setmanes amb el treball d&#8217;h\u00e0bits de salut: la dutxa. Tamb\u00e9 fem el Dins\/Fora com a petit projecte amb un total de 9 sessions de 3,5h cada roda de projectes. En total un m\u00ednim de 5h d&#8217;educaci\u00f3 f\u00edsica cada tres setmanes.<\/p>\n<p>Qu\u00e8 fem?<\/p>\n<p>Millorar el nostre treball motriu (la respiraci\u00f3, la relaxaci\u00f3, el control t\u00f2nic i la lateralitat).<\/p>\n<p>Coordinar les habilitats motrius b\u00e0siques, el temps i l&#8217;espai, les accions amb el maneig de material i amb els\/les companys\/es, experimentar i realitzar diferents tipus de jocs:<\/p>\n<p>sensorials, dram\u00e0tics, de cooperaci\u00f3, d&#8217;oposici\u00f3, reglat &#8230;<\/p>\n<p>Gaudir del joc i de l&#8217;activitat f\u00edsica.<\/p>\n<p>Participar de manera respectuosa i tolerant.<\/p>\n<p>Resoldre els conflictes dialogant.<\/p>\n<p>Experimentar els diferents rols dins dels jocs i dels pre-esports.<\/p>\n<p>Experimentar diferents recursos expressius ab el cos.<\/p>\n<p>Treballar les nostres capacitats condicionals: la resist\u00e8ncia, la flexibilitat, la for\u00e7a i la velocitat.<\/p>\n<p>Practicar els h\u00e0bits de salut i higiene.<\/p>\n<p>&nbsp;<\/p>\n<p>Fem grups de nivells (50 nens i nenes) i internivells. Dintre del qual practiquem diferents agrupacions: individual, parella, petit grup, grangrup, internivell.<\/p>\n<p>&nbsp;<\/p>\n<p>Us deixem una mostra del treball que fem.<\/p>\n<p>&nbsp;<\/p>\n\n\t\t<style type=\"text\/css\">\n\t\t\t#gallery-1 {\n\t\t\t\tmargin: auto;\n\t\t\t}\n\t\t\t#gallery-1 .gallery-item {\n\t\t\t\tfloat: left;\n\t\t\t\tmargin-top: 10px;\n\t\t\t\ttext-align: center;\n\t\t\t\twidth: 33%;\n\t\t\t}\n\t\t\t#gallery-1 img {\n\t\t\t\tborder: 2px solid #cfcfcf;\n\t\t\t}\n\t\t\t#gallery-1 .gallery-caption {\n\t\t\t\tmargin-left: 0;\n\t\t\t}\n\t\t\t\/* see gallery_shortcode() in wp-includes\/media.php *\/\n\t\t<\/style>\n\t\t<div id='gallery-1' class='gallery galleryid-3172 gallery-columns-3 gallery-size-large'><dl class='gallery-item'>\n\t\t\t<dt class='gallery-icon landscape'>\n\t\t\t\t<a href='https:\/\/agora.xtec.cat\/ceiprieraderibes\/generacio-2006\/educacio-fisica-a-segon-cicle-2015\/attachment\/img_20151103_155041\/'><img loading=\"lazy\" decoding=\"async\" width=\"448\" height=\"336\" src=\"https:\/\/agora.xtec.cat\/ceiprieraderibes\/wp-content\/uploads\/usu901\/2015\/12\/IMG_20151103_155041.jpg\" class=\"attachment-large size-large\" alt=\"\" srcset=\"https:\/\/agora.xtec.cat\/ceiprieraderibes\/wp-content\/uploads\/usu901\/2015\/12\/IMG_20151103_155041.jpg 448w, https:\/\/agora.xtec.cat\/ceiprieraderibes\/wp-content\/uploads\/usu901\/2015\/12\/IMG_20151103_155041-300x225.jpg 300w, https:\/\/agora.xtec.cat\/ceiprieraderibes\/wp-content\/uploads\/usu901\/2015\/12\/IMG_20151103_155041-200x150.jpg 200w\" sizes=\"auto, (max-width: 448px) 100vw, 448px\" \/><\/a>\n\t\t\t<\/dt><\/dl><dl class='gallery-item'>\n\t\t\t<dt class='gallery-icon landscape'>\n\t\t\t\t<a href='https:\/\/agora.xtec.cat\/ceiprieraderibes\/generacio-2006\/educacio-fisica-a-segon-cicle-2015\/attachment\/img_20151103_155058\/'><img loading=\"lazy\" decoding=\"async\" width=\"448\" height=\"336\" src=\"https:\/\/agora.xtec.cat\/ceiprieraderibes\/wp-content\/uploads\/usu901\/2015\/12\/IMG_20151103_155058.jpg\" class=\"attachment-large size-large\" alt=\"\" srcset=\"https:\/\/agora.xtec.cat\/ceiprieraderibes\/wp-content\/uploads\/usu901\/2015\/12\/IMG_20151103_155058.jpg 448w, https:\/\/agora.xtec.cat\/ceiprieraderibes\/wp-content\/uploads\/usu901\/2015\/12\/IMG_20151103_155058-300x225.jpg 300w, https:\/\/agora.xtec.cat\/ceiprieraderibes\/wp-content\/uploads\/usu901\/2015\/12\/IMG_20151103_155058-200x150.jpg 200w\" sizes=\"auto, (max-width: 448px) 100vw, 448px\" \/><\/a>\n\t\t\t<\/dt><\/dl>\n\t\t\t<br style='clear: both' \/>\n\t\t<\/div>\n\n","protected":false},"excerpt":{"rendered":"<p>Aquest curs fem una sessi\u00f3 d&#8217;educaci\u00f3 f\u00edsica cada tres setmanes amb el treball d&#8217;h\u00e0bits de salut: la dutxa. Tamb\u00e9 fem el Dins\/Fora com a petit projecte amb un total de 9 sessions de 3,5h cada roda de projectes. En total un m\u00ednim de 5h d&#8217;educaci\u00f3&hellip;  <a href=\"https:\/\/agora.xtec.cat\/ceiprieraderibes\/generacio-2006\/educacio-fisica-a-segon-cicle-2015\/\" title=\"Read EDUCACI\u00d3 F\u00cdSICA A SEGON CICLE 2015\">Llegeix m\u00e9s\u00bb<\/a><\/p>\n","protected":false},"author":1,"featured_media":3146,"comment_status":"open","ping_status":"open","sticky":false,"template":"","format":"standard","meta":{"_bbp_topic_count":0,"_bbp_reply_count":0,"_bbp_total_topic_count":0,"_bbp_total_reply_count":0,"_bbp_voice_count":0,"_bbp_anonymous_reply_count":0,"_bbp_topic_count_hidden":0,"_bbp_reply_count_hidden":0,"_bbp_forum_subforum_count":0,"footnotes":""},"categories":[99,53,103],"tags":[],"class_list":["post-3172","post","type-post","status-publish","format-standard","has-post-thumbnail","hentry","category-els-periodistes-som-gent-del-mon","category-generacio-2006","category-plutonics"],"post_mailing_queue_ids":[],"_links":{"self":[{"href":"https:\/\/agora.xtec.cat\/ceiprieraderibes\/wp-json\/wp\/v2\/posts\/3172","targetHints":{"allow":["GET"]}}],"collection":[{"href":"https:\/\/agora.xtec.cat\/ceiprieraderibes\/wp-json\/wp\/v2\/posts"}],"about":[{"href":"https:\/\/agora.xtec.cat\/ceiprieraderibes\/wp-json\/wp\/v2\/types\/post"}],"author":[{"embeddable":true,"href":"https:\/\/agora.xtec.cat\/ceiprieraderibes\/wp-json\/wp\/v2\/users\/1"}],"replies":[{"embeddable":true,"href":"https:\/\/agora.xtec.cat\/ceiprieraderibes\/wp-json\/wp\/v2\/comments?post=3172"}],"version-history":[{"count":1,"href":"https:\/\/agora.xtec.cat\/ceiprieraderibes\/wp-json\/wp\/v2\/posts\/3172\/revisions"}],"predecessor-version":[{"id":3568,"href":"https:\/\/agora.xtec.cat\/ceiprieraderibes\/wp-json\/wp\/v2\/posts\/3172\/revisions\/3568"}],"wp:featuredmedia":[{"embeddable":true,"href":"https:\/\/agora.xtec.cat\/ceiprieraderibes\/wp-json\/wp\/v2\/media\/3146"}],"wp:attachment":[{"href":"https:\/\/agora.xtec.cat\/ceiprieraderibes\/wp-json\/wp\/v2\/media?parent=3172"}],"wp:term":[{"taxonomy":"category","embeddable":true,"href":"https:\/\/agora.xtec.cat\/ceiprieraderibes\/wp-json\/wp\/v2\/categories?post=3172"},{"taxonomy":"post_tag","embeddable":true,"href":"https:\/\/agora.xtec.cat\/ceiprieraderibes\/wp-json\/wp\/v2\/tags?post=3172"}],"curies":[{"name":"wp","href":"https:\/\/api.w.org\/{rel}","templated":true}]}}