{"id":310,"date":"2015-01-27T11:37:17","date_gmt":"2015-01-27T11:37:17","guid":{"rendered":"http:\/\/generacio2004.rieraderibes.cat\/?p=310"},"modified":"2016-05-30T17:15:52","modified_gmt":"2016-05-30T16:15:52","slug":"310","status":"publish","type":"post","link":"https:\/\/agora.xtec.cat\/ceiprieraderibes\/generacio-2004\/310\/","title":{"rendered":"Col\u00f2nies a Ripoll"},"content":{"rendered":"<p>Aquest any hem anat de col\u00f2nies a Ripoll.<br \/>\nPrimer dia<br \/>\nVam arribar a la casa de col\u00f2nies, vam con\u00e8ixer els monitors i ens van portar a les habitacions, vam fer els llits i v\u00e0rem posar la roba a l\u2019armari.<br \/>\nEns van explicar els dies que estar\u00edem de col\u00f2nies, tot el que far\u00edem&#8230;<br \/>\nEns van explicar la construcci\u00f3 dels arcs i vam muntar amb pedres i fustes un arc.<br \/>\nSegon dia<br \/>\nEl segon dia vam anar en tren fins a Ripoll. Vam visitar el monestir de Ripoll, vam fer una ruta per la ciutat seguint un itinerari i hav\u00edem de trobar quants galls hi havia amagats per la ciutat. El nom de Ripoll significa un pollet. Per tant, les plaques dels noms dels carrers tenen dibuixats una gallina i tamb\u00e9 a les tapes de les clavegueres i a molts m\u00e9s llocs.<br \/>\nA la tarda, vam fer un taller per aprendre a escriure amb ploma, va ser molt divertit.<br \/>\nTercer dia<br \/>\nVam fer un joc d\u2019orientaci\u00f3 pel poble de Planoles que \u00e9s on estava la nostra casa de col\u00f2nies. Ens vam dividir per grups i ens van donar unes br\u00faixoles i un mapa i vam haver de seguir unes pistes. Va ser molt emocionant.<br \/>\nJoc de nit<br \/>\nVam fer un concurs de talents, alguns nens feien m\u00e0gia, altres recitaven i uns altres ballaven. Va ser un fart de riure. Jo vaig fer un joc de cartes i els hi va agradar molt i vam passar una bona estona.<\/p>\n<p style=\"text-align: right\"><strong>Pol Vives, 5\u00e8 A<\/strong><\/p>\n<p style=\"text-align: left\">\n<p>&nbsp;<\/p>\n\n\t\t<style type=\"text\/css\">\n\t\t\t#gallery-1 {\n\t\t\t\tmargin: auto;\n\t\t\t}\n\t\t\t#gallery-1 .gallery-item {\n\t\t\t\tfloat: left;\n\t\t\t\tmargin-top: 10px;\n\t\t\t\ttext-align: center;\n\t\t\t\twidth: 33%;\n\t\t\t}\n\t\t\t#gallery-1 img {\n\t\t\t\tborder: 2px solid #cfcfcf;\n\t\t\t}\n\t\t\t#gallery-1 .gallery-caption {\n\t\t\t\tmargin-left: 0;\n\t\t\t}\n\t\t\t\/* see gallery_shortcode() in wp-includes\/media.php *\/\n\t\t<\/style>\n\t\t<div id='gallery-1' class='gallery galleryid-310 gallery-columns-3 gallery-size-medium'><dl class='gallery-item'>\n\t\t\t<dt class='gallery-icon landscape'>\n\t\t\t\t<a href='https:\/\/agora.xtec.cat\/ceiprieraderibes\/generacio-2004\/310\/attachment\/scriptorium\/'><img loading=\"lazy\" decoding=\"async\" width=\"300\" height=\"225\" src=\"https:\/\/agora.xtec.cat\/ceiprieraderibes\/wp-content\/uploads\/usu901\/2015\/01\/scriptorium-300x225.jpg\" class=\"attachment-medium size-medium\" alt=\"\" srcset=\"https:\/\/agora.xtec.cat\/ceiprieraderibes\/wp-content\/uploads\/usu901\/2015\/01\/scriptorium-300x225.jpg 300w, https:\/\/agora.xtec.cat\/ceiprieraderibes\/wp-content\/uploads\/usu901\/2015\/01\/scriptorium-200x150.jpg 200w, https:\/\/agora.xtec.cat\/ceiprieraderibes\/wp-content\/uploads\/usu901\/2015\/01\/scriptorium.jpg 800w\" sizes=\"auto, (max-width: 300px) 100vw, 300px\" \/><\/a>\n\t\t\t<\/dt><\/dl><dl class='gallery-item'>\n\t\t\t<dt class='gallery-icon landscape'>\n\t\t\t\t<a href='https:\/\/agora.xtec.cat\/ceiprieraderibes\/benvinguda\/attachment\/facana\/'><img loading=\"lazy\" decoding=\"async\" width=\"100\" height=\"61\" src=\"https:\/\/agora.xtec.cat\/ceiprieraderibes\/wp-content\/uploads\/usu901\/2014\/11\/fa\u00e7ana-e1416494858348.jpg\" class=\"attachment-medium size-medium\" alt=\"\" aria-describedby=\"gallery-1-311\" \/><\/a>\n\t\t\t<\/dt>\n\t\t\t\t<dd class='wp-caption-text gallery-caption' id='gallery-1-311'>\n\t\t\t\tFa\u00e7ana de l&#8217;escola Riera de Ribes\n\t\t\t\t<\/dd><\/dl>\n\t\t\t<br style='clear: both' \/>\n\t\t<\/div>\n\n<p><strong><br \/>\n<\/strong><\/p>\n","protected":false},"excerpt":{"rendered":"<p>Aquest any hem anat de col\u00f2nies a Ripoll.<br \/>\nPrimer dia<br \/>\nVam arribar a la casa de col\u00f2nies, vam con\u00e8ixer els monitors i ens van portar a les habitacions, vam fer els llits i v\u00e0rem posar la roba a l\u2019armari.<br \/>\nEns van explicar els dies que estar\u00edem de col\u00f2nies,&hellip;  <a href=\"https:\/\/agora.xtec.cat\/ceiprieraderibes\/generacio-2004\/310\/\" title=\"Read Col\u00f2nies a Ripoll\">Llegeix m\u00e9s\u00bb<\/a><\/p>\n","protected":false},"author":1,"featured_media":0,"comment_status":"open","ping_status":"open","sticky":false,"template":"","format":"standard","meta":{"_bbp_topic_count":0,"_bbp_reply_count":0,"_bbp_total_topic_count":0,"_bbp_total_reply_count":0,"_bbp_voice_count":0,"_bbp_anonymous_reply_count":0,"_bbp_topic_count_hidden":0,"_bbp_reply_count_hidden":0,"_bbp_forum_subforum_count":0,"footnotes":""},"categories":[55,77],"tags":[64],"class_list":["post-310","post","type-post","status-publish","format-standard","hentry","category-generacio-2004","category-mep-rept","tag-colonies"],"post_mailing_queue_ids":[],"_links":{"self":[{"href":"https:\/\/agora.xtec.cat\/ceiprieraderibes\/wp-json\/wp\/v2\/posts\/310","targetHints":{"allow":["GET"]}}],"collection":[{"href":"https:\/\/agora.xtec.cat\/ceiprieraderibes\/wp-json\/wp\/v2\/posts"}],"about":[{"href":"https:\/\/agora.xtec.cat\/ceiprieraderibes\/wp-json\/wp\/v2\/types\/post"}],"author":[{"embeddable":true,"href":"https:\/\/agora.xtec.cat\/ceiprieraderibes\/wp-json\/wp\/v2\/users\/1"}],"replies":[{"embeddable":true,"href":"https:\/\/agora.xtec.cat\/ceiprieraderibes\/wp-json\/wp\/v2\/comments?post=310"}],"version-history":[{"count":1,"href":"https:\/\/agora.xtec.cat\/ceiprieraderibes\/wp-json\/wp\/v2\/posts\/310\/revisions"}],"predecessor-version":[{"id":2695,"href":"https:\/\/agora.xtec.cat\/ceiprieraderibes\/wp-json\/wp\/v2\/posts\/310\/revisions\/2695"}],"wp:attachment":[{"href":"https:\/\/agora.xtec.cat\/ceiprieraderibes\/wp-json\/wp\/v2\/media?parent=310"}],"wp:term":[{"taxonomy":"category","embeddable":true,"href":"https:\/\/agora.xtec.cat\/ceiprieraderibes\/wp-json\/wp\/v2\/categories?post=310"},{"taxonomy":"post_tag","embeddable":true,"href":"https:\/\/agora.xtec.cat\/ceiprieraderibes\/wp-json\/wp\/v2\/tags?post=310"}],"curies":[{"name":"wp","href":"https:\/\/api.w.org\/{rel}","templated":true}]}}