{"id":301,"date":"2015-01-27T11:06:08","date_gmt":"2015-01-27T11:06:08","guid":{"rendered":"http:\/\/generacio2004.rieraderibes.cat\/?p=301"},"modified":"2016-05-30T17:15:52","modified_gmt":"2016-05-30T16:15:52","slug":"301","status":"publish","type":"post","link":"https:\/\/agora.xtec.cat\/ceiprieraderibes\/generacio-2004\/301\/","title":{"rendered":"Mirada de les confer\u00e8ncies segons en Nico"},"content":{"rendered":"<p><strong>Les confer\u00e8ncies<\/strong><\/p>\n<p>Una confer\u00e8ncia \u00e9s una activitat que fem a l\u2019escola i tracta de que una persona es fa experta en un tema i ens l\u2019explica a l\u2019aula. Aleshores s\u2019expressa cap els altres. Normalment, la gent tria temes que els hi agradin i que siguin interessants.<br \/>\nEs pot fer servir material de suport com per exemple un gui\u00f3, un power point, un mural etc.<br \/>\nLa confer\u00e8ncia es fa perqu\u00e8 aprenguem a expressar-nos i per acostumar-nos a parlar pels altres.<br \/>\nTamb\u00e9 es fan les confer\u00e8ncies per quan siguem grans que ens sigui m\u00e9s f\u00e0cil parlar en p\u00fablic.<br \/>\nPer fer una confer\u00e8ncia ben feta t\u2019ho has de preparar i con\u00e8ixer el tema.<br \/>\nTamb\u00e9 sense llegir te l\u2019has has d\u2019organitzar i expressar-te d\u2019una manera entenedora perqu\u00e8 no es faci avorrida.<br \/>\nPer Sant Jordi es trien les 3 millors confer\u00e8ncies de cada classe i, aquests nens, tenen l\u2019oportunitat de tornar-les a fer per\u00f2, aquesta vegada, per tota l\u2019escola. Tamb\u00e9 venen fam\u00edlies i alguns convidats.<\/p>\n<p style=\"text-align: right\"><strong>Nico Grobien, 5\u00e8 A<\/strong><\/p>\n<p><a href=\"http:\/\/agora.xtec.cat\/ceiprieraderibes\/wp-content\/uploads\/usu901\/2015\/01\/IMG_18061.jpg\"><img loading=\"lazy\" decoding=\"async\" class=\"alignnone size-medium wp-image-303\" src=\"http:\/\/agora.xtec.cat\/ceiprieraderibes\/wp-content\/uploads\/usu901\/2015\/01\/IMG_18061-300x225.jpg\" alt=\"IMG_1806\" width=\"300\" height=\"225\" \/><\/a><\/p>\n","protected":false},"excerpt":{"rendered":"<p>Les confer\u00e8ncies<br \/>\nUna confer\u00e8ncia \u00e9s una activitat que fem a l\u2019escola i tracta de que una persona es fa experta en un tema i ens l\u2019explica a l\u2019aula. Aleshores s\u2019expressa cap els altres. Normalment, la gent tria temes que els hi agradin i que siguin interessants.<br \/>\nEs&hellip;  <a href=\"https:\/\/agora.xtec.cat\/ceiprieraderibes\/generacio-2004\/301\/\" title=\"Read Mirada de les confer\u00e8ncies segons en Nico\">Llegeix m\u00e9s\u00bb<\/a><\/p>\n","protected":false},"author":1,"featured_media":0,"comment_status":"open","ping_status":"open","sticky":false,"template":"","format":"standard","meta":{"_bbp_topic_count":0,"_bbp_reply_count":0,"_bbp_total_topic_count":0,"_bbp_total_reply_count":0,"_bbp_voice_count":0,"_bbp_anonymous_reply_count":0,"_bbp_topic_count_hidden":0,"_bbp_reply_count_hidden":0,"_bbp_forum_subforum_count":0,"footnotes":""},"categories":[55,77],"tags":[82],"class_list":["post-301","post","type-post","status-publish","format-standard","hentry","category-generacio-2004","category-mep-rept","tag-conferencies"],"post_mailing_queue_ids":[],"_links":{"self":[{"href":"https:\/\/agora.xtec.cat\/ceiprieraderibes\/wp-json\/wp\/v2\/posts\/301","targetHints":{"allow":["GET"]}}],"collection":[{"href":"https:\/\/agora.xtec.cat\/ceiprieraderibes\/wp-json\/wp\/v2\/posts"}],"about":[{"href":"https:\/\/agora.xtec.cat\/ceiprieraderibes\/wp-json\/wp\/v2\/types\/post"}],"author":[{"embeddable":true,"href":"https:\/\/agora.xtec.cat\/ceiprieraderibes\/wp-json\/wp\/v2\/users\/1"}],"replies":[{"embeddable":true,"href":"https:\/\/agora.xtec.cat\/ceiprieraderibes\/wp-json\/wp\/v2\/comments?post=301"}],"version-history":[{"count":1,"href":"https:\/\/agora.xtec.cat\/ceiprieraderibes\/wp-json\/wp\/v2\/posts\/301\/revisions"}],"predecessor-version":[{"id":2697,"href":"https:\/\/agora.xtec.cat\/ceiprieraderibes\/wp-json\/wp\/v2\/posts\/301\/revisions\/2697"}],"wp:attachment":[{"href":"https:\/\/agora.xtec.cat\/ceiprieraderibes\/wp-json\/wp\/v2\/media?parent=301"}],"wp:term":[{"taxonomy":"category","embeddable":true,"href":"https:\/\/agora.xtec.cat\/ceiprieraderibes\/wp-json\/wp\/v2\/categories?post=301"},{"taxonomy":"post_tag","embeddable":true,"href":"https:\/\/agora.xtec.cat\/ceiprieraderibes\/wp-json\/wp\/v2\/tags?post=301"}],"curies":[{"name":"wp","href":"https:\/\/api.w.org\/{rel}","templated":true}]}}