{"id":2900,"date":"2016-02-29T15:30:07","date_gmt":"2016-02-29T15:30:07","guid":{"rendered":"http:\/\/generacio2005.rieraderibes.cat\/?p=445"},"modified":"2016-05-30T17:22:51","modified_gmt":"2016-05-30T16:22:51","slug":"ja-estem-preparant-cantania","status":"publish","type":"post","link":"https:\/\/agora.xtec.cat\/ceiprieraderibes\/generacio-2005\/ja-estem-preparant-cantania\/","title":{"rendered":"Ja estem preparant Cant\u00e0nia!!"},"content":{"rendered":"<p>Cant\u00e0nia \u00e9s una activitat que ofereix l&#8217;Auditori de Barcelona a totes les escoles. La paraula Cant\u00e0nia vol dir &#8220;<em>cantata contempor\u00e0nia<\/em>&#8221; i el que farem ser\u00e0 cantar.\u00a0 En guany, el t\u00edtol \u00e9s &#8220;<em>Babaua: les desventures de Mim\u00ed&#8221;<\/em> i el concert el farem el dimarts 31 de maig de 2016 a les 20h. a la sala Pau Casals de l&#8217;Auditori de Barcelona.<\/p>\n<p>Els creadors de la cantata s\u00f3n: Pere Riera com a escriptor i Jordi Dom\u00e8nech com a compositor.<\/p>\n\n\t\t<style type=\"text\/css\">\n\t\t\t#gallery-1 {\n\t\t\t\tmargin: auto;\n\t\t\t}\n\t\t\t#gallery-1 .gallery-item {\n\t\t\t\tfloat: left;\n\t\t\t\tmargin-top: 10px;\n\t\t\t\ttext-align: center;\n\t\t\t\twidth: 33%;\n\t\t\t}\n\t\t\t#gallery-1 img {\n\t\t\t\tborder: 2px solid #cfcfcf;\n\t\t\t}\n\t\t\t#gallery-1 .gallery-caption {\n\t\t\t\tmargin-left: 0;\n\t\t\t}\n\t\t\t\/* see gallery_shortcode() in wp-includes\/media.php *\/\n\t\t<\/style>\n\t\t<div id='gallery-1' class='gallery galleryid-2900 gallery-columns-3 gallery-size-thumbnail'><dl class='gallery-item'>\n\t\t\t<dt class='gallery-icon landscape'>\n\t\t\t\t<a href='https:\/\/agora.xtec.cat\/ceiprieraderibes\/8\/'><img loading=\"lazy\" decoding=\"async\" width=\"150\" height=\"150\" src=\"https:\/\/agora.xtec.cat\/ceiprieraderibes\/wp-content\/uploads\/usu901\/2015\/12\/8-150x150.jpg\" class=\"attachment-thumbnail size-thumbnail\" alt=\"\" \/><\/a>\n\t\t\t<\/dt><\/dl><dl class='gallery-item'>\n\t\t\t<dt class='gallery-icon landscape'>\n\t\t\t\t<a href='https:\/\/agora.xtec.cat\/ceiprieraderibes\/7-2\/'><img loading=\"lazy\" decoding=\"async\" width=\"150\" height=\"150\" src=\"https:\/\/agora.xtec.cat\/ceiprieraderibes\/wp-content\/uploads\/usu901\/2015\/12\/7-150x150.jpg\" class=\"attachment-thumbnail size-thumbnail\" alt=\"\" \/><\/a>\n\t\t\t<\/dt><\/dl>\n\t\t\t<br style='clear: both' \/>\n\t\t<\/div>\n\n<p>&nbsp;<\/p>\n<p>Aquest concert es far\u00e0 unes 100 vegades durant els mesos d&#8217;abril, maig i juny.\u00a0 En total uns 42.000 alumnes de\u00a0 4t, 5\u00e8 i 6\u00e8\u00a0 d&#8217;escoles de diferents indrets de Catalunya i d&#8217;altres llocs com Saragossa, Valladolid, Alemanya i B\u00e8lgica cantaran les mateixes can\u00e7ons per\u00f2 en diferents idiomes.\u00a0\u00a0 Cada vegada que es faci el concert assistiran unes 1500 persones de p\u00fablic.<\/p>\n<p>Hi ha 4 cors i nosaltres formem part del tercer, aix\u00f2 ens situa al centre de l&#8217;escenari, justament darrera dels m\u00fasics.<\/p>\n<p>La hist\u00f2ria explica que una jove que es diu Mim\u00ed busca marit.\u00a0 De sobte es troba un personatge, Cupido.\u00a0 Aquest li diu que l&#8217;ajudar\u00e0 a trobar marit si accepta fer un conjur.\u00a0 Tots dos fan un viatge per diferents indrets del m\u00f3n i trobant-se a personatges molt diversos.\u00a0 Fins que finalment arriben a l&#8217;espai i troben al Miquel, un astronauta.\u00a0 Ell \u00e9s el marit perfecte per la Mim\u00ed, per\u00f2 es troba que ell no li fa cas.\u00a0 Indignada, ella marxa.\u00a0 La Mim\u00ed passa de ser una jove presumida i materialista a ser una dona madura i responsable.<\/p>\n<p>&nbsp;<\/p>\n<p>&nbsp;<\/p>\n<p>&nbsp;<\/p>\n<p>&nbsp;<\/p>\n<p>&nbsp;<\/p>\n","protected":false},"excerpt":{"rendered":"<p>Cant\u00e0nia \u00e9s una activitat que ofereix l&#8217;Auditori de Barcelona a totes les escoles. La paraula Cant\u00e0nia vol dir &#8220;cantata contempor\u00e0nia&#8221; i el que farem ser\u00e0 cantar.\u00a0 En guany, el t\u00edtol \u00e9s &#8220;Babaua: les desventures de Mim\u00ed&#8221; i el concert el farem el dimarts 31 de&hellip;  <a href=\"https:\/\/agora.xtec.cat\/ceiprieraderibes\/generacio-2005\/ja-estem-preparant-cantania\/\" title=\"Read Ja estem preparant Cant\u00e0nia!!\">Llegeix m\u00e9s\u00bb<\/a><\/p>\n","protected":false},"author":1,"featured_media":2873,"comment_status":"open","ping_status":"open","sticky":false,"template":"","format":"standard","meta":{"_bbp_topic_count":0,"_bbp_reply_count":0,"_bbp_total_topic_count":0,"_bbp_total_reply_count":0,"_bbp_voice_count":0,"_bbp_anonymous_reply_count":0,"_bbp_topic_count_hidden":0,"_bbp_reply_count_hidden":0,"_bbp_forum_subforum_count":0,"footnotes":""},"categories":[54,97],"tags":[],"class_list":["post-2900","post","type-post","status-publish","format-standard","has-post-thumbnail","hentry","category-generacio-2005","category-nascuts-amb-estrella-per-brillar-en-el-futur"],"post_mailing_queue_ids":[],"_links":{"self":[{"href":"https:\/\/agora.xtec.cat\/ceiprieraderibes\/wp-json\/wp\/v2\/posts\/2900","targetHints":{"allow":["GET"]}}],"collection":[{"href":"https:\/\/agora.xtec.cat\/ceiprieraderibes\/wp-json\/wp\/v2\/posts"}],"about":[{"href":"https:\/\/agora.xtec.cat\/ceiprieraderibes\/wp-json\/wp\/v2\/types\/post"}],"author":[{"embeddable":true,"href":"https:\/\/agora.xtec.cat\/ceiprieraderibes\/wp-json\/wp\/v2\/users\/1"}],"replies":[{"embeddable":true,"href":"https:\/\/agora.xtec.cat\/ceiprieraderibes\/wp-json\/wp\/v2\/comments?post=2900"}],"version-history":[{"count":1,"href":"https:\/\/agora.xtec.cat\/ceiprieraderibes\/wp-json\/wp\/v2\/posts\/2900\/revisions"}],"predecessor-version":[{"id":2913,"href":"https:\/\/agora.xtec.cat\/ceiprieraderibes\/wp-json\/wp\/v2\/posts\/2900\/revisions\/2913"}],"wp:featuredmedia":[{"embeddable":true,"href":"https:\/\/agora.xtec.cat\/ceiprieraderibes\/wp-json\/wp\/v2\/media\/2873"}],"wp:attachment":[{"href":"https:\/\/agora.xtec.cat\/ceiprieraderibes\/wp-json\/wp\/v2\/media?parent=2900"}],"wp:term":[{"taxonomy":"category","embeddable":true,"href":"https:\/\/agora.xtec.cat\/ceiprieraderibes\/wp-json\/wp\/v2\/categories?post=2900"},{"taxonomy":"post_tag","embeddable":true,"href":"https:\/\/agora.xtec.cat\/ceiprieraderibes\/wp-json\/wp\/v2\/tags?post=2900"}],"curies":[{"name":"wp","href":"https:\/\/api.w.org\/{rel}","templated":true}]}}