{"id":2899,"date":"2016-02-15T15:13:59","date_gmt":"2016-02-15T15:13:59","guid":{"rendered":"http:\/\/generacio2005.rieraderibes.cat\/?p=438"},"modified":"2016-02-15T15:13:59","modified_gmt":"2016-02-15T15:13:59","slug":"carnaval","status":"publish","type":"post","link":"https:\/\/agora.xtec.cat\/ceiprieraderibes\/sin-categoria\/carnaval\/","title":{"rendered":"Carnaval"},"content":{"rendered":"<p>&nbsp;<\/p>\n<p>El tema de Carnaval d\u2019enguany a l\u2019escola ha estat \u201cCan\u00e7ons populars\u201d.\u00a0\u00a0 Els \u201cNascuts amb estrella\u201d ens hem disfressats de mosques, ja que la can\u00e7\u00f3 popular que hem triat \u00e9s la de la mosca.<br \/>\nPel vestuari vam pensar en fer diferents complements: dos tipus d\u2019ulleres, ales i bombetes.\u00a0\u00a0 Ens vam repartir per tirar en davant els models i una vegada constru\u00eft cadasc\u00fa es va fer el seu.<\/p>\n<p><a href=\"http:\/\/agora.xtec.cat\/ceiprieraderibes\/wp-content\/uploads\/usu901\/2016\/02\/ales.jpg\"><img loading=\"lazy\" decoding=\"async\" class=\"size-medium wp-image-439\" src=\"http:\/\/agora.xtec.cat\/ceiprieraderibes\/wp-content\/uploads\/usu901\/2016\/02\/ales-300x222.jpg\" alt=\"User comments\" width=\"300\" height=\"222\" \/><\/a><\/p>\n<p>Com vam triar la m\u00fasica i la coreografia?<br \/>\nUn dia ens vam ajuntar les dues classes de 5\u00e8 per triar la can\u00e7\u00f3 de carnaval i d\u2019entre diverses opcions de can\u00e7ons populars, la que vam escollir va ser la de \u201cla mosca\u201d.<br \/>\nA la seg\u00fcent trobada cinc persones de cada classe vam anar amb la mestra de m\u00fasica per analitzar les diferents parts de la pe\u00e7a mitjan\u00e7ant un musicograma i aix\u00ed crear la coreografia. Els altres companys vam pensar i dissenyar la disfressa. Despr\u00e9s d\u2019aix\u00f2, aquestes deu persones van mostrar a la resta del grup com era la coreografia i tots la vam aprendre per mostrar-la finalment el dia de la rua de carnaval a la pla\u00e7a Marcer.<br \/>\nTot aix\u00f2 va ser possible gr\u00e0cies a la confian\u00e7a que vam dipositar tots els companys.<\/p>\n","protected":false},"excerpt":{"rendered":"<p>&nbsp;<br \/>\nEl tema de Carnaval d\u2019enguany a l\u2019escola ha estat \u201cCan\u00e7ons populars\u201d.\u00a0\u00a0 Els \u201cNascuts amb estrella\u201d ens hem disfressats de mosques, ja que la can\u00e7\u00f3 popular que hem triat \u00e9s la de la mosca.<br \/>\nPel vestuari vam pensar en fer diferents complements: dos tipus d\u2019ulleres, ales i&hellip;  <a href=\"https:\/\/agora.xtec.cat\/ceiprieraderibes\/sin-categoria\/carnaval\/\" title=\"Read Carnaval\">Llegeix m\u00e9s\u00bb<\/a><\/p>\n","protected":false},"author":1,"featured_media":2871,"comment_status":"open","ping_status":"open","sticky":false,"template":"","format":"standard","meta":{"_bbp_topic_count":0,"_bbp_reply_count":0,"_bbp_total_topic_count":0,"_bbp_total_reply_count":0,"_bbp_voice_count":0,"_bbp_anonymous_reply_count":0,"_bbp_topic_count_hidden":0,"_bbp_reply_count_hidden":0,"_bbp_forum_subforum_count":0,"footnotes":""},"categories":[22],"tags":[],"class_list":["post-2899","post","type-post","status-publish","format-standard","has-post-thumbnail","hentry","category-sin-categoria"],"post_mailing_queue_ids":[],"_links":{"self":[{"href":"https:\/\/agora.xtec.cat\/ceiprieraderibes\/wp-json\/wp\/v2\/posts\/2899","targetHints":{"allow":["GET"]}}],"collection":[{"href":"https:\/\/agora.xtec.cat\/ceiprieraderibes\/wp-json\/wp\/v2\/posts"}],"about":[{"href":"https:\/\/agora.xtec.cat\/ceiprieraderibes\/wp-json\/wp\/v2\/types\/post"}],"author":[{"embeddable":true,"href":"https:\/\/agora.xtec.cat\/ceiprieraderibes\/wp-json\/wp\/v2\/users\/1"}],"replies":[{"embeddable":true,"href":"https:\/\/agora.xtec.cat\/ceiprieraderibes\/wp-json\/wp\/v2\/comments?post=2899"}],"version-history":[{"count":0,"href":"https:\/\/agora.xtec.cat\/ceiprieraderibes\/wp-json\/wp\/v2\/posts\/2899\/revisions"}],"wp:featuredmedia":[{"embeddable":true,"href":"https:\/\/agora.xtec.cat\/ceiprieraderibes\/wp-json\/wp\/v2\/media\/2871"}],"wp:attachment":[{"href":"https:\/\/agora.xtec.cat\/ceiprieraderibes\/wp-json\/wp\/v2\/media?parent=2899"}],"wp:term":[{"taxonomy":"category","embeddable":true,"href":"https:\/\/agora.xtec.cat\/ceiprieraderibes\/wp-json\/wp\/v2\/categories?post=2899"},{"taxonomy":"post_tag","embeddable":true,"href":"https:\/\/agora.xtec.cat\/ceiprieraderibes\/wp-json\/wp\/v2\/tags?post=2899"}],"curies":[{"name":"wp","href":"https:\/\/api.w.org\/{rel}","templated":true}]}}