{"id":2896,"date":"2015-12-02T09:00:18","date_gmt":"2015-12-02T09:00:18","guid":{"rendered":"http:\/\/generacio2005.rieraderibes.cat\/?p=363"},"modified":"2016-05-30T17:23:25","modified_gmt":"2016-05-30T16:23:25","slug":"perque-ens-diem-nascuts-amb-estrella","status":"publish","type":"post","link":"https:\/\/agora.xtec.cat\/ceiprieraderibes\/generacio-2005\/perque-ens-diem-nascuts-amb-estrella\/","title":{"rendered":"Perqu\u00e8 ens diem Nascuts amb estrella?"},"content":{"rendered":"<p>Aquest any hem pensat triar un nom en com\u00fa els dos cinqu\u00e8s .<br \/>\nVam creure el que ens unia era haver nascut l\u2019any 2005. Aix\u00ed que vam comen\u00e7ar a buscar noticies d\u00b4aquell any.<br \/>\nEntre moltes vam trobar una que explicava que el dia tres d\u2019octubre hi havia hagut un eclipsi solar anular i que trigaria molts anys a repetir-se.<br \/>\nCom que el sol \u00e9s l\u00b4estrella m\u00e9s gran de la gal\u00e0xia i el fet trigar\u00e0 en tornar a succeir vam pensar en aquest nom \u201cNascuts amb estrella. Per brillar en el futur\u201d. D\u2019aquesta manera nosaltres ens veiem reflectits en aquesta imatge perqu\u00e8 el que volem \u00e9s brillar! Perqu\u00e8 tots tenim una estrella dins que ens far\u00e0 tenir \u00e8xit.<\/p>\n","protected":false},"excerpt":{"rendered":"<p>Aquest any hem pensat triar un nom en com\u00fa els dos cinqu\u00e8s .<br \/>\nVam creure el que ens unia era haver nascut l\u2019any 2005. Aix\u00ed que vam comen\u00e7ar a buscar noticies d\u00b4aquell any.<br \/>\nEntre moltes vam trobar una que explicava que el dia tres d\u2019octubre hi havia&hellip;  <a href=\"https:\/\/agora.xtec.cat\/ceiprieraderibes\/generacio-2005\/perque-ens-diem-nascuts-amb-estrella\/\" title=\"Read Perqu\u00e8 ens diem Nascuts amb estrella?\">Llegeix m\u00e9s\u00bb<\/a><\/p>\n","protected":false},"author":1,"featured_media":2818,"comment_status":"open","ping_status":"open","sticky":false,"template":"","format":"standard","meta":{"_bbp_topic_count":0,"_bbp_reply_count":0,"_bbp_total_topic_count":0,"_bbp_total_reply_count":0,"_bbp_voice_count":0,"_bbp_anonymous_reply_count":0,"_bbp_topic_count_hidden":0,"_bbp_reply_count_hidden":0,"_bbp_forum_subforum_count":0,"footnotes":""},"categories":[54,97],"tags":[],"class_list":["post-2896","post","type-post","status-publish","format-standard","has-post-thumbnail","hentry","category-generacio-2005","category-nascuts-amb-estrella-per-brillar-en-el-futur"],"post_mailing_queue_ids":[],"_links":{"self":[{"href":"https:\/\/agora.xtec.cat\/ceiprieraderibes\/wp-json\/wp\/v2\/posts\/2896","targetHints":{"allow":["GET"]}}],"collection":[{"href":"https:\/\/agora.xtec.cat\/ceiprieraderibes\/wp-json\/wp\/v2\/posts"}],"about":[{"href":"https:\/\/agora.xtec.cat\/ceiprieraderibes\/wp-json\/wp\/v2\/types\/post"}],"author":[{"embeddable":true,"href":"https:\/\/agora.xtec.cat\/ceiprieraderibes\/wp-json\/wp\/v2\/users\/1"}],"replies":[{"embeddable":true,"href":"https:\/\/agora.xtec.cat\/ceiprieraderibes\/wp-json\/wp\/v2\/comments?post=2896"}],"version-history":[{"count":1,"href":"https:\/\/agora.xtec.cat\/ceiprieraderibes\/wp-json\/wp\/v2\/posts\/2896\/revisions"}],"predecessor-version":[{"id":2916,"href":"https:\/\/agora.xtec.cat\/ceiprieraderibes\/wp-json\/wp\/v2\/posts\/2896\/revisions\/2916"}],"wp:featuredmedia":[{"embeddable":true,"href":"https:\/\/agora.xtec.cat\/ceiprieraderibes\/wp-json\/wp\/v2\/media\/2818"}],"wp:attachment":[{"href":"https:\/\/agora.xtec.cat\/ceiprieraderibes\/wp-json\/wp\/v2\/media?parent=2896"}],"wp:term":[{"taxonomy":"category","embeddable":true,"href":"https:\/\/agora.xtec.cat\/ceiprieraderibes\/wp-json\/wp\/v2\/categories?post=2896"},{"taxonomy":"post_tag","embeddable":true,"href":"https:\/\/agora.xtec.cat\/ceiprieraderibes\/wp-json\/wp\/v2\/tags?post=2896"}],"curies":[{"name":"wp","href":"https:\/\/api.w.org\/{rel}","templated":true}]}}