{"id":2893,"date":"2015-01-19T11:39:57","date_gmt":"2015-01-19T11:39:57","guid":{"rendered":"http:\/\/generacio2005.rieraderibes.cat\/?p=186"},"modified":"2015-01-19T11:39:57","modified_gmt":"2015-01-19T11:39:57","slug":"raco-de-periodistes-2","status":"publish","type":"post","link":"https:\/\/agora.xtec.cat\/ceiprieraderibes\/sin-categoria\/raco-de-periodistes-2\/","title":{"rendered":"Rac\u00f3 de periodistes"},"content":{"rendered":"<h1 style=\"text-align: left;\">ENTREVISTES D&#8217; HOQUEI<\/h1>\n<p>ROGER . A : L\u2019 hoquei per en Roger, \u00e9s molt important perqu\u00e8 \u00e9s divertit. Li agrada molt jugar amb els seus companys. El que li fa feli\u00e7 \u00e9s marcar gols i patinar.<br \/>\nFa cinc anys que juga i encara segueix patinant.<br \/>\nQuant fa de davanter se sent lliure. En Roger juga 2 dos dies i un partit.<br \/>\nEl Roger es de l\u2019 hoquei Ribes<\/p>\n<p><a href=\"http:\/\/generacio2003.rieraderibes.cat\/wp-content\/uploads\/sites\/9\/2015\/01\/DSCN2967.jpg\"><img loading=\"lazy\" decoding=\"async\" class=\"  wp-image-266 aligncenter\" src=\"http:\/\/generacio2003.rieraderibes.cat\/wp-content\/uploads\/sites\/9\/2015\/01\/DSCN2967-300x225.jpg\" alt=\"DSCN2967\" width=\"215\" height=\"161\" \/><\/a><\/p>\n<p>JOAN C:L\u2019 hoquei per en Joan \u00e9s com la seva vida perqu\u00e8 va comen\u00e7a des de petit. El que m\u00e9s li agrada de l\u2019hoquei es quan fan jocs i festes.<br \/>\nJuga de davanter i alguna vegada de defensa.<br \/>\nPatina des dels quatre anys<br \/>\nEntrena dos dies a la setmana i un partit.<br \/>\nEl Joan \u00e9s de l\u2019 hoquei Ribes<\/p>\n<p><a href=\"http:\/\/generacio2003.rieraderibes.cat\/wp-content\/uploads\/sites\/9\/2015\/01\/DSCN29684.jpg\"><img loading=\"lazy\" decoding=\"async\" class=\"  wp-image-284 aligncenter\" src=\"http:\/\/generacio2003.rieraderibes.cat\/wp-content\/uploads\/sites\/9\/2015\/01\/DSCN29684-300x225.jpg\" alt=\"DSCN2968\" width=\"201\" height=\"151\" \/><\/a><\/p>\n<p style=\"text-align: left;\">\u00a0N\u00c8STOR: Al N\u00e8stor li agrada l\u2019 hoquei perqu\u00e8 \u00e9s un esport molt divertit.<br \/>\nLi agrada fer de porter perqu\u00e8 est\u00e0 assegut parant pilotes. Fa tres anys que juga i va comen\u00e7ar a P5.<br \/>\nSe sent amb ganes de jugar i de guanyar.El N\u00e8stor juga tres dies a la setmana<br \/>\nEl N\u00e8stor \u00e9s de l\u2019 hoquei Ribes<\/p>\n<p><a href=\"http:\/\/generacio2003.rieraderibes.cat\/wp-content\/uploads\/sites\/9\/2015\/01\/DSCN2969.jpg\"><img loading=\"lazy\" decoding=\"async\" class=\"  wp-image-278 aligncenter\" src=\"http:\/\/generacio2003.rieraderibes.cat\/wp-content\/uploads\/sites\/9\/2015\/01\/DSCN2969-300x225.jpg\" alt=\"DSCN2969\" width=\"198\" height=\"148\" \/><\/a><\/p>\n<p>&nbsp;<\/p>\n<p>GERARD: Per en Gerard \u00e9s un esport molt divertit Perqu\u00e8 xuta, va r\u00e0pid, patina&#8230;<br \/>\nJuga de defensa i , a vegades, tamb\u00e9 de davanter.<br \/>\nJa fa dos anys que juga a hoquei. Quant juga se sent alegre. Juga molt sovint el Gerard \u00e9s de l\u2019 hoquei Ribes amb en N\u00e8stor.<\/p>\n<p><a href=\"http:\/\/generacio2003.rieraderibes.cat\/wp-content\/uploads\/sites\/9\/2015\/01\/DSCN2970.jpg\"><img loading=\"lazy\" decoding=\"async\" class=\"  wp-image-279 aligncenter\" src=\"http:\/\/generacio2003.rieraderibes.cat\/wp-content\/uploads\/sites\/9\/2015\/01\/DSCN2970-300x225.jpg\" alt=\"DSCN2970\" width=\"249\" height=\"186\" \/><\/a><\/p>\n<p>&nbsp;<\/p>\n<p>CARLOS: Juga a l\u2019 hoquei, \u00e9s divertit i s\u2019ho passa molt b\u00e9.<br \/>\nLi agrada xutar i patinar i fa de defensa.<br \/>\nSe sent amb ganes de jugar i guanyar.<br \/>\nJuga dos dies a la setmana.<br \/>\nEl Carlos \u00e9s de l\u2019 hoquei Ribes<br \/>\n<a href=\"http:\/\/generacio2003.rieraderibes.cat\/wp-content\/uploads\/sites\/9\/2015\/01\/DSCN2971.jpg\"><img loading=\"lazy\" decoding=\"async\" class=\"  wp-image-280 aligncenter\" src=\"http:\/\/generacio2003.rieraderibes.cat\/wp-content\/uploads\/sites\/9\/2015\/01\/DSCN2971-300x225.jpg\" alt=\"DSCN2971\" width=\"216\" height=\"162\" \/><\/a><\/p>\n<p>&nbsp;<\/p>\n<p>BIEL .P :En Biel s\u2019ho passa genial jugant a hoquei perqu\u00e8 juga amb els seus amics.<br \/>\nLi agrada passar la bola, xutar, patinar&#8230;Juga de defensa i juga bastant sovint.<br \/>\nFa dos anys que juga.<br \/>\nEl Biel es de l\u2019Hoquei Ribes.<\/p>\n<p><a href=\"http:\/\/generacio2003.rieraderibes.cat\/wp-content\/uploads\/sites\/9\/2015\/01\/DSCN29721.jpg\"><img loading=\"lazy\" decoding=\"async\" class=\"  wp-image-282 aligncenter\" src=\"http:\/\/generacio2003.rieraderibes.cat\/wp-content\/uploads\/sites\/9\/2015\/01\/DSCN29721-300x225.jpg\" alt=\"DSCN2972\" width=\"208\" height=\"156\" \/><\/a><\/p>\n","protected":false},"excerpt":{"rendered":"<p>ENTREVISTES D&#8217; HOQUEI<br \/>\nROGER . A : L\u2019 hoquei per en Roger, \u00e9s molt important perqu\u00e8 \u00e9s divertit. Li agrada molt jugar amb els seus companys. El que li fa feli\u00e7 \u00e9s marcar gols i patinar.<br \/>\nFa cinc anys que juga i encara segueix patinant.<br \/>\nQuant fa de&hellip;  <a href=\"https:\/\/agora.xtec.cat\/ceiprieraderibes\/sin-categoria\/raco-de-periodistes-2\/\" title=\"Read Rac\u00f3 de periodistes\">Llegeix m\u00e9s\u00bb<\/a><\/p>\n","protected":false},"author":1,"featured_media":0,"comment_status":"open","ping_status":"open","sticky":false,"template":"","format":"standard","meta":{"_bbp_topic_count":0,"_bbp_reply_count":0,"_bbp_total_topic_count":0,"_bbp_total_reply_count":0,"_bbp_voice_count":0,"_bbp_anonymous_reply_count":0,"_bbp_topic_count_hidden":0,"_bbp_reply_count_hidden":0,"_bbp_forum_subforum_count":0,"footnotes":""},"categories":[22],"tags":[],"class_list":["post-2893","post","type-post","status-publish","format-standard","hentry","category-sin-categoria"],"post_mailing_queue_ids":[],"_links":{"self":[{"href":"https:\/\/agora.xtec.cat\/ceiprieraderibes\/wp-json\/wp\/v2\/posts\/2893","targetHints":{"allow":["GET"]}}],"collection":[{"href":"https:\/\/agora.xtec.cat\/ceiprieraderibes\/wp-json\/wp\/v2\/posts"}],"about":[{"href":"https:\/\/agora.xtec.cat\/ceiprieraderibes\/wp-json\/wp\/v2\/types\/post"}],"author":[{"embeddable":true,"href":"https:\/\/agora.xtec.cat\/ceiprieraderibes\/wp-json\/wp\/v2\/users\/1"}],"replies":[{"embeddable":true,"href":"https:\/\/agora.xtec.cat\/ceiprieraderibes\/wp-json\/wp\/v2\/comments?post=2893"}],"version-history":[{"count":0,"href":"https:\/\/agora.xtec.cat\/ceiprieraderibes\/wp-json\/wp\/v2\/posts\/2893\/revisions"}],"wp:attachment":[{"href":"https:\/\/agora.xtec.cat\/ceiprieraderibes\/wp-json\/wp\/v2\/media?parent=2893"}],"wp:term":[{"taxonomy":"category","embeddable":true,"href":"https:\/\/agora.xtec.cat\/ceiprieraderibes\/wp-json\/wp\/v2\/categories?post=2893"},{"taxonomy":"post_tag","embeddable":true,"href":"https:\/\/agora.xtec.cat\/ceiprieraderibes\/wp-json\/wp\/v2\/tags?post=2893"}],"curies":[{"name":"wp","href":"https:\/\/api.w.org\/{rel}","templated":true}]}}