{"id":2674,"date":"2015-02-27T15:42:00","date_gmt":"2015-02-27T15:42:00","guid":{"rendered":"http:\/\/generacio2004.rieraderibes.cat\/?p=481"},"modified":"2015-02-27T15:42:00","modified_gmt":"2015-02-27T15:42:00","slug":"conferencia-les-malalties-infeccioses","status":"publish","type":"post","link":"https:\/\/agora.xtec.cat\/ceiprieraderibes\/sin-categoria\/conferencia-les-malalties-infeccioses\/","title":{"rendered":"Confer\u00e8ncia: Les malalties infeccioses"},"content":{"rendered":"<p>Avui en Roger ens ha fet una confer\u00e8ncia molt interessant sobre el tema de les malalties infeccioses. Aqu\u00ed us adjunto la seva presentaci\u00f3 per poder fer l&#8217;esquema.<\/p>\n<p>&nbsp;<\/p>\n<p><a href=\"http:\/\/agora.xtec.cat\/ceiprieraderibes\/wp-content\/uploads\/usu901\/2015\/02\/20150227Confer\u00e8ncia-Malalties-Infeccioses.pdf\">20150227Confer\u00e8ncia Malalties Infeccioses<\/a><\/p>\n","protected":false},"excerpt":{"rendered":"<p>Avui en Roger ens ha fet una confer\u00e8ncia molt interessant sobre el tema de les malalties infeccioses. Aqu\u00ed us adjunto la seva presentaci\u00f3 per poder fer l&#8217;esquema.<br \/>\n&nbsp;<br \/>\n<a href=\"http:\/\/agora.xtec.cat\/ceiprieraderibes\/wp-content\/uploads\/usu901\/2015\/02\/20150227Confer\u00e8ncia-Malalties-Infeccioses.pdf\">20150227Confer\u00e8ncia Malalties Infeccioses<\/a><\/p>\n","protected":false},"author":1,"featured_media":0,"comment_status":"open","ping_status":"open","sticky":false,"template":"","format":"standard","meta":{"_bbp_topic_count":0,"_bbp_reply_count":0,"_bbp_total_topic_count":0,"_bbp_total_reply_count":0,"_bbp_voice_count":0,"_bbp_anonymous_reply_count":0,"_bbp_topic_count_hidden":0,"_bbp_reply_count_hidden":0,"_bbp_forum_subforum_count":0,"footnotes":""},"categories":[22],"tags":[],"class_list":["post-2674","post","type-post","status-publish","format-standard","hentry","category-sin-categoria"],"post_mailing_queue_ids":[],"_links":{"self":[{"href":"https:\/\/agora.xtec.cat\/ceiprieraderibes\/wp-json\/wp\/v2\/posts\/2674","targetHints":{"allow":["GET"]}}],"collection":[{"href":"https:\/\/agora.xtec.cat\/ceiprieraderibes\/wp-json\/wp\/v2\/posts"}],"about":[{"href":"https:\/\/agora.xtec.cat\/ceiprieraderibes\/wp-json\/wp\/v2\/types\/post"}],"author":[{"embeddable":true,"href":"https:\/\/agora.xtec.cat\/ceiprieraderibes\/wp-json\/wp\/v2\/users\/1"}],"replies":[{"embeddable":true,"href":"https:\/\/agora.xtec.cat\/ceiprieraderibes\/wp-json\/wp\/v2\/comments?post=2674"}],"version-history":[{"count":0,"href":"https:\/\/agora.xtec.cat\/ceiprieraderibes\/wp-json\/wp\/v2\/posts\/2674\/revisions"}],"wp:attachment":[{"href":"https:\/\/agora.xtec.cat\/ceiprieraderibes\/wp-json\/wp\/v2\/media?parent=2674"}],"wp:term":[{"taxonomy":"category","embeddable":true,"href":"https:\/\/agora.xtec.cat\/ceiprieraderibes\/wp-json\/wp\/v2\/categories?post=2674"},{"taxonomy":"post_tag","embeddable":true,"href":"https:\/\/agora.xtec.cat\/ceiprieraderibes\/wp-json\/wp\/v2\/tags?post=2674"}],"curies":[{"name":"wp","href":"https:\/\/api.w.org\/{rel}","templated":true}]}}